{"id":1263203,"date":"2026-08-27T04:12:21","date_gmt":"2026-08-27T04:12:21","guid":{"rendered":"https:\/\/www.europesays.com\/de\/1263203\/"},"modified":"2026-08-27T04:12:21","modified_gmt":"2026-08-27T04:12:21","slug":"duesseldorf-handwerk-und-handel-in-angermund-oeffnet-sich","status":"publish","type":"post","link":"https:\/\/www.europesays.com\/de\/1263203\/","title":{"rendered":"D\u00fcsseldorf: Handwerk und Handel in Angermund \u00f6ffnet sich"},"content":{"rendered":"<p class=\"text_ohne_einzug richtext text-em-55 !leading-serif mx-6 desktop:mx-0\"> Thomas Schnalke ist seit einigen Wochen der neue erste Vorsitzende des Angermunder Vereins Handwerk und Handel. Nach dem Tod des langj\u00e4hrigen Vorsitzenden Ferdi Wolff hatte der Verein z\u00fcgig zu einer au\u00dferordentlichen Mitgliederversammlung eingeladen \u2013 um einen Nachfolger zu w\u00e4hlen, aber auch, um eine grundlegende Neuausrichtung zu beschlie\u00dfen.<\/p>\n<p class=\"richtext text-em-55 !leading-serif mx-6 desktop:mx-0\">Diese Neuausrichtung soll sich k\u00fcnftig auch im Namen widerspiegeln: Einstimmig beschlossen die anwesenden Mitglieder, den Verein in \u201eMein Angermund\u201c umzubenennen. \u201eEs ist uns wichtig, dass sich die Neuausrichtung auch im Namen zeigt\u201c, sagt Schnalke. Dahinter steckt ein programmatischer Wandel: Aus der bisherigen Interessengemeinschaft f\u00fcr Kaufleute und Handwerksbetriebe soll ein gemeinn\u00fctziger B\u00fcrgerverein f\u00fcr alle Angermunder werden \u2013 die lokale Wirtschaft eingeschlossen. Die Eintragung der Namens\u00e4nderung ist beantragt, aber noch nicht abgeschlossen.<\/p>\n<p class=\"richtext text-em-55 !leading-serif mx-6 desktop:mx-0\">\u201eWir \u2013 also der gesamte Vorstand \u2013 versprechen uns gro\u00dfes Potenzial von der Wandlung zu einem B\u00fcrgerverein: mehr Sichtbarkeit des Vereins im Ort, aber auch mehr Sichtbarkeit f\u00fcr Angermund in den politischen Gremien\u201c, sagt Schnalke. Die Hoffnung sei gro\u00df, dass sich dadurch mehr Angermunder f\u00fcr eine Mitgliedschaft interessieren. \u201eWir freuen uns \u00fcber jeden, der uns unterst\u00fctzen m\u00f6chte \u2013 finanziell wie durch Tatendrang.\u201c<\/p>\n<p class=\"richtext text-em-55 !leading-serif mx-6 desktop:mx-0\">Schnalke selbst ist kein geb\u00fcrtiger Angermunder, lebt aber seit 25 Jahren im Ort und freut sich \u00fcber seine neue Aufgabe. \u201eIch lebe sehr gerne hier, und mir liegt es am Herzen, Projekte wie zum Beispiel die neue Mitte f\u00fcr Angermund mitzugestalten und uns B\u00fcrgern in der Politik eine Stimme zu geben.\u201c Weitere anstehende Themen im Ort sind neben der Bebauung Am Fettpott der RRX-Ausbau in den kommenden Jahren. Wenn Schnalke in die Zukunft schaut, w\u00fcrde er sich \u00fcber zwei Dinge sehr freuen: neben dem bekannten und lieb gewonnenen Nikolausmarkt auch mal ein richtiges Dorffest zu feiern und eine gelungene Mitte.<\/p>\n<p class=\"richtext text-em-55 !leading-serif mx-6 desktop:mx-0\">Ein erstes Auftreten des Vereins unter neuem Namen ist bereits f\u00fcr Mitte September geplant, um Neuausrichtung und Umbenennung in der \u00d6ffentlichkeit bekannt zu machen. Wer bereits jetzt Interesse an einer Mitgliedschaft hat, kann diese auf der Homepage des Vereins <a href=\"https:\/\/www.handwerk-und-handel.com\/\" target=\"_blank\" rel=\"nofollow noopener\">https:\/\/www.handwerk-und-handel.com <\/a>beantragen. Der Beitrag bel\u00e4uft sich f\u00fcr B\u00fcrger auf 60 Euro pro Jahr, f\u00fcr Gewerbetreibende auf 120 Euro pro Jahr. Zudem ist es online m\u00f6glich, sich f\u00fcr die Teilnahme am Nikolausmarkt am 28. November anzumelden.<\/p>\n","protected":false},"excerpt":{"rendered":"Thomas Schnalke ist seit einigen Wochen der neue erste Vorsitzende des Angermunder Vereins Handwerk und Handel. Nach dem&hellip;\n","protected":false},"author":2,"featured_media":1263204,"comment_status":"","ping_status":"","sticky":false,"template":"","format":"standard","meta":{"footnotes":"","_share_on_mastodon":"0"},"categories":[1831],"tags":[13187,95115,12612,68422,3364,29,3405,129973,30,617,26944,93231,51058,1209,261099,3259,10434,17660,12075],"class_list":["post-1263203","post","type-post","status-publish","format-standard","has-post-thumbnail","category-duesseldorf","tag-angermund","tag-angermunder","tag-buerger","tag-buergerverein","tag-de","tag-deutschland","tag-duesseldorf","tag-ferdi","tag-germany","tag-handwerk","tag-handwerksbetriebe","tag-lebe","tag-neuausrichtung","tag-nordrhein-westfalen","tag-thomas-schnalke","tag-tod","tag-verein","tag-vereinsleben","tag-wolff"],"share_on_mastodon":{"url":"https:\/\/pubeurope.com\/@de\/117165526003851541","error":""},"_links":{"self":[{"href":"https:\/\/www.europesays.com\/de\/wp-json\/wp\/v2\/posts\/1263203","targetHints":{"allow":["GET"]}}],"collection":[{"href":"https:\/\/www.europesays.com\/de\/wp-json\/wp\/v2\/posts"}],"about":[{"href":"https:\/\/www.europesays.com\/de\/wp-json\/wp\/v2\/types\/post"}],"author":[{"embeddable":true,"href":"https:\/\/www.europesays.com\/de\/wp-json\/wp\/v2\/users\/2"}],"replies":[{"embeddable":true,"href":"https:\/\/www.europesays.com\/de\/wp-json\/wp\/v2\/comments?post=1263203"}],"version-history":[{"count":0,"href":"https:\/\/www.europesays.com\/de\/wp-json\/wp\/v2\/posts\/1263203\/revisions"}],"wp:featuredmedia":[{"embeddable":true,"href":"https:\/\/www.europesays.com\/de\/wp-json\/wp\/v2\/media\/1263204"}],"wp:attachment":[{"href":"https:\/\/www.europesays.com\/de\/wp-json\/wp\/v2\/media?parent=1263203"}],"wp:term":[{"taxonomy":"category","embeddable":true,"href":"https:\/\/www.europesays.com\/de\/wp-json\/wp\/v2\/categories?post=1263203"},{"taxonomy":"post_tag","embeddable":true,"href":"https:\/\/www.europesays.com\/de\/wp-json\/wp\/v2\/tags?post=1263203"}],"curies":[{"name":"wp","href":"https:\/\/api.w.org\/{rel}","templated":true}]}}