{"id":1263343,"date":"2026-08-27T05:45:24","date_gmt":"2026-08-27T05:45:24","guid":{"rendered":"https:\/\/www.europesays.com\/de\/1263343\/"},"modified":"2026-08-27T05:45:24","modified_gmt":"2026-08-27T05:45:24","slug":"fortuna-duesseldorf-geheimniskraemerei-um-das-tor-sport","status":"publish","type":"post","link":"https:\/\/www.europesays.com\/de\/1263343\/","title":{"rendered":"Fortuna D\u00fcsseldorf: Geheimniskr\u00e4merei um das Tor | Sport"},"content":{"rendered":"<p><a class=\"skip-content skip-content--link\" href=\"#in-content-skip-link-target-v-0-0\">TTS-Player \u00fcberspringen\u21b5<\/a><a id=\"in-content-skip-link-target-v-0-0\" class=\"skip-content--target-link-hidden skip-content skip-content--target-link\" href=\"#in-content-skip-link-target-v-0-0\">Artikel weiterlesen<\/a><\/p>\n<p data-21134c99=\"0-2288\"><b>Alexander Ende (46) l\u00e4sst sich nicht in die Karten schauen, wer Freitag im D\u00fcsseldorfer Tor steht, wenn der VfB Stuttgart II (19 Uhr\/live MagentaSport) kommt. Rund 25.000 Zuschauer werden zum dritten Heimspiel in Folge erwartet und wollen endlich den ersten Sieg der Saison nach dem Abstieg feiern.<\/b><\/p>\n<p data-21134c99=\"0-2288\">Nur wer steht dabei im Tor? Fortunas Trainer h\u00e4lt sich bedeckt: \u201eIntern wissen die Jungs Bescheid, wie wir ins Rennen gehen. Es war vorab schon besprochen.\u201c Ob Lasse Rie\u00df (24) wieder in die Kiste zur\u00fcckkehrt oder nach seinem Pokal-Einsatz Louis Lord (22) gegen den VfB II spielt, verr\u00e4t Ende nicht: \u201eVorab m\u00f6chte ich keine Personalien bekanntgeben. Es kann f\u00fcr einen Gegner einen Unterschied machen, wenn er sich auf das ein oder andere Profil vorbereiten kann.\u201c<\/p>\n<p>Interne Studie zu Rie\u00df-Leistungen<\/p>\n<p data-21134c99=\"0-2288\">Stattdessen gibt es eine Geheimniskr\u00e4merei. Dabei k\u00f6nnte Ende die aufgekommene Diskussion um das Fortuna-Tor stoppen. Rie\u00df stand die beiden ersten Spiele in der 3. Liga im Tor. Beim 1:2 zum Start in Mannheim sah er beim 0:1 nicht gut aus. Das Ding ging auf seine Kappe. Beim 0:2 gegen Hoffenheim II wirkte er nicht sonderlich souver\u00e4n \u2013 die meisten seiner Kollegen auf dem Feld freilich noch weniger.<\/p>\n<p><img decoding=\"async\" width=\"992\" height=\"558\" alt=\"Louis Lord (22) bei seinem Fortuna-Deb\u00fct im Pokal\" loading=\"lazy\" src=\"https:\/\/www.europesays.com\/de\/wp-content\/uploads\/2026\/08\/0bfa37b862a36206f63cb7be4d90359c,4bfc3535.jpeg\"   class=\"landscape\"\/><\/p>\n<p class=\"fig__caption__text\">Louis Lord (22) bei seinem Fortuna-Deb\u00fct im Pokal<\/p>\n<p>Foto: picture alliance\/SVEN SIMON<\/p>\n<p data-21134c99=\"0-2288\">Lord kam im Pokal gegen starke Freiburger ins Tor. Das war so zuvor abgesprochen zum Saisonstart und hatte nichts mit den Leistungen des Kollegen zu tun. Aber Lord hatte gen\u00fcgend Gelegenheiten, gegen den \u00fcberm\u00e4chtigen Bundesligisten zu gl\u00e4nzen. Aber: Am Ende stand es 1:5. Und mit Ball am Fu\u00df sah er nicht wirklich souver\u00e4n aus.<\/p>\n<p data-21134c99=\"0-2288\">Doch viele Fans setzen jetzt auf Lord, der aus Aue kam und einen Vertrag bis 2028 hat. W\u00e4hrend Rie\u00df ohne Kaufoption von Mainz ausgeliehen ist. BILD wei\u00df: In einer Studie eines erfahrenen Torwart-Fachmanns, die Fortuna vorliegt, ist zu ersehen, dass ihm bis auf den Bock in Mannheim nicht viel vorzuwerfen ist. Wechselt Ende jetzt trotzdem seinen Torwart auch in der Liga, w\u00e4re Rie\u00df schon fast verbrannt f\u00fcr den Rest der Saison.<\/p>\n<p>Mehr zum Thema<\/p>\n<p data-21134c99=\"0-2288\">\u00dcber Rie\u00df hatte der Trainer nach dem ersten Saisonspiel noch gesagt: \u201eLasse ist als Nummer\u00a01 in die Saison gegangen. Ich bin kein Trainer, der wild wird. Es geht darum, dem Spieler Vertrauen zu schenken. Gerade auf wichtigen Positionen.\u201c Schwer vorstellbar, dass Ende diesen Weg nach nur zwei Ligaspielen schon verl\u00e4sst.<\/p>\n","protected":false},"excerpt":{"rendered":"TTS-Player \u00fcberspringen\u21b5Artikel weiterlesen Alexander Ende (46) l\u00e4sst sich nicht in die Karten schauen, wer Freitag im D\u00fcsseldorfer Tor&hellip;\n","protected":false},"author":2,"featured_media":1263344,"comment_status":"","ping_status":"","sticky":false,"template":"","format":"standard","meta":{"footnotes":"","_share_on_mastodon":"0"},"categories":[1831],"tags":[13054,5876,3364,29,996,3405,3132,347,30,16484,1209,819,15437],"class_list":["post-1263343","post","type-post","status-publish","format-standard","has-post-thumbnail","category-duesseldorf","tag-abstieg","tag-aufstieg","tag-de","tag-deutschland","tag-dritte-liga","tag-duesseldorf","tag-fortuna-duesseldorf","tag-fussball","tag-germany","tag-joerg-zschoche","tag-nordrhein-westfalen","tag-sport-leuchtturm-essen","tag-vfb-stuttgart-ii"],"share_on_mastodon":{"url":"https:\/\/pubeurope.com\/@de\/117165893305099837","error":""},"_links":{"self":[{"href":"https:\/\/www.europesays.com\/de\/wp-json\/wp\/v2\/posts\/1263343","targetHints":{"allow":["GET"]}}],"collection":[{"href":"https:\/\/www.europesays.com\/de\/wp-json\/wp\/v2\/posts"}],"about":[{"href":"https:\/\/www.europesays.com\/de\/wp-json\/wp\/v2\/types\/post"}],"author":[{"embeddable":true,"href":"https:\/\/www.europesays.com\/de\/wp-json\/wp\/v2\/users\/2"}],"replies":[{"embeddable":true,"href":"https:\/\/www.europesays.com\/de\/wp-json\/wp\/v2\/comments?post=1263343"}],"version-history":[{"count":0,"href":"https:\/\/www.europesays.com\/de\/wp-json\/wp\/v2\/posts\/1263343\/revisions"}],"wp:featuredmedia":[{"embeddable":true,"href":"https:\/\/www.europesays.com\/de\/wp-json\/wp\/v2\/media\/1263344"}],"wp:attachment":[{"href":"https:\/\/www.europesays.com\/de\/wp-json\/wp\/v2\/media?parent=1263343"}],"wp:term":[{"taxonomy":"category","embeddable":true,"href":"https:\/\/www.europesays.com\/de\/wp-json\/wp\/v2\/categories?post=1263343"},{"taxonomy":"post_tag","embeddable":true,"href":"https:\/\/www.europesays.com\/de\/wp-json\/wp\/v2\/tags?post=1263343"}],"curies":[{"name":"wp","href":"https:\/\/api.w.org\/{rel}","templated":true}]}}