{"id":1263353,"date":"2026-08-27T05:52:17","date_gmt":"2026-08-27T05:52:17","guid":{"rendered":"https:\/\/www.europesays.com\/de\/1263353\/"},"modified":"2026-08-27T05:52:17","modified_gmt":"2026-08-27T05:52:17","slug":"deutsche-bahn-zugstrecke-in-koeln-teils-gesperrt-komplettausfaelle-drohen","status":"publish","type":"post","link":"https:\/\/www.europesays.com\/de\/1263353\/","title":{"rendered":"Deutsche Bahn: Zugstrecke in K\u00f6ln teils gesperrt \u2013 Komplettausf\u00e4lle drohen"},"content":{"rendered":"<p>Ausf\u00e4lle und Versp\u00e4tungen <\/p>\n<p>St\u00f6rung legt Bahnverkehr in K\u00f6ln lahm \u2013 Hauptbahnhof betroffen<\/p>\n<p>27.08.2026 &#8211; 07:46 UhrLesedauer: 2 Min.<\/p>\n<p><a href=\"#focus-0\" class=\"transition-colors block text-current relative\" data-sctrack=\"FocusGalleryImage.Reference\"><img fetchpriority=\"high\" data-testid=\"Opener.Image\"   loading=\"eager\" src=\"https:\/\/www.europesays.com\/de\/wp-content\/uploads\/2026\/08\/eine-s-bahn-der-linie-s19-am-koelner-hauptbahnhof-archivbild-eine-technische-stoerung-bei-der-deutsc.jpeg\" alt=\"Eine S-Bahn der Linie S19 am K\u00f6lner Hauptbahnhof (Archivbild): Eine technische St\u00f6rung bei der Deutschen Bahn verursacht am Donnerstag Probleme im Zugverkehr \u00fcber die Hohenzollernbr\u00fccke.\" title=\"Eine S-Bahn der Linie S19 am K\u00f6lner Hauptbahnhof (Archivbild): Eine technische St\u00f6rung bei der Deutschen Bahn verursacht am Donnerstag Probleme im Zugverkehr \u00fcber die Hohenzollernbr\u00fccke.\" width=\"3886\" height=\"2186\" class=\"bg-[url:var(--lqipURL)] bg-cover bg-center flex h-full w-full max-w-full\" style=\"--lqipURL:url('https:\/\/images.t-online.de\/2026\/08\/ALC9XUewC3Bt\/322x213:3886x2186\/fit-in\/150x0\/filters:blur(25)\/eine-s-bahn-der-linie-s19-am-koelner-hauptbahnhof-archivbild-eine-technische-stoerung-bei-der-deutschen-bahn-verursacht-am-donnerstag-probleme-im-zugverkehr-ueber-die-hohenzollernbruecke.jpg')\" decoding=\"async\"\/><img loading=\"lazy\" src=\"https:\/\/koeln.t-online.de\/s\/paper\/_next\/static\/media\/zoom-in.f7dae02f.svg\" alt=\"Vergr\u00f6\u00dfern des Bildes\" title=\"Vergr\u00f6\u00dfern des Bildes\" class=\"block h-[calc(var(--height)_\/_16_*_1rem)] w-[calc(var(--width)_\/_16_*_1rem)] max-w-none absolute right-8 bottom-8 rounded-4 bg-snow p-8\" style=\"--width:32;--height:32\" decoding=\"async\"\/><\/a><\/p>\n<p>Eine S-Bahn der Linie S19 am K\u00f6lner Hauptbahnhof (Archivbild): Eine technische St\u00f6rung bei der Deutschen Bahn verursacht am Donnerstag Probleme im Zugverkehr \u00fcber die Hohenzollernbr\u00fccke. (Quelle: Christoph Hardt via www.imago-images.de\/imago)<\/p>\n<p><img loading=\"lazy\" src=\"https:\/\/koeln.t-online.de\/s\/paper\/_next\/static\/media\/audio-volume.6689034c.svg\" alt=\"\" title=\"\" class=\"block h-[calc(var(--height)_\/_16_*_1rem)] w-[calc(var(--width)_\/_16_*_1rem)] max-w-none group-hover:brightness-0 group-hover:invert\" style=\"--width:16;--height:16\" decoding=\"async\"\/>Vorlesen<\/p>\n<p>Aktuelle Zeit:0:00Gesamtdauer:0:00<\/p>\n<p>1x<img loading=\"lazy\" src=\"https:\/\/koeln.t-online.de\/s\/paper\/_next\/static\/media\/font-sizes.32942e33.svg\" alt=\"\" title=\"\" class=\"block h-[calc(var(--height)_\/_16_*_1rem)] w-[calc(var(--width)_\/_16_*_1rem)] max-w-none group-hover:hidden group-aria-expanded:hidden\" style=\"--width:16;--height:16\" decoding=\"async\"\/><img loading=\"lazy\" src=\"https:\/\/koeln.t-online.de\/s\/paper\/_next\/static\/media\/font-sizes-dark-mode.e382645c.svg\" alt=\"\" title=\"\" class=\"block h-[calc(var(--height)_\/_16_*_1rem)] w-[calc(var(--width)_\/_16_*_1rem)] max-w-none hidden group-hover:block group-aria-expanded:block\" style=\"--width:16;--height:16\" decoding=\"async\"\/><img loading=\"lazy\" src=\"https:\/\/koeln.t-online.de\/s\/paper\/_next\/static\/media\/sharing-menu-icon.1eb71368.svg\" alt=\"\" title=\"\" class=\"block h-[calc(var(--height)_\/_16_*_1rem)] w-[calc(var(--width)_\/_16_*_1rem)] max-w-none group-hover:brightness-0 group-hover:invert\" style=\"--width:16;--height:16\" decoding=\"async\"\/>Artikel teilen<\/p>\n<p class=\"font-bold text-18 leading-17 user-text-lg:text-22 user-text-xl:text-24\">Technische Probleme im Bereich des K\u00f6lner Hauptbahnhofs verursachen am Donnerstag erhebliche Einschr\u00e4nkungen im Zugverkehr. Es droht ein Reisechaos.<\/p>\n<p class=\"text-18 leading-17 user-text-lg:text-22 user-text-xl:text-24\">Eine <a href=\"https:\/\/koeln.t-online.de\/region\/koeln\/id_101368430\/kvb-linie-18-sperrung-im-august-das-muessen-fahrgaeste-wissen.html\" class=\"transition-colors cursor-pointer no-underline md:hover:text-magenta md:focus:text-magenta border-b border-solid border-current text-salemsfur md:hover:border-magenta\" data-tracking=\"{&quot;action&quot;:&quot;click&quot;,&quot;category&quot;:&quot;intextLink&quot;,&quot;label&quot;:&quot;\/region\/koeln\/id_101368430\/kvb-linie-18-sperrung-im-august-das-muessen-fahrgaeste-wissen.html&quot;}\" data-sctrack=\"BodyAnchor\" rel=\"nofollow noopener\" target=\"_blank\">technische St\u00f6rung bei der Deutschen Bahn<\/a> f\u00fchrt seit Donnerstagmorgen (27. August) zu Ausf\u00e4llen und Versp\u00e4tungen im Bereich des K\u00f6lner Hauptbahnhofs. Betroffen ist der Streckenabschnitt in Richtung K\u00f6ln Messe\/Deutz, wie die Deutsche Bahn \u00fcber ihre Informationsplattform &#8222;zuginfo.nrw&#8220; mitteilte.<\/p>\n<p class=\"text-18 leading-17 user-text-lg:text-22 user-text-xl:text-24\">Die Verantwortlichen schreiben zur St\u00f6rung: &#8222;In der Folge kommt es jetzt zu Versp\u00e4tungen, Teilausf\u00e4llen und Ausf\u00e4llen auf dem kompletten Laufweg. Kurzfristig kann es zu \u00c4nderungen im Zuglauf kommen.&#8220; Die St\u00f6rung wurde gegen kurz vor 7 Uhr am Freitagmorgen gemeldet. Der Grund sollen technische Probleme an einem Zug im Streckenabschnitt nahe der Hohenzollernbr\u00fccke sein.<\/p>\n<p>Deutsche Bahn: Zugstrecke in K\u00f6ln teils gesperrt \u2013 Ausf\u00e4lle drohen<\/p>\n<p class=\"text-18 leading-17 user-text-lg:text-22 user-text-xl:text-24\">Betroffen sind mehrere Zuglinien, <a href=\"https:\/\/koeln.t-online.de\/region\/koeln\/id_101200868\/koeln-deutsche-bahn-baut-bahnstrecke-fuer-fast-eine-milliarde-aus.html\" class=\"transition-colors cursor-pointer no-underline md:hover:text-magenta md:focus:text-magenta border-b border-solid border-current text-salemsfur md:hover:border-magenta\" data-tracking=\"{&quot;action&quot;:&quot;click&quot;,&quot;category&quot;:&quot;intextLink&quot;,&quot;label&quot;:&quot;\/region\/koeln\/id_101200868\/koeln-deutsche-bahn-baut-bahnstrecke-fuer-fast-eine-milliarde-aus.html&quot;}\" data-sctrack=\"BodyAnchor\" rel=\"nofollow noopener\" target=\"_blank\">darunter die S-Bahn-Linien S6, S11, S12 und S19, sowie die Regionalbahnlinie RB25.<\/a> Die betroffenen RB-Z\u00fcge aus Richtung Marienheide enden und beginnen an der Haltestelle K\u00f6ln-Frankfurter Stra\u00dfe. Dadurch kommt es zu Teilausf\u00e4llen zwischen der Frankfurter Stra\u00dfe und K\u00f6ln Messe\/Deutz. Ein Ersatzverkehr wird derzeit eingerichtet.<\/p>\n<ul class=\"text-18 leading-17 block pl-24 *:pb-16 *:before:inline-block *:before:size-8 *:before:bg-magenta *:before:mt-0 *:before:mr-12 *:before:mb-2 *:before:-ml-[20px]\">\n<li><strong class=\"font-bold\">Neue Bahngleise geplant:<\/strong> <a href=\"https:\/\/koeln.t-online.de\/region\/koeln\/id_101404170\/deutsche-bahn-koelner-hauptbahnhof-wird-ausgebaut-mit-folgen-fuer-pendler.html\" class=\"transition-colors cursor-pointer no-underline md:hover:text-magenta md:focus:text-magenta border-b border-solid border-current text-salemsfur md:hover:border-magenta\" data-tracking=\"{&quot;action&quot;:&quot;click&quot;,&quot;category&quot;:&quot;intextLink&quot;,&quot;label&quot;:&quot;\/region\/koeln\/id_101404170\/deutsche-bahn-koelner-hauptbahnhof-wird-ausgebaut-mit-folgen-fuer-pendler.html&quot;}\" data-sctrack=\"BodyAnchor\" rel=\"nofollow noopener\" target=\"_blank\">K\u00f6lner Hauptbahnhof wird ausgebaut \u2013 Folgen f\u00fcr Pendler<\/a><\/li>\n<li><strong class=\"font-bold\">Zahlreiche Helikopter unterwegs:<\/strong> <a href=\"https:\/\/koeln.t-online.de\/region\/koeln\/id_101403848\/hubschrauber-kreisen-ueber-rhein-in-nrw-warnung-fuer-bevoelkerung.html\" class=\"transition-colors cursor-pointer no-underline md:hover:text-magenta md:focus:text-magenta border-b border-solid border-current text-salemsfur md:hover:border-magenta\" data-tracking=\"{&quot;action&quot;:&quot;click&quot;,&quot;category&quot;:&quot;intextLink&quot;,&quot;label&quot;:&quot;\/region\/koeln\/id_101403848\/hubschrauber-kreisen-ueber-rhein-in-nrw-warnung-fuer-bevoelkerung.html&quot;}\" data-sctrack=\"BodyAnchor\" rel=\"nofollow noopener\" target=\"_blank\">Hubschrauber kreisen \u00fcber dem Rhein \u2013 Warnung f\u00fcr Anwohner<\/a><\/li>\n<\/ul>\n<p class=\"text-18 leading-17 user-text-lg:text-22 user-text-xl:text-24\">Die Deutsche Bahn kann das Ende der Sperrung noch nicht absehen, plant allerdings, zeitnah dar\u00fcber zu informieren. Fahrg\u00e4ste werden gebeten, ihre Verbindungen vorab zu pr\u00fcfen und gegebenenfalls mehr Zeit f\u00fcr ihre Fahrt einzuplanen. Au\u00dferdem sollen m\u00f6gliche Alternativen gepr\u00fcft werden.<\/p>\n<p>K\u00f6ln Hbf und Messe\/Deutz: St\u00f6rung verst\u00e4rkt Sorge vor Reisechaos<\/p>\n<p class=\"text-18 leading-17 user-text-lg:text-22 user-text-xl:text-24\">Aufgrund der am Donnerstag f\u00fcr Besucher startenden Gamescom werden Tausende zus\u00e4tzliche Menschen in den Z\u00fcgen in Richtung K\u00f6ln erwartet. Schon im Vorfeld hatten die Verkehrsunternehmen Sonderz\u00fcge eingerichtet, dennoch wird bis zum Wochenende mit einem hohen Verkehrsaufkommen gerechnet. <a href=\"https:\/\/koeln.t-online.de\/region\/koeln\/id_101393370\/deutsche-bahn-strecke-nach-polizeieinsatz-bei-koeln-gesperrt-ausfaelle.html\" class=\"transition-colors cursor-pointer no-underline md:hover:text-magenta md:focus:text-magenta border-b border-solid border-current text-salemsfur md:hover:border-magenta\" data-tracking=\"{&quot;action&quot;:&quot;click&quot;,&quot;category&quot;:&quot;intextLink&quot;,&quot;label&quot;:&quot;\/region\/koeln\/id_101393370\/deutsche-bahn-strecke-nach-polizeieinsatz-bei-koeln-gesperrt-ausfaelle.html&quot;}\" data-sctrack=\"BodyAnchor\" rel=\"nofollow noopener\" target=\"_blank\">Erst am Mittwoch hatte ein Polizeieinsatz den Zugverkehr in K\u00f6ln beeintr\u00e4chtigt<\/a>.<\/p>\n<p class=\"text-18 leading-17 user-text-lg:text-22 user-text-xl:text-24\">Der Bahnverkehr zwischen K\u00f6ln und D\u00fcsseldorf ist ohnehin stark belastet. <a href=\"https:\/\/koeln.t-online.de\/region\/koeln\/id_101398682\/koeln-bahnstrecke-nach-duesseldorf-ab-freitag-zwei-wochen-gesperrt.html\" class=\"transition-colors cursor-pointer no-underline md:hover:text-magenta md:focus:text-magenta border-b border-solid border-current text-salemsfur md:hover:border-magenta\" data-tracking=\"{&quot;action&quot;:&quot;click&quot;,&quot;category&quot;:&quot;intextLink&quot;,&quot;label&quot;:&quot;\/region\/koeln\/id_101398682\/koeln-bahnstrecke-nach-duesseldorf-ab-freitag-zwei-wochen-gesperrt.html&quot;}\" data-sctrack=\"BodyAnchor\" rel=\"nofollow noopener\" target=\"_blank\">Ausl\u00f6ser ist eine Vollsperrung bei der Deutschen Bahn auf der Strecke zwischen K\u00f6ln-M\u00fclheim und D\u00fcsseldorf.<\/a> Die Folgen sind Ausf\u00e4lle und ein umfassender Schienenersatzverkehr.<\/p>\n","protected":false},"excerpt":{"rendered":"Ausf\u00e4lle und Versp\u00e4tungen St\u00f6rung legt Bahnverkehr in K\u00f6ln lahm \u2013 Hauptbahnhof betroffen 27.08.2026 &#8211; 07:46 UhrLesedauer: 2 Min.&hellip;\n","protected":false},"author":2,"featured_media":1263354,"comment_status":"","ping_status":"","sticky":false,"template":"","format":"standard","meta":{"footnotes":"","_share_on_mastodon":"0"},"categories":[1828],"tags":[90938,1325,2227,2030,29,12045,30,3601,61632,1420,18266,47,1209,261123,3809,2898],"class_list":["post-1263353","post","type-post","status-publish","format-standard","has-post-thumbnail","category-koeln","tag-90938","tag-ausfall","tag-bahnverkehr","tag-deutsche-bahn","tag-deutschland","tag-deutz","tag-germany","tag-hauptbahnhof","tag-hohenzollernbruecke","tag-koeln","tag-koeln-hauptbahnhof","tag-messe","tag-nordrhein-westfalen","tag-reisechaos","tag-stoerung","tag-verspaetung"],"share_on_mastodon":{"url":"https:\/\/pubeurope.com\/@de\/117165921155925751","error":""},"_links":{"self":[{"href":"https:\/\/www.europesays.com\/de\/wp-json\/wp\/v2\/posts\/1263353","targetHints":{"allow":["GET"]}}],"collection":[{"href":"https:\/\/www.europesays.com\/de\/wp-json\/wp\/v2\/posts"}],"about":[{"href":"https:\/\/www.europesays.com\/de\/wp-json\/wp\/v2\/types\/post"}],"author":[{"embeddable":true,"href":"https:\/\/www.europesays.com\/de\/wp-json\/wp\/v2\/users\/2"}],"replies":[{"embeddable":true,"href":"https:\/\/www.europesays.com\/de\/wp-json\/wp\/v2\/comments?post=1263353"}],"version-history":[{"count":0,"href":"https:\/\/www.europesays.com\/de\/wp-json\/wp\/v2\/posts\/1263353\/revisions"}],"wp:featuredmedia":[{"embeddable":true,"href":"https:\/\/www.europesays.com\/de\/wp-json\/wp\/v2\/media\/1263354"}],"wp:attachment":[{"href":"https:\/\/www.europesays.com\/de\/wp-json\/wp\/v2\/media?parent=1263353"}],"wp:term":[{"taxonomy":"category","embeddable":true,"href":"https:\/\/www.europesays.com\/de\/wp-json\/wp\/v2\/categories?post=1263353"},{"taxonomy":"post_tag","embeddable":true,"href":"https:\/\/www.europesays.com\/de\/wp-json\/wp\/v2\/tags?post=1263353"}],"curies":[{"name":"wp","href":"https:\/\/api.w.org\/{rel}","templated":true}]}}