{"id":1263395,"date":"2026-08-27T06:16:22","date_gmt":"2026-08-27T06:16:22","guid":{"rendered":"https:\/\/www.europesays.com\/de\/1263395\/"},"modified":"2026-08-27T06:16:22","modified_gmt":"2026-08-27T06:16:22","slug":"nach-dem-brexit-briten-sollen-schweden-verlassen","status":"publish","type":"post","link":"https:\/\/www.europesays.com\/de\/1263395\/","title":{"rendered":"Nach dem Brexit: Briten sollen Schweden verlassen"},"content":{"rendered":"<p>            <img loading=\"lazy\" decoding=\"async\" class=\"ts-image\" src=\"https:\/\/www.europesays.com\/de\/wp-content\/uploads\/2026\/08\/schweden-daylife-101.jpg\" alt=\"Menschen laufen vor einer schwedischen Flagge entlang.\" title=\"Menschen laufen vor einer schwedischen Flagge entlang. | AFP\"\/><\/p>\n<p class=\"metatextline\">Stand: 27.08.2026 \u2022 07:07 Uhr<\/p>\n<p class=\"article-head__shorttext\">\n        <strong>Schweden galt lange als offen f\u00fcr Zuwanderung. Doch seit einigen Jahren gilt eine andere Linie: Schweden will Migration deutlich st\u00e4rker einschr\u00e4nken. Das trifft auch Briten, die eine Frist nach dem Brexit verpasst haben. <\/strong>\n    <\/p>\n<p>                                    <a class=\"authorline__link\" href=\"https:\/\/www.tagesschau.de\/korrespondenten\/arne-bartram-116.html\" rel=\"nofollow noopener\" target=\"_blank\"><br \/>\n                                        <img decoding=\"async\" class=\"authorline__img\" alt=\"Arne Bartram\" src=\"https:\/\/www.europesays.com\/de\/wp-content\/uploads\/2026\/07\/bartram-100.jpg\"\/><br \/>\n                                    <\/a><\/p>\n<p class=\"textabsatz m-ten m-offset-one l-eight l-offset-two columns twelve\">Nichts ahnend sa\u00df Joyce Thomas 2022 im Flugzeug auf dem Weg nach Schweden. Die 78-J\u00e4hrige kam damals zusammen mit ihrem Mann zur\u00fcck von einem kurzen Ausflug in ihre alte Heimat Gro\u00dfbritannien. In Schweden mussten die beiden durch die Passkontrolle &#8211; eigentlich Routine. &#8222;Eine Beamtin hielt uns an und sagte, mit ihrem Pass stimmt etwas nicht. Haben sie einen Brief bekommen? Mein Mann sagte: nein, warum? Sie sagte, wegen des Brexits h\u00e4tten sie in Schweden einen neuen Antrag auf Aufenthaltsrecht stellen m\u00fcssen. Aber sie sind nicht die einzigen. Hunderte Menschen kommen hier durch, bei denen es \u00e4hnlich aussieht.&#8220;<\/p>\n<p class=\"textabsatz m-ten m-offset-one l-eight l-offset-two columns twelve\">Das Problem: Joyce Thomas lebt zwar seit mehr als 20 Jahren in Schweden, besitzt aber einen britischen Pass. Nach dem Brexit Anfang 2020 mussten britische B\u00fcrger einen neuen Antrag f\u00fcr dauerhaften Aufenthalt in Schweden stellen. Davon hat Joyce Thomas aber nie etwas erfahren, erz\u00e4hlte sie dem schwedischen Radio.<\/p>\n<blockquote class=\"zitat\">\n<p>                    Gro\u00dfbritannien und Schweden haben nicht richtig informiert, \u00fcberhaupt nicht. Wenn das richtig gemacht worden w\u00e4re, h\u00e4tten wir E-Mails bekommen oder eine SMS mit der Aufforderung, machen Sie etwas. Aber das haben wir nicht bekommen.<\/p>\n<\/blockquote>\n<p>    Beh\u00f6rde in Schweden: Menschen m\u00fcssen sich informieren<\/p>\n<p class=\"textabsatz m-ten m-offset-one l-eight l-offset-two columns twelve\">Thomas stellte 2022 einen Antrag in Schweden bleiben zu d\u00fcrfen. Der wurde von den schwedischen Beh\u00f6rden aber abgelehnt. Begr\u00fcndung: Die Frist f\u00fcr den Antrag war Ende 2021 abgelaufen. Die schwedische Migrationsbeh\u00f6rde teilt auf ARD-Nachfrage schriftlich mit, sie habe unter anderem auf ihrer Internetseite rechtzeitig auf das Thema aufmerksam gemacht.<\/p>\n<p class=\"textabsatz m-ten m-offset-one l-eight l-offset-two columns twelve\">&#8222;Es wurden keine direkten Anschreiben in Form von Briefen an die in Schweden lebenden britischen Staatsb\u00fcrger verschickt, weil daf\u00fcr kein Auftrag erteilt wurde. Wie bei allen Gesetzes\u00e4nderungen liegt eine gro\u00dfe Verantwortung beim Einzelnen, sich dar\u00fcber zu informieren, welche Regeln gelten&#8220;, hei\u00dft es von der Beh\u00f6rde.<\/p>\n<p>    Viele \u00e4ltere Menschen betroffen?<\/p>\n<p class=\"textabsatz m-ten m-offset-one l-eight l-offset-two columns twelve\">Es habe zwar Informationskampagnen gegeben, etwa von der britischen Botschaft, sagt der Journalist James Savage vom englischsprachigen Medium The Local Sweden. Aber die Infos h\u00e4tten viele nicht erreicht. &#8222;Dazu geh\u00f6ren vor allem \u00e4ltere Menschen und diejenigen, die so gut in Schweden integriert waren, dass sie sich gar keine Gedanken mehr um die B\u00fcrokratie gemacht haben. Sie haben ihre schwedische Aufenthaltserlaubnis innerlich gar nicht mehr mit der EU-Mitgliedschaft Gro\u00dfbritanniens verkn\u00fcpft&#8220;, sagt Savage.<\/p>\n<p class=\"textabsatz m-ten m-offset-one l-eight l-offset-two columns twelve\">Wer den Antrag zum Beispiel wegen einer langen Krankheit nicht rechtzeitig stellen konnte, auf den werde R\u00fccksicht genommen, teilte die schwedische Migrationsbeh\u00f6rde mit. Journalist Savage vermutet, dass es den schwedischen Beh\u00f6rden vor allem darum geht, Handlungsst\u00e4rke zu zeigen. &#8222;Sie sagen, wir haben halt strenge Regeln f\u00fcr Migration. Es gab eine Frist f\u00fcr den Antrag auf den Aufenthaltstitel. Wer sie verpasst hat, lebt illegal im Land. Und wir machen da keine Ausnahme.&#8220;<\/p>\n<p>    Sorge vor der Zukunft<\/p>\n<p class=\"textabsatz m-ten m-offset-one l-eight l-offset-two columns twelve\">F\u00fcr Joyce Thomas ist das alles nur schwer zu verstehen. Der Ehemann der 78-J\u00e4hrigen ist inzwischen gestorben und wurde in Schweden begraben. Ihr Sohn und ihre Enkel leben hier. Trotzdem k\u00f6nnte sie jetzt abgeschoben werden, erz\u00e4hlt sie dem schwedischen Radio. &#8222;Mein Zuhause ist hier. Ich kann nicht mehr richtig schlafen, es ist einfach schrecklich. Ich lebe von meinem eigenen Geld, zahle Steuern, liege niemandem auf der Tasche. Ich bin keine Verbrecherin, ich habe lediglich einen Fehler gemacht&#8220;, sagt Thomas.<\/p>\n<p class=\"textabsatz m-ten m-offset-one l-eight l-offset-two columns twelve\">Ihr Fall zeigt, welche Folgen politische Entscheidungen wie der Brexit und strenge Migrationsregeln f\u00fcr den Einzelnen haben k\u00f6nnen. Ein kleiner Fehler oder eine verpasste Frist und pl\u00f6tzlich steht die eigene Existenz in einem Land in Frage, das seit Jahrzehnten das Zuhause ist.<\/p>\n","protected":false},"excerpt":{"rendered":"Stand: 27.08.2026 \u2022 07:07 Uhr Schweden galt lange als offen f\u00fcr Zuwanderung. Doch seit einigen Jahren gilt eine&hellip;\n","protected":false},"author":2,"featured_media":1263396,"comment_status":"","ping_status":"","sticky":false,"template":"","format":"standard","meta":{"footnotes":"","_share_on_mastodon":"0"},"categories":[2],"tags":[29,30,551,13,382,14,15,12,1319,10,8,9,11],"class_list":["post-1263395","post","type-post","status-publish","format-standard","has-post-thumbnail","category-deutschland","tag-deutschland","tag-germany","tag-grossbritannien","tag-headlines","tag-migration","tag-nachrichten","tag-news","tag-schlagzeilen","tag-schweden","tag-top-news","tag-top-meldungen","tag-topmeldungen","tag-topnews"],"share_on_mastodon":{"url":"https:\/\/pubeurope.com\/@de\/117166016092240450","error":""},"_links":{"self":[{"href":"https:\/\/www.europesays.com\/de\/wp-json\/wp\/v2\/posts\/1263395","targetHints":{"allow":["GET"]}}],"collection":[{"href":"https:\/\/www.europesays.com\/de\/wp-json\/wp\/v2\/posts"}],"about":[{"href":"https:\/\/www.europesays.com\/de\/wp-json\/wp\/v2\/types\/post"}],"author":[{"embeddable":true,"href":"https:\/\/www.europesays.com\/de\/wp-json\/wp\/v2\/users\/2"}],"replies":[{"embeddable":true,"href":"https:\/\/www.europesays.com\/de\/wp-json\/wp\/v2\/comments?post=1263395"}],"version-history":[{"count":0,"href":"https:\/\/www.europesays.com\/de\/wp-json\/wp\/v2\/posts\/1263395\/revisions"}],"wp:featuredmedia":[{"embeddable":true,"href":"https:\/\/www.europesays.com\/de\/wp-json\/wp\/v2\/media\/1263396"}],"wp:attachment":[{"href":"https:\/\/www.europesays.com\/de\/wp-json\/wp\/v2\/media?parent=1263395"}],"wp:term":[{"taxonomy":"category","embeddable":true,"href":"https:\/\/www.europesays.com\/de\/wp-json\/wp\/v2\/categories?post=1263395"},{"taxonomy":"post_tag","embeddable":true,"href":"https:\/\/www.europesays.com\/de\/wp-json\/wp\/v2\/tags?post=1263395"}],"curies":[{"name":"wp","href":"https:\/\/api.w.org\/{rel}","templated":true}]}}