{"id":1263412,"date":"2026-08-27T06:32:34","date_gmt":"2026-08-27T06:32:34","guid":{"rendered":"https:\/\/www.europesays.com\/de\/1263412\/"},"modified":"2026-08-27T06:32:34","modified_gmt":"2026-08-27T06:32:34","slug":"heisse-tropennaechte-in-mainz-stadt-unter-top-drei-im-ranking-der-meisten-tropennaechte-rki-schaetzt-14-000-hitzetote-in-diesem-jahr","status":"publish","type":"post","link":"https:\/\/www.europesays.com\/de\/1263412\/","title":{"rendered":"Hei\u00dfe Tropenn\u00e4chte in Mainz: Stadt unter Top drei im Ranking der meisten Tropenn\u00e4chte &#8211; RKI sch\u00e4tzt 14.000 Hitzetote in diesem Jahr"},"content":{"rendered":"<p>Dass Mainz eine besonders aufgeheizte Stadt ist, d\u00fcrfte sich mittlerweile herumgesprochen haben, doch nun zeigt eine Statistik, wie schwierig dieser Sommer f\u00fcr viele Mainzer wirklich war: Gemeinsam mit Stuttgart und Frankfurt am Main hatte Mainz die meisten Tropenn\u00e4chte in diesem Jahr. Das zeigt eine Auswertung des Raumluft-Experten Coway f\u00fcr 42 deutsche Gro\u00dfst\u00e4dte. Das Problem dabei: In hei\u00dfen N\u00e4chten k\u00f6nnen viele nicht gut schlafen, die Belastung f\u00fcr den K\u00f6rper steigt, und das kann t\u00f6dliche Folgen Haben: Das RKI sch\u00e4tzt die Zahl der Hitzetoten in diesem Sommer bereits auf rund 14.000.<\/p>\n<p><img loading=\"lazy\" decoding=\"async\" class=\"wp-image-60146\" src=\"https:\/\/www.europesays.com\/de\/wp-content\/uploads\/2026\/08\/Dom-mit-Hitzewolken-am-Horizont-bei-der-Mainzer-Johannisnacht-2026-kleiner-300x225.jpg\" alt=\"Mainzer Dom mit Gewitterwolken: \u00dcber der Innenstadt lag wochenlang br\u00fctende Hitze. - Foto: gik \" width=\"380\" height=\"285\"  \/>Mainzer Dom mit Gewitterwolken: \u00dcber der Innenstadt lag wochenlang br\u00fctende Hitze. \u2013 Foto: gik<\/p>\n<p>Der Sommer 2026 war ein besonderer, noch nie gab es so viele und lange extreme Hitzeperioden mit \u00fcber 40 Grad \u2013 Mainz wurde gerade in den hoch verdichteten Innenstadtbereichen zum Glutofen. Nun zeigt eine neue Auswertung: Die Stadt hatte gemeinsam hinter Stuttgart und Frankfurt auch die meisten Tropenn\u00e4chten von allen Gro\u00dfst\u00e4dten in Deutschland: In Stuttgart waren es 17, in Frankfurt 16,5 und in Mainz 16 solcher N\u00e4chte, bei denen die Temperaturen nicht unter 20 Grad sinken.<\/p>\n<p>Das ergab jetzt eine Auswertung des Luftreiniger-Herstellers Coway aus Daten des Deutschen Wetterdienstes. Ausgewertet wurden demnach die DWD-Tagesminima vom 1. Juni bis 20. August 2026, untersucht wurden 42 deutsche Gro\u00dfst\u00e4dte \u2013 mit markanten Unterschieden. So liegt die Stadt Mannheim mit 13 Tropenn\u00e4chten auf Platz 4, das hessische Darmstadt und die Nachbarstadt Wiesbaden aber nur bei jeweils 5 solcher N\u00e4chte.<\/p>\n<p>&#8211; Werbung &#8211; <a href=\"https:\/\/mainzund.de\/werben-auf-mainzund\/\/\" target=\"_blank\" rel=\"noopener nofollow\"><img loading=\"lazy\" decoding=\"async\" class=\"alignnone\" src=\"https:\/\/www.europesays.com\/de\/wp-content\/uploads\/2025\/04\/Banner-Tulpen-Text-neu-1068.jpg\" alt=\"Werben auf Mainz&amp;\" width=\"468\" height=\"60\"\/><\/a><\/p>\n<p>\u00a0<\/p>\n<p>Mainz mit 16 Tropenn\u00e4chten weit vorn, Topwert 25,3 Grad<\/p>\n<p>Selbst die Gro\u00dfstadt K\u00f6ln kommt nur auf 3 Tropenn\u00e4chte, in Augsburg, Regensburg und Ulm gab es laut der Auswertung sogar keine einzige Tropennacht in dem Zeitraum. Die k\u00fchlen Gro\u00dfst\u00e4dte l\u00e4gen allesamt in S\u00fcddeutschland und vor allem in h\u00f6heren Lagen, <a href=\"https:\/\/coway.de\/blogs\/news\/stadte-ranking-tropennachte\" target=\"_blank\" rel=\"noopener nofollow\">erkl\u00e4rt die Coway-Auswertung<\/a>: Augsburg (462 m), Regensburg (365 m) und Ulm (593 m) liegen auf Hochfl\u00e4chen der Schw\u00e4bischen und Fr\u00e4nkischen Alb beziehungsweise im Alpenvorland.<\/p>\n<p><img loading=\"lazy\" decoding=\"async\" class=\"wp-image-56187\" src=\"https:\/\/www.europesays.com\/de\/wp-content\/uploads\/2026\/08\/Sonnenuntergang-am-Kransand-in-Mainz-Kastel-kleiner-300x225.jpg\" alt=\"Tropennacht am Kransand in Mainz-Kastel mit Sonnenuntergang. - Foto: gik\" width=\"380\" height=\"285\"  \/>Tropennacht am Kransand in Mainz-Kastel mit Sonnenuntergang. \u2013 Foto: gik<\/p>\n<p>Im Norden helfe die K\u00fcste, hei\u00dft es weiter:\u00a0 Kiel, Rostock, L\u00fcbeck und Bremerhaven kommen deshalb nur auf ein bis zwei Tropen\u00e4chte, hier sorge das noch k\u00fchle Meerwasser f\u00fcr die Abk\u00fchlung, die im Binnenland fehlt. Die hei\u00dfesten St\u00e4dte hingegen\u00a0liegen alle in einem zusammenh\u00e4ngenden Streifen, der von Mainz \u00fcber Frankfurt in Richtung Offenbach und W\u00fcrzburg f\u00fchrt, dazu kommt Stuttgart mit seiner Kessellage.<\/p>\n<p>In den Niederungen von Rhein, Main und Neckar sowie in den Talkesseln \u201estaut sich tags\u00fcber erw\u00e4rmte Luft und flie\u00dft nachts kaum ab \u2013 die Abk\u00fchlung, die der K\u00f6rper zum Schlafen braucht, bleibt aus\u201c, konstatieren die Luftexperten. Frankfurt verzeichnete denn auch die w\u00e4rmste Nacht der gesamten Untersuchung: Am 26. Juni lag das n\u00e4chtliche Minimum bei au\u00dfergew\u00f6hnlichen 25,5 Grad. Mainz lag mit dem Topwert von 25,3 Grad dicht dahinter. An den meisten Stationen begann demnach die l\u00e4ngste zusammenh\u00e4ngende Serie von Tropenn\u00e4chten zwischen dem 19. und dem 28. Juni, Juli und August waren eher unauff\u00e4llig.<\/p>\n<p>\u00a0<\/p>\n<p>\u201eWas z\u00e4hlt, ist die Luft \u00fcber dem Kopfkissen\u201c<\/p>\n<p>Das Problem dabei: Hei\u00dfe Tropenn\u00e4chte rauben vielen Menschen den Schlaf. \u201eZum Einschlafen senkt der K\u00f6rper seine Kerntemperatur ab, und guter, tiefer Schlaf gelingt nur, wenn die Umgebung dabei mitk\u00fchlt\u201c, erkl\u00e4rt man bei Coway: \u201eBleibt die W\u00e4rme \u00fcber Nacht stehen, verz\u00f6gert sich das Einschlafen, der Schlaf wird flacher, die Erholung fehlt.\u201c Dazu kommt gerade in belasteten Stadtlagen ein weiteres Problem: \u201eBleibt das Fenster offen, kommen Stra\u00dfenl\u00e4rm, Pollen und Abgase herein \u2013 Reize, die den Schlaf flacher machen und h\u00e4ufiger aufwachen lassen\u201c, erkl\u00e4rt Rodney Ryu, Managing Director Coway Europe.<\/p>\n<p><img loading=\"lazy\" decoding=\"async\" class=\"wp-image-36044\" src=\"https:\/\/www.europesays.com\/de\/wp-content\/uploads\/2026\/08\/Titelbild-Studie-Raumluftreiniger-Bundeswehr-Muenchen-300x241.jpg\" alt=\"In der Coronazeit boomten Studien zu Luftreinigern und ihre Wirkung, wie hier bei der Bundeswehr-Uni M\u00fcnchen. - Foto: \" width=\"380\" height=\"306\"  \/>In der Coronazeit boomten Studien zu Luftreinigern und ihre Wirkung, wie hier bei der Bundeswehr-Uni M\u00fcnchen. \u2013 Foto:<\/p>\n<p>Bei geschlossenem Fenster aber staue sich die Luft, die Feuchtigkeit steigt, \u201eund mit jeder Stunde reichert sich der Raum mit Kohlendioxid an, was den Schlaf ebenfalls unruhiger werden l\u00e4sst\u201c, erkl\u00e4rt Coway. So entscheide in hei\u00dfen N\u00e4chten nicht allein die Temperatur \u00fcber die Erholung, sondern auch die Qualit\u00e4t der Luft, die man im Schlaf einatme. Die Tropennacht kann sich dadurch weiter versch\u00e4rfen: \u201eWas der Deutsche Wetterdienst misst, ist die Luft \u00fcber einer Rasenfl\u00e4che. Was z\u00e4hlt, ist aber die Luft \u00fcber dem Kopfkissen \u2013 und die verh\u00e4lt sich anders\u201c, betont Ryu.<\/p>\n<p>Entscheidend f\u00fcr einen guten Schlaf sei eben nicht nur die Temperatur, sondern auch die Qualit\u00e4t der Luft, und wie gut diese Luft im Raum zirkulieren k\u00f6nne.\u00a0Leichte Bettw\u00e4sche aus Naturfasern und ein Ventilator, der die Luft in Bewegung halte, senkten die gef\u00fchlte Temperatur denn auch. \u201eWer wegen L\u00e4rm, Pollen oder Feinstaub nachts nicht l\u00fcften kann, h\u00e4lt mit einem Luftreiniger zumindest Partikel und Allergene im geschlossenen Schlafzimmer niedrig\u201c, r\u00e4t Coway \u2013 wir k\u00f6nnen das aus eigener Erfahrung best\u00e4tigen. Das international agierende Unternehmen Coway ist in Europa insbesondere mit Luftreinigern und Technologien zur Verbesserung der Raumluftqualit\u00e4t vertreten.<\/p>\n<p>Werbung<\/p>\n<p><a href=\"https:\/\/mainzund.de\/mainz-solidar-abo-faq-und-anleitung\/\" target=\"_blank\" aria-label=\"Banner Abo Mainz&amp; quer neu\" rel=\"nofollow noopener\"><img fetchpriority=\"high\" decoding=\"async\" src=\"https:\/\/www.europesays.com\/de\/wp-content\/uploads\/2026\/08\/Banner-Abo-Mainz-quer-neu.jpg\" alt=\"\"   width=\"1293\" height=\"597\"\/><\/a>Gesundheitsrisiko hei\u00dfe N\u00e4chte: 14.000 Hitzetote im Sommer<\/p>\n<p>Hei\u00dfe N\u00e4chte sind indes keine Lappalie, ein \u00fcberhitzter K\u00f6rper ist ein echtes Gesundheitsrisiko, <a href=\"https:\/\/mainzund.de\/hitzewelle-verursachte-rund-5100-hitzebedingte-tote-in-deutschland-in-rheinland-pfalz-todesrate-mit-rund-560-am-hoechsten\/\" target=\"_blank\" rel=\"noopener nofollow\">wie die Daten des Robert-Koch-Instituts bereits Anfang Juli zeigten<\/a>: Damals sprach das RKI nach der historischen Hitzewelle Ende Juni bereits von rund 5.100 hitzebedingten Todesf\u00e4llen in Deutschland \u2013 Rheinland-Pfalz hatte mit 560 F\u00e4llen dabei die h\u00f6chste Sterberate. Inzwischen sch\u00e4tzt das RKI die Zahl der Hitzetoten in diesem Sommer sogar auf rund 14.000 bis zum 20. August 2026, die meisten waren 75 Jahre und \u00e4lter.<\/p>\n<p>Um das Ausma\u00df hitzebedingter Sterbef\u00e4lle abzusch\u00e4tzen, wendet das RKI statistische Methoden an, denn \u201eHitze\u201c wird auf dem Totenschein normalerweise nicht als Todesursache angegeben. \u201eIn einigen F\u00e4llen, zum Beispiel beim Hitzeschlag, f\u00fchrt die Hitzeeinwirkung unmittelbar zum Tod, w\u00e4hrend in den meisten F\u00e4llen die Kombination aus Hitzeexposition und bereits bestehenden Vorerkrankungen zum Tod f\u00fchrt\u201c, <a href=\"https:\/\/www.rki.de\/DE\/Themen\/Gesundheit-und-Gesellschaft\/Gesundheitliche-Einflussfaktoren-A-Z\/H\/Hitze\/Bericht_Hitzemortalitaet.html\" target=\"_blank\" rel=\"noopener nofollow\">erkl\u00e4rt man beim RKI<\/a>. Mit den statistischen Methoden k\u00f6nne man den Verlauf der Sterbef\u00e4lle in hei\u00dfen Wochen aber gut abbilden.<\/p>\n<p><img loading=\"lazy\" decoding=\"async\" class=\"wp-image-60538\" src=\"https:\/\/www.europesays.com\/de\/wp-content\/uploads\/2026\/08\/1787812354_639_Neue-Binger-Strasse-August-2026-kleiner-300x229.jpg\" alt=\"Gerade wurde in Mainz die neu gestaltete Binger Stra\u00dfe eingeweiht - ohne einen einzigen Baum. Neue kleine B\u00e4ume sollen im Herbst gepflanzt werden. - Foto: gik\" width=\"380\" height=\"290\"  \/>Gerade wurde in Mainz die neu gestaltete Binger Stra\u00dfe eingeweiht \u2013 ohne einen einzigen Baum. Neue kleine B\u00e4ume sollen im Herbst gepflanzt werden. \u2013 Foto: gik<\/p>\n<p>Von den gesch\u00e4tzten 14.000 hitzebedingten Sterbef\u00e4llen gehen dem RKI zufolge etwa 9.600 auf die besonders hei\u00dfe Woche Ende Juni zur\u00fcck. Die \u00dcbersterblichkeit f\u00fcr diese Woche und die beiden Folgewochen (KW 26 bis 28) werde momentan auf 14.500 gesch\u00e4tzt, f\u00fcr den gesamten Sommer sogar auf rund 20.000. Zum Vergleich: In den Jahren 2020 und 2022 bis 2024 starben hitzebedingt jeweils \u201enur\u201c etwa 3.000 Menschen. In den Jahren 2016, 2017 und 2021 lag die gesch\u00e4tzte Anzahl hitzebedingter Sterbef\u00e4lle jeweils zwischen 1.200 und 2.000 \u2013 in den Jahren 2018 und 2019 waren es jeweils etwa 7.000.<\/p>\n<p>Und schon 2025 <a href=\"https:\/\/www.gbe.rki.de\/DE\/Themen\/Rahmenbedingungen\/UmweltUndKlimawandel\/Klimawandel\/HitzebedingteMortalitaet\/hitzebedingtemortalitaet_node.html?kennzahl=1&amp;darstellung=0&amp;zeit=2025&amp;geschlecht=0&amp;standardisierung=0\" target=\"_blank\" rel=\"noopener nofollow\">hatte das RKI als besonders betroffene Regionen<\/a> Baden-W\u00fcrttemberg, das Saarland und Rheinland-Pfalz ausgewiesen, gefolgt von Hessen und Bayern. 2025 war es demnach zu rund 2.500 Hitzetoten in ganz Deutschland gekommen. Mainz hatte erst im Juni 2026 zum dritten Mal in Folge die \u201eRote Karte\u201c beim Hitzecheck der Deutschen Umwelthilfe f\u00fcr deutlich zu viel Versiegelung und zu wenig Gr\u00fcn bekommen. In diesem Jahr <a href=\"https:\/\/mainzund.de\/hitze-check-der-deutschen-umwelthilfe-2026-mainz-verlor-3000-baeume-in-sieben-jahren-hitzealarm-fuer-mainz-weiter-hoch\/\" target=\"_blank\" rel=\"noopener nofollow\">r\u00fcgte die Umwelthilfe vor allem ein Problem<\/a>: Mainz hat in sieben Jahren 3.000 B\u00e4ume verloren.<\/p>\n<p><strong>Info&amp; auf Mainz&amp;:<\/strong> Die ganze Auswertung zu den Tropenn\u00e4chten des Luftreiniger-Herstellers Coway samt Methodik und Ranking <a href=\"https:\/\/coway.de\/blogs\/news\/stadte-ranking-tropennachte\" target=\"_blank\" rel=\"noopener nofollow\">findet Ihr hier im Internet<\/a>. Mehr zum Problem der Hitze und der Toten k\u00f6nnt Ihr noch einmal <a href=\"https:\/\/mainzund.de\/hitzewelle-verursachte-rund-5100-hitzebedingte-tote-in-deutschland-in-rheinland-pfalz-todesrate-mit-rund-560-am-hoechsten\/\" target=\"_blank\" rel=\"noopener nofollow\">hier bei Mainz&amp; nachlesen<\/a>, einen ausf\u00fchrlichen Bericht zum j\u00fcngsten Hitze-Check <a href=\"https:\/\/mainzund.de\/hitze-check-der-deutschen-umwelthilfe-2026-mainz-verlor-3000-baeume-in-sieben-jahren-hitzealarm-fuer-mainz-weiter-hoch\/\" target=\"_blank\" rel=\"noopener nofollow\">findet Ihr hier auf Mainz&amp;<\/a>:<\/p>\n<blockquote class=\"wp-embedded-content\" data-secret=\"gOfvdH5o39\">\n<p><a href=\"https:\/\/mainzund.de\/hitze-check-der-deutschen-umwelthilfe-2026-mainz-verlor-3000-baeume-in-sieben-jahren-hitzealarm-fuer-mainz-weiter-hoch\/\" rel=\"nofollow noopener\" target=\"_blank\">Hitze-Check der Deutschen Umwelthilfe 2026: Mainz verlor 3000 B\u00e4ume in sieben Jahren \u2013 Hitzealarm f\u00fcr Mainz weiter hoch<\/a><\/p>\n<\/blockquote>\n<p>\u00a0<\/p>\n","protected":false},"excerpt":{"rendered":"Dass Mainz eine besonders aufgeheizte Stadt ist, d\u00fcrfte sich mittlerweile herumgesprochen haben, doch nun zeigt eine Statistik, wie&hellip;\n","protected":false},"author":2,"featured_media":1263413,"comment_status":"","ping_status":"","sticky":false,"template":"","format":"standard","meta":{"footnotes":"","_share_on_mastodon":"0"},"categories":[1847],"tags":[3364,29,548,663,3934,30,13,2052,11607,261127,261128,14,15,16256,12,261129,4544],"class_list":["post-1263412","post","type-post","status-publish","format-standard","has-post-thumbnail","category-wiesbaden","tag-de","tag-deutschland","tag-eu","tag-europa","tag-europe","tag-germany","tag-headlines","tag-hessen","tag-hitze","tag-hitzetote-deutschland-2026","tag-mainz-spitze-bei-tropennaechten","tag-nachrichten","tag-news","tag-rki","tag-schlagzeilen","tag-tropennaechte-in-mainz","tag-wiesbaden"],"share_on_mastodon":{"url":"https:\/\/pubeurope.com\/@de\/117166079442446502","error":""},"_links":{"self":[{"href":"https:\/\/www.europesays.com\/de\/wp-json\/wp\/v2\/posts\/1263412","targetHints":{"allow":["GET"]}}],"collection":[{"href":"https:\/\/www.europesays.com\/de\/wp-json\/wp\/v2\/posts"}],"about":[{"href":"https:\/\/www.europesays.com\/de\/wp-json\/wp\/v2\/types\/post"}],"author":[{"embeddable":true,"href":"https:\/\/www.europesays.com\/de\/wp-json\/wp\/v2\/users\/2"}],"replies":[{"embeddable":true,"href":"https:\/\/www.europesays.com\/de\/wp-json\/wp\/v2\/comments?post=1263412"}],"version-history":[{"count":0,"href":"https:\/\/www.europesays.com\/de\/wp-json\/wp\/v2\/posts\/1263412\/revisions"}],"wp:featuredmedia":[{"embeddable":true,"href":"https:\/\/www.europesays.com\/de\/wp-json\/wp\/v2\/media\/1263413"}],"wp:attachment":[{"href":"https:\/\/www.europesays.com\/de\/wp-json\/wp\/v2\/media?parent=1263412"}],"wp:term":[{"taxonomy":"category","embeddable":true,"href":"https:\/\/www.europesays.com\/de\/wp-json\/wp\/v2\/categories?post=1263412"},{"taxonomy":"post_tag","embeddable":true,"href":"https:\/\/www.europesays.com\/de\/wp-json\/wp\/v2\/tags?post=1263412"}],"curies":[{"name":"wp","href":"https:\/\/api.w.org\/{rel}","templated":true}]}}