{"id":1263415,"date":"2026-08-27T06:36:20","date_gmt":"2026-08-27T06:36:20","guid":{"rendered":"https:\/\/www.europesays.com\/de\/1263415\/"},"modified":"2026-08-27T06:36:20","modified_gmt":"2026-08-27T06:36:20","slug":"frankenthaler-wochenmarkt-laedt-zum-ersten-fruehschoppen-ein","status":"publish","type":"post","link":"https:\/\/www.europesays.com\/de\/1263415\/","title":{"rendered":"Frankenthaler Wochenmarkt l\u00e4dt zum ersten \u201eFr\u00fchS(c)hoppe(n)\u201c ein"},"content":{"rendered":"<p>Einkaufen, genie\u00dfen und genussvoll in den Freitag starten<\/p>\n<p><strong>Frankenthal. <\/strong>Einkaufen, genie\u00dfen und genussvoll in den Freitag starten: Am Freitag, 28. August, erwartet die Besucherinnen und Besucher auf dem Rathausplatz ein besonderer Wochenmarkt. Unter dem Motto \u201eFr\u00fchS(c)hoppe(n)\u201c verbindet der Frankenthaler Wochenmarkt sein gewohnt vielf\u00e4ltiges Angebot mit zus\u00e4tzlichen kulinarischen Angeboten, erfrischenden Getr\u00e4nken und M\u00f6glichkeiten zum Verweilen.<\/p>\n<p>Der Wochenmarkt findet an diesem Freitag wie gewohnt von <strong>7 bis 14 Uhr<\/strong> statt. Ab <strong>9 Uhr<\/strong> wird der Rathausplatz dabei zum Treffpunkt f\u00fcr alle, die ihren Markteinkauf mit einem genussvollen Vormittag verbinden m\u00f6chten.<\/p>\n<p>F\u00fcr das passende \u201eSchoppe\u201c-Gef\u00fchl sorgen das <strong>Weingut Sch\u00e4fer<\/strong> und die <strong>Weinlaube<\/strong> mit Secco, Wein und Schoppe. Erg\u00e4nzt wird das Getr\u00e4nkeangebot durch Traubenschorle mit Limette, Aperol, Hugo und Aperol Spritz in einer alkoholfreien Variante. Fr\u00e4ulein Barista sorgt mit verschiedenen Kaffeespezialit\u00e4ten f\u00fcr den passenden Kaffeegenuss.<\/p>\n<p>Auch kulinarisch gibt es neben dem regul\u00e4ren Wochenmarktangebot einiges zu entdecken. Die zus\u00e4tzlichen Angebote reichen von <strong>Falafel Bowls und Wraps, Antipasti-Tellern, Arancini und G\u00f6zleme \u00fcber K\u00e4se-Snackschalen, Fischbr\u00f6tchen und Paninis bis hin zu Obstbechern und s\u00fc\u00dfen Backwaren.<\/strong> F\u00fcr Freunde der Pf\u00e4lzer K\u00fcche d\u00fcrfen nat\u00fcrlich auch <strong>Dampfnudeln<\/strong> nicht fehlen. Am Stand der Oppauer<strong>\u00a0<\/strong>Dampfnudeln sorgt zudem ein Gl\u00fccksrad f\u00fcr Unterhaltung und die Chance auf einen kleinen Gewinn.<\/p>\n<p><strong>Wochenmarkt trifft Genuss und Begegnung<\/strong><\/p>\n<p>Mit zus\u00e4tzlichen Sitz- und Stehm\u00f6glichkeiten wird der Rathausplatz an diesem besonderen Freitag zum Ort f\u00fcr Begegnung und gemeinsames Genie\u00dfen. Ob nach dem Einkauf, f\u00fcr eine kleine Pause oder zum gem\u00fctlichen Zusammensitzen \u2013 beim \u201eFr\u00fchS(c)hoppe(n)\u201c soll der Wochenmarkt auch als Treffpunkt erlebt werden.<\/p>\n<p><strong>AUF EINEN BLICK<\/strong><\/p>\n<p><strong>Frankenthaler Wochenmarkt \u201eFr\u00fchS(c)hoppe(n)\u201c<\/strong><br \/><strong>Freitag, 28. August 2026 | 7 bis 14 Uhr<\/strong><br \/><strong>Rathausplatz Frankenthal (Pfalz)<\/strong><\/p>\n<p><strong>Einkaufen. Genie\u00dfen. Verweilen.<\/strong><\/p>\n<p>Mehr zum Wochenmarkt unter\u00a0<a href=\"http:\/\/www.frankenthal.de\/wochenmarkt\" target=\"_blank\" rel=\"noreferrer nofollow noopener\">www.frankenthal.de\/wochenmarkt<\/a><\/p>\n<p>Text und Plakat: Stadtverwaltung Frankenthal (Pfalz)\u00a0<\/p>\n","protected":false},"excerpt":{"rendered":"Einkaufen, genie\u00dfen und genussvoll in den Freitag starten Frankenthal. Einkaufen, genie\u00dfen und genussvoll in den Freitag starten: Am&hellip;\n","protected":false},"author":2,"featured_media":1263416,"comment_status":"","ping_status":"","sticky":false,"template":"","format":"standard","meta":{"footnotes":"","_share_on_mastodon":"0"},"categories":[1845],"tags":[16222,17310,1634,17312,17302,17311,3364,29,17317,17309,548,663,3934,17313,30,13,17306,14835,7011,17304,2096,14,15,16935,17314,17316,17305,12,17315,17308,17303,17300,17301,17307,571,1986],"class_list":["post-1263415","post","type-post","status-publish","format-standard","has-post-thumbnail","category-mannheim","tag-dom","tag-altpoertel","tag-baden-wuerttemberg","tag-bistum-speyer","tag-brezelfest","tag-brezelkracher","tag-de","tag-deutschland","tag-dudenhofen","tag-eger","tag-eu","tag-europa","tag-europe","tag-evangelische-kirche-der-pfalz","tag-germany","tag-headlines","tag-historisches-museum","tag-hockenheim","tag-kirchen","tag-kurpfalz","tag-mannheim","tag-nachrichten","tag-news","tag-pfalz","tag-protestantische-landeskirche","tag-roemerberg","tag-salier","tag-schlagzeilen","tag-schwetzingen","tag-sealife","tag-speyer","tag-speyer-kurier","tag-tageszeitung","tag-technik-museum","tag-wochenzeitung","tag-zeitung"],"share_on_mastodon":{"url":"","error":"Validation failed: Text character limit of 500 exceeded"},"_links":{"self":[{"href":"https:\/\/www.europesays.com\/de\/wp-json\/wp\/v2\/posts\/1263415","targetHints":{"allow":["GET"]}}],"collection":[{"href":"https:\/\/www.europesays.com\/de\/wp-json\/wp\/v2\/posts"}],"about":[{"href":"https:\/\/www.europesays.com\/de\/wp-json\/wp\/v2\/types\/post"}],"author":[{"embeddable":true,"href":"https:\/\/www.europesays.com\/de\/wp-json\/wp\/v2\/users\/2"}],"replies":[{"embeddable":true,"href":"https:\/\/www.europesays.com\/de\/wp-json\/wp\/v2\/comments?post=1263415"}],"version-history":[{"count":0,"href":"https:\/\/www.europesays.com\/de\/wp-json\/wp\/v2\/posts\/1263415\/revisions"}],"wp:featuredmedia":[{"embeddable":true,"href":"https:\/\/www.europesays.com\/de\/wp-json\/wp\/v2\/media\/1263416"}],"wp:attachment":[{"href":"https:\/\/www.europesays.com\/de\/wp-json\/wp\/v2\/media?parent=1263415"}],"wp:term":[{"taxonomy":"category","embeddable":true,"href":"https:\/\/www.europesays.com\/de\/wp-json\/wp\/v2\/categories?post=1263415"},{"taxonomy":"post_tag","embeddable":true,"href":"https:\/\/www.europesays.com\/de\/wp-json\/wp\/v2\/tags?post=1263415"}],"curies":[{"name":"wp","href":"https:\/\/api.w.org\/{rel}","templated":true}]}}