{"id":1263451,"date":"2026-08-27T07:05:20","date_gmt":"2026-08-27T07:05:20","guid":{"rendered":"https:\/\/www.europesays.com\/de\/1263451\/"},"modified":"2026-08-27T07:05:20","modified_gmt":"2026-08-27T07:05:20","slug":"bekannt-als-dr-frank-n-furter-rocky-horror-picture-show-star-tim-curry-gestorben","status":"publish","type":"post","link":"https:\/\/www.europesays.com\/de\/1263451\/","title":{"rendered":"Bekannt als Dr. Frank-N-Furter: &#8222;Rocky Horror Picture Show&#8220;-Star Tim Curry gestorben"},"content":{"rendered":"<p>Bekannt als Dr. Frank-N-Furter&#8220;Rocky Horror Picture Show&#8220;-Star Tim Curry gestorben<\/p>\n<p>26.08.2026, 17:42 Uhr <\/p>\n<p>Artikel anh\u00f6ren(01:23 min)<\/p>\n<p><img decoding=\"async\" class=\"Image_img__fQCi0 Image_Img_16_9__4BLfH widget-picture-inline_maximizable__t_E7h\" loading=\"eager\" fetchpriority=\"high\" src=\"https:\/\/www.europesays.com\/de\/wp-content\/uploads\/2026\/08\/imago94652720.webp\" alt=\"imago94652720\"\/>Tim Curry in seiner Paraderolle als Dr. Frank-N-Furter in &#8222;The Rocky Horror Picture Show&#8220; von 1975. (Foto: imago images\/Mary Evans)<\/p>\n<p class=\"Typography_text-m__XI0da Typography_weight-bold__uT6mq storyline_lead_text_leadtext__q_wg8\">Der Schauspieler Tim Curry ist im Alter von 80 Jahren gestorben. Er wurde vor allem f\u00fcr seine Rolle als Dr. Frank-N-Furter in dem Kultklassiker &#8222;The Rocky Horror Picture Show&#8220; bekannt.<\/p>\n<p class=\"Typography_text-default__P3otY Typography_weight-normal__pqUbH storyline_paragraph_p__qSR5N\">Der britische Schauspieler Tim Curry ist laut einem US-Medienbericht tot. Er sei im Alter von 80 Jahren in seinem Haus in Los Angeles gestorben, berichtete das US-Promiportal TMZ unter Berufung auf nicht namentlich genannte Quellen. Laut dem Medienbericht r\u00fcckte gegen 23.30 Uhr die Polizei zu seinem Anwesen aus. Hinweise auf ein Fremdverschulden habe es laut den Ermittlern nicht gegeben.<\/p>\n<p class=\"Typography_text-default__P3otY Typography_weight-normal__pqUbH storyline_paragraph_p__qSR5N\">Angaben zur Todesursache gab es bislang nicht. Der Schauspieler hatte seit einem schweren Schlaganfall vor mehr als einem Jahrzehnt mit gesundheitlichen Problemen zu k\u00e4mpfen.<\/p>\n<p class=\"Typography_text-default__P3otY Typography_weight-normal__pqUbH storyline_paragraph_p__qSR5N\">Seinen Durchbruch feierte Curry als au\u00dferirdischer Wissenschaftler und Transvestit Frank N. Furter zun\u00e4chst auf der Theaterb\u00fchne und anschlie\u00dfend in der 1975 erschienenen Verfilmung des Musicals &#8222;The Rocky Horror Picture Show&#8220;. Die schrille Horror-Parodie mit Curry, Susan Sarandon und Richard O&#8217;Brien floppte zun\u00e4chst an den Kinokassen, entwickelte sich sp\u00e4ter jedoch zum Kultfilm und wurde besonders in mittern\u00e4chtlichen Vorf\u00fchrungen gezeigt.<\/p>\n<p><img decoding=\"async\" class=\"Image_img__fQCi0 Image_Img_16_9__4BLfH widget-picture-inline_maximizable__t_E7h\" loading=\"lazy\" src=\"https:\/\/www.n-tv.de\/logo_grey.svg\" alt=\"85932189\"\/>Auch als Grusel-Clown Pennywise in Stephen Kings &#8222;Es&#8220; schreibt Tim Curry 1990 Filmgeschichte. (Foto: picture alliance\/United Archives)<\/p>\n<p class=\"Typography_text-default__P3otY Typography_weight-normal__pqUbH storyline_paragraph_p__qSR5N\">Bis heute wird der Film regelm\u00e4\u00dfig in Kinos gezeigt. Bei vielen Vorf\u00fchrungen verkleiden sich Fans als Figuren aus dem Film, singen die Lieder mit und tanzen zum &#8222;Time Warp&#8220;. Mehr als vier Jahrzehnte nach dem Original kehrte Curry 2016 f\u00fcr eine Fernseh-Neuverfilmung der &#8222;Rocky Horror Picture Show&#8220; zur\u00fcck und \u00fcbernahm darin die Rolle des Erz\u00e4hlers.<\/p>\n<p class=\"Typography_text-default__P3otY Typography_weight-normal__pqUbH storyline_paragraph_p__qSR5N\">Curry hatte seine Karriere im Londoner West End begonnen und war sp\u00e4ter in vielen Film- und Fernsehproduktionen zu sehen. Zu seinen bekanntesten Rollen geh\u00f6rte neben Frank N. Furter der m\u00f6rderische Clown Pennywise in der Fernseh-Miniserie &#8222;Es&#8220; nach dem Roman von Stephen King aus dem Jahr 1990.<\/p>\n<p class=\"Typography_text-default__P3otY Typography_weight-normal__pqUbH storyline_paragraph_p__qSR5N\">Zu seinen weiteren bekannten Rollen geh\u00f6ren unter anderem &#8222;Kevin &#8211; Allein in New York&#8220;, &#8222;Annie&#8220;, &#8222;Jagd auf Roter Oktober&#8220;, &#8222;Muppet Treasure Island&#8220;, &#8222;Addams Family Reunion&#8220; und &#8222;Scary Movie 2&#8220;. Daneben arbeitete er \u00fcber Jahrzehnte als Theater- und Synchronsprecher.<\/p>\n<p class=\"Typography_text-s__wu_cm Typography_weight-normal__pqUbH Typography_color-darkgrey__sZEnP article-detail-footer_source__KslPc\">Quelle: ntv.de, bho\/AFP<\/p>\n","protected":false},"excerpt":{"rendered":"Bekannt als Dr. Frank-N-Furter&#8220;Rocky Horror Picture Show&#8220;-Star Tim Curry gestorben 26.08.2026, 17:42 Uhr Artikel anh\u00f6ren(01:23 min) Tim Curry&hellip;\n","protected":false},"author":2,"featured_media":1263452,"comment_status":"","ping_status":"","sticky":false,"template":"","format":"standard","meta":{"footnotes":"","_share_on_mastodon":"0"},"categories":[5],"tags":[331,332,3364,29,30,13,683,14,15,12,1719,215],"class_list":["post-1263451","post","type-post","status-publish","format-standard","has-post-thumbnail","category-nachrichten","tag-aktuelle-nachrichten","tag-aktuelle-news","tag-de","tag-deutschland","tag-germany","tag-headlines","tag-hollywood","tag-nachrichten","tag-news","tag-schlagzeilen","tag-todesfaelle","tag-unterhaltung"],"share_on_mastodon":{"url":"https:\/\/pubeurope.com\/@de\/117166206311546671","error":""},"_links":{"self":[{"href":"https:\/\/www.europesays.com\/de\/wp-json\/wp\/v2\/posts\/1263451","targetHints":{"allow":["GET"]}}],"collection":[{"href":"https:\/\/www.europesays.com\/de\/wp-json\/wp\/v2\/posts"}],"about":[{"href":"https:\/\/www.europesays.com\/de\/wp-json\/wp\/v2\/types\/post"}],"author":[{"embeddable":true,"href":"https:\/\/www.europesays.com\/de\/wp-json\/wp\/v2\/users\/2"}],"replies":[{"embeddable":true,"href":"https:\/\/www.europesays.com\/de\/wp-json\/wp\/v2\/comments?post=1263451"}],"version-history":[{"count":0,"href":"https:\/\/www.europesays.com\/de\/wp-json\/wp\/v2\/posts\/1263451\/revisions"}],"wp:featuredmedia":[{"embeddable":true,"href":"https:\/\/www.europesays.com\/de\/wp-json\/wp\/v2\/media\/1263452"}],"wp:attachment":[{"href":"https:\/\/www.europesays.com\/de\/wp-json\/wp\/v2\/media?parent=1263451"}],"wp:term":[{"taxonomy":"category","embeddable":true,"href":"https:\/\/www.europesays.com\/de\/wp-json\/wp\/v2\/categories?post=1263451"},{"taxonomy":"post_tag","embeddable":true,"href":"https:\/\/www.europesays.com\/de\/wp-json\/wp\/v2\/tags?post=1263451"}],"curies":[{"name":"wp","href":"https:\/\/api.w.org\/{rel}","templated":true}]}}