{"id":1263501,"date":"2026-08-27T07:47:23","date_gmt":"2026-08-27T07:47:23","guid":{"rendered":"https:\/\/www.europesays.com\/de\/1263501\/"},"modified":"2026-08-27T07:47:23","modified_gmt":"2026-08-27T07:47:23","slug":"nach-kuehne-tod-opern-plan-soll-in-zwoelf-monaten-stehen","status":"publish","type":"post","link":"https:\/\/www.europesays.com\/de\/1263501\/","title":{"rendered":"Nach K\u00fchne-Tod: Opern-Plan soll in zw\u00f6lf Monaten stehen"},"content":{"rendered":"<p>        <img decoding=\"async\" src=\"https:\/\/www.europesays.com\/de\/wp-content\/uploads\/2026\/04\/oper-hamburg-entwurf-104.webp\" alt=\"Eine Visualisierung zeigt den Siegerentwurf f\u00fcr die Hamburger Oper in der Hafencity.\" title=\"Eine Visualisierung zeigt den Siegerentwurf f\u00fcr die Hamburger Oper in der Hafencity. | BIG &amp; Yanis Amasri Sierra\" class=\"responsive\"\/><\/p>\n<p>AUDIO: Nach K\u00fchne-Tod: Architekten zu Opernpl\u00e4nen (1 Min)<\/p>\n<p>\n                Stand: 27.08.2026 08:45 Uhr<\/p>\n<p class=\"preface\">Klaus-Michael K\u00fchne blieb bis zu seinem Tod seiner Heimatstadt Hamburg verbunden. Dort finanzierte er auch viele Kultur-Projekte, etwa f\u00fcr die Elbphilharmonie und zuletzt f\u00fcr den Neubau einer Oper.<\/p>\n<p class=\"\">Die neue Oper war ein gro\u00dfer Wunsch des Milliard\u00e4rs und Opernfans Klaus-Michael K\u00fchne. \u00c4ndert sein Tod etwas an der Umsetzung? Nein, sagen Stadt, Stiftung und das Architekturb\u00fcro Bjarke Ingels Group (BIG). Dem Vertrag \u00fcber den Neubau der Oper hatte die Hamburgische B\u00fcrgerschaft zugestimmt. Er sieht vor, dass die K\u00fchne-Stiftung den Bau des Opernhauses finanziert und die Stadt daf\u00fcr ein Grundst\u00fcck am Baakenh\u00f6ft unentgeltlich zur Verf\u00fcgung stellt und erschlie\u00dft.<\/p>\n<p>    &#8222;Das Protokoll war klar&#8220;<\/p>\n<p class=\"\">In rund zw\u00f6lf Monaten sollen die wesentlichen Details fertig sein &#8211; und auch die Frage gekl\u00e4rt werden, ob das Projekt im Budget ist. &#8222;Wir h\u00e4tten es gern gehabt, dass er bis zur Durchf\u00fchrungsentscheidung noch bei uns ist&#8220;, sagt Architekt Robert Grimm von BIG. &#8222;Und dann auch sieht, was das finale Design dieser Oper ist. Aber f\u00fcr den Fall, dass er vorher ableben w\u00fcrde, war das Protokoll klar.&#8220;<\/p>\n<p>    Er\u00f6ffnungstermin f\u00fcr neue Oper: April 2035?<\/p>\n<p class=\"\">Rund 100 Fachleute arbeiten derzeit an den Details der Opernpl\u00e4ne in D\u00e4nemark, Deutschland und in einigen anderen L\u00e4ndern. Im September kommenden Jahres sollen dann die K\u00fchne Stiftung, die Oper und die Stadt Hamburg \u00fcber den Fortgang entscheiden. &#8222;Es gibt kein Projekt, an dem ich beteiligt war&#8220;, sagt Jakob Sand, Partner bei BIG, &#8222;das keine Kostengrenze hatte. Unsere Pflicht ist es, dass das, was wir planen, realistisch ist. Sonst w\u00fcrden wir keinen guten Job machen.&#8220;<\/p>\n<p class=\"\">Auch wenn es noch einige H\u00fcrden gibt, intern kursiert bei der Bj\u00f6rke-Ingels-Grupp schon ein m\u00f6glicher Er\u00f6ffnungstermin f\u00fcr die neue Oper am Hamburger Hafen: April 2035.<\/p>\n<p>        <img decoding=\"async\" src=\"https:\/\/www.europesays.com\/de\/wp-content\/uploads\/2026\/08\/kuehne-120.webp\" alt=\"Klaus-Michael K\u00fchne\" title=\"Klaus-Michael K\u00fchne | dpa\/Axel Heimken\" class=\"responsive\" loading=\"lazy\"\/><\/p>\n<p>Manager, Hotelbesitzer, M\u00e4zen, Sportbegeisterter: Klaus-Michael K\u00fchne hat sich in seiner Geburtsstadt Hamburg auf ganz unterschiedliche Weise verwirklicht.<\/p>\n<p>    K\u00fchne-Stiftung \u00fcbernimmt Gro\u00dfteil der Bau-Kosten<\/p>\n<p class=\"\">K\u00fchne hatte angek\u00fcndigt, f\u00fcr den Bau der Oper bis zu 340 Millionen Euro zur Verf\u00fcgung zu stellen. Die Stadt beteiligt sich mit 147,5 Millionen Euro f\u00fcr standortspezifische Mehrkosten, zum Beispiel f\u00fcr Gr\u00fcndung und Flutschutz. Alle weiteren Kosten und Risiken tr\u00e4gt nach Angaben der Stadt die Stiftung. Hinzu kommen rund 104 Millionen Euro f\u00fcr die Herrichtung des Grundst\u00fccks, die Promenade und die Ufereinfassung.<\/p>\n<p class=\"\">Der Neubau in der Hafencity ist geplant, weil die Sanierung der alten Oper an der Dammtorstra\u00dfe Kostensch\u00e4tzungen zufolge mehr als eine Milliarde Euro kosten w\u00fcrde.<\/p>\n<p>        <img decoding=\"async\" src=\"https:\/\/www.europesays.com\/de\/wp-content\/uploads\/2026\/08\/oper-hamburg-entwurf-102.webp\" alt=\"Eine Visualisierung zeigt den Siegerentwurf f\u00fcr die Hamburger Oper in der Hafencity.\" title=\"Eine Visualisierung zeigt den Siegerentwurf f\u00fcr die Hamburger Oper in der Hafencity. | BIG &amp; Yanis Amasri Sierra\" class=\"responsive\" loading=\"lazy\"\/><\/p>\n<p>Alles Wichtige zu den Hintergr\u00fcnden, Planungen und Positionen der Gegner und Bef\u00fcrworter der neuen Oper, die auf dem Baakenh\u00f6ft entstehen soll. <\/p>\n<p>    Wichtiger M\u00e4zen f\u00fcr Kultur in Hamburg<\/p>\n<p class=\"\">K\u00fchne hatte sich aber auch an anderen Stellen f\u00fcr die Kultur seiner Heimatstadt engagiert: Mindestens f\u00fcnf Millionen Euro steuerte er zum Bau der Elbphilharmonie bei. Auch das <a href=\"https:\/\/www.ndr.de\/kultur\/buch\/harbour-front-literaturfestival-2026-mit-han-kang-und-bela-b,harbourfrontliteraturfestival-100.html\" title=\"Cornelia Funke, Charly H\u00fcbner und Han Kang bei Harbour Front 2026\" rel=\"nofollow noopener\" target=\"_blank\">Harbour Front Literaturfestival<\/a> hatte der Milliard\u00e4r mit aus der Taufe gehoben. Mehrere 100.000 Euro waren \u00fcber die Jahre dort hineingeflossen. Au\u00dferdem finanzierte er Lesef\u00f6rderungsprojekte in der ganzen Stadt.<\/p>\n<p class=\"\">Lange war der Deb\u00fctpreis f\u00fcr den besten ersten Roman des Harbour Front Literaturfestivals nach K\u00fchne benannt. Wegen Streitigkeiten um die Nazi-Vergangenheit des Familienunternehmens von K\u00fchne wurde der Preis schlie\u00dflich umbenannt.<\/p>\n<p>    Brosda \u00fcber K\u00fchne: &#8222;Ein gro\u00dfer M\u00e4zen mit viel Leidenschaft&#8220;<\/p>\n<p class=\"\">Mit K\u00fchne verliere Hamburg einen gro\u00dfz\u00fcgigen Stifter und Partner, erkl\u00e4rte Peter Tschentscher, Erster B\u00fcrgermeister der Hansestadt.<\/p>\n<p class=\"\">Auch Kultursenator Carsten Brosda \u00e4u\u00dferte sich zum Tod des M\u00e4zens: &#8222;Klaus-Michael K\u00fchne war eine au\u00dfergew\u00f6hnliche Unternehmerpers\u00f6nlichkeit und ein gro\u00dfer M\u00e4zen, der mit viel Leidenschaft &#8211; und damit in hanseatischer Tradition &#8211; die Kultur in Hamburg immer wieder gro\u00dfz\u00fcgig unterst\u00fctzt hat. Er hat dazu beigetragen, dass Hamburg heute international als eine Kulturstadt wahrgenommen wird.&#8220;<\/p>\n<p>\n            <strong>Video:<\/strong><br \/>\n            Neue Oper ja, Dokumentationszentrum nein? (6 Min)\n        <\/p>\n<p>        <img decoding=\"async\" src=\"https:\/\/www.europesays.com\/de\/wp-content\/uploads\/2026\/08\/opernhaushamburg-104.webp\" alt=\"M\u00e4nner in Anz\u00fcgen vor einem Architekturentwurf f\u00fcr eine neue Oper in Hamburg.\" title=\"M\u00e4nner in Anz\u00fcgen vor einem Architekturentwurf f\u00fcr eine neue Oper in Hamburg. | dpa\/ Georg Wendt\" class=\"responsive\" loading=\"lazy\"\/><\/p>\n<p>Bis auf die Linke haben alle Fraktionen der Hamburgischen B\u00fcrgerschaft dem Bau der &#8222;K\u00fchne-Oper&#8220; zugestimmt. Ulrich K\u00fchn hat gemischte Gef\u00fchle.<\/p>\n<p>        <img decoding=\"async\" src=\"https:\/\/www.europesays.com\/de\/wp-content\/uploads\/2026\/04\/hafencity904.webp\" alt=\"Am Baakenh\u00f6ft in der Hamburger Hafencity soll die neue Oper gebaut werden.\" title=\"Am Baakenh\u00f6ft in der Hamburger Hafencity soll die neue Oper gebaut werden. | NDR\" class=\"responsive\" loading=\"lazy\"\/><\/p>\n<p>Die Planung f\u00fcr die neue Hamburger Oper von Unternehmer Klaus-Michael K\u00fchne l\u00e4uft. Weniger Tempo dagegen hat die Aufarbeitung der Rolle von K\u00fchne+Nagel w\u00e4hrend der Nazi-Zeit.<\/p>\n<p>        <img decoding=\"async\" src=\"https:\/\/www.europesays.com\/de\/wp-content\/uploads\/2026\/08\/oper-hamburg-entwurf-108.webp\" alt=\"Eine Visualisierung zeigt den Siegerentwurf f\u00fcr die Hamburger Oper in der Hafencity.\" title=\"Eine Visualisierung zeigt den Siegerentwurf f\u00fcr die Hamburger Oper in der Hafencity. | BIG &amp; Yanis Amasri Sierra\" class=\"responsive\" loading=\"lazy\"\/><\/p>\n<p>B\u00fcrgermeister Peter Tschentscher spricht von einem &#8222;Gl\u00fccksfall und einer Chance&#8220; und erwartet ein &#8222;Opernhaus von Weltrang&#8220;.<\/p>\n","protected":false},"excerpt":{"rendered":"AUDIO: Nach K\u00fchne-Tod: Architekten zu Opernpl\u00e4nen (1 Min) Stand: 27.08.2026 08:45 Uhr Klaus-Michael K\u00fchne blieb bis zu seinem&hellip;\n","protected":false},"author":2,"featured_media":1259416,"comment_status":"","ping_status":"","sticky":false,"template":"","format":"standard","meta":{"footnotes":"","_share_on_mastodon":"0"},"categories":[1826],"tags":[29,9166,30,692,258461,13067,80,402,2075,77533,97],"class_list":["post-1263501","post","type-post","status-publish","format-standard","has-post-thumbnail","category-hamburg","tag-deutschland","tag-elbphilharmonie","tag-germany","tag-hamburg","tag-harbour-front-literaturfestival","tag-klaus-michael-kuehne","tag-kultur","tag-kulturpolitik","tag-kunst","tag-maezen","tag-oper"],"share_on_mastodon":{"url":"https:\/\/pubeurope.com\/@de\/117166374770759727","error":""},"_links":{"self":[{"href":"https:\/\/www.europesays.com\/de\/wp-json\/wp\/v2\/posts\/1263501","targetHints":{"allow":["GET"]}}],"collection":[{"href":"https:\/\/www.europesays.com\/de\/wp-json\/wp\/v2\/posts"}],"about":[{"href":"https:\/\/www.europesays.com\/de\/wp-json\/wp\/v2\/types\/post"}],"author":[{"embeddable":true,"href":"https:\/\/www.europesays.com\/de\/wp-json\/wp\/v2\/users\/2"}],"replies":[{"embeddable":true,"href":"https:\/\/www.europesays.com\/de\/wp-json\/wp\/v2\/comments?post=1263501"}],"version-history":[{"count":0,"href":"https:\/\/www.europesays.com\/de\/wp-json\/wp\/v2\/posts\/1263501\/revisions"}],"wp:featuredmedia":[{"embeddable":true,"href":"https:\/\/www.europesays.com\/de\/wp-json\/wp\/v2\/media\/1259416"}],"wp:attachment":[{"href":"https:\/\/www.europesays.com\/de\/wp-json\/wp\/v2\/media?parent=1263501"}],"wp:term":[{"taxonomy":"category","embeddable":true,"href":"https:\/\/www.europesays.com\/de\/wp-json\/wp\/v2\/categories?post=1263501"},{"taxonomy":"post_tag","embeddable":true,"href":"https:\/\/www.europesays.com\/de\/wp-json\/wp\/v2\/tags?post=1263501"}],"curies":[{"name":"wp","href":"https:\/\/api.w.org\/{rel}","templated":true}]}}