{"id":1263530,"date":"2026-08-27T08:10:22","date_gmt":"2026-08-27T08:10:22","guid":{"rendered":"https:\/\/www.europesays.com\/de\/1263530\/"},"modified":"2026-08-27T08:10:22","modified_gmt":"2026-08-27T08:10:22","slug":"zustand-von-koenig-harald-v-sehr-ernst-unterhaltung","status":"publish","type":"post","link":"https:\/\/www.europesays.com\/de\/1263530\/","title":{"rendered":"Zustand von K\u00f6nig Harald V. \u201esehr ernst\u201c | Unterhaltung"},"content":{"rendered":"<p><a class=\"skip-content skip-content--link\" href=\"#in-content-skip-link-target-v-0-0\">TTS-Player \u00fcberspringen\u21b5<\/a><a id=\"in-content-skip-link-target-v-0-0\" class=\"skip-content--target-link-hidden skip-content skip-content--target-link\" href=\"#in-content-skip-link-target-v-0-0\">Artikel weiterlesen<\/a><\/p>\n<p data-32581ace=\"0-2493\">Oslo (Norwegen) \u2013 <b>Gro\u00dfe Sorge um Norwegens K\u00f6nig Harald (89): Der Gesundheitszustand des Monarchen hat sich nach Angaben des K\u00f6nigshauses drastisch verschlechtert. Am Donnerstagmorgen teilte der Hof mit, dass sowohl K\u00f6nigin Sonja (89) als auch Kronprinz Haakon (53) ihre Termine abgesagt haben. In der offiziellen Erkl\u00e4rung hei\u00dft es w\u00f6rtlich: \u201eSein Gesundheitszustand ist sehr ernst.\u201c<\/b><\/p>\n<p data-32581ace=\"0-2493\">Kurz nach der Mitteilung wurden K\u00f6nigin Sonja und das Kronprinzenpaar, sowie Sverre Magnus (20) am Rikshospital in Oslo gesehen. Auch Prinzessin Astrid (94), die \u00e4ltere Schwester von Harald, wurde auf dem Weg ins Krankenhaus gesichtet. <\/p>\n<p data-32581ace=\"0-2493\">Bereits am Sonntag hatte das K\u00f6nigshaus bekannt gegeben, dass bei dem 89-J\u00e4hrigen Bakterien im Blut festgestellt worden seien. Damals wurde sein Zustand als \u201eernst\u201c, aber stabil beschrieben. Nun hat sich die Lage offenbar deutlich versch\u00e4rft.<\/p>\n<p><img decoding=\"async\" width=\"992\" height=\"558\" alt=\"Kronprinzessin Mette-Marit und Kronprinz Haakon (beide 53) am Donnerstagmorgen auf dem Weg ins Rikshospitalet\" loading=\"lazy\" src=\"https:\/\/www.europesays.com\/de\/wp-content\/uploads\/2026\/08\/acd890a912209787639c5a2d90a46750,e9998fe3.jpeg\"   class=\"landscape\"\/><\/p>\n<p class=\"fig__caption__text\">Kronprinzessin Mette-Marit und Kronprinz Haakon (beide 53) am Donnerstagmorgen auf dem Weg ins Rikshospitalet <\/p>\n<p>Foto: danapress<\/p>\n<p><img decoding=\"async\" width=\"992\" height=\"558\" alt=\"Auch Haralds Schwester Prinzessin Astrid (94) wurde auf dem Weg zu ihrem Bruder gesichtet\" loading=\"lazy\" src=\"https:\/\/www.europesays.com\/de\/wp-content\/uploads\/2026\/08\/23211c2e4f12d585b8a254941403c8ab,56978c47.jpeg\"   class=\"landscape\"\/><\/p>\n<p class=\"fig__caption__text\">Auch Haralds Schwester Prinzessin Astrid (94) wurde auf dem Weg zu ihrem Bruder gesichtet<\/p>\n<p>Foto: danapress<\/p>\n<p>Seit Tagen in Behandlung<\/p>\n<p data-32581ace=\"0-2493\">K\u00f6nig Harald<b> <\/b>liegt seit dem 17. August im Krankenhaus und wird in der Osloer Uniklinik Rikshospital wegen Wasseransammlungen im K\u00f6rper behandelt. Die hatten sich aufgrund einer h\u00e4molytischen An\u00e4mie, die mit Kortison behandelt wurde, gebildet. <a href=\"https:\/\/www.bild.de\/unterhaltung\/royals-adel\/norwegens-koenig-harald-gesundheitszustand-hat-sich-verschlechtert-6a8b336bc3692834ff6da558\" class=\"text-link\" rel=\"nofollow noopener\" target=\"_blank\">Der Gesundheitszustand des K\u00f6nigs hatte sich \u00fcber das vergangene Wochenende deutlich verschlechtert<\/a>. In einer Mitteilung hie\u00df es: \u201eDer Gesundheitszustand <a href=\"https:\/\/www.bild.de\/unterhaltung\/stars-und-leute\/norwegens-koenig-harald-v-in-klinik-6a75f2b4c07f6c2f08035e2b\" class=\"text-link\" rel=\"nofollow noopener\" target=\"_blank\">Seiner Majest\u00e4t<\/a> des K\u00f6nigs hat sich verschlechtert. Er erh\u00e4lt Antibiotika gegen eine Infektion mit Bakterien im Blut, und er hat auf die Behandlung reagiert.\u201c <\/p>\n<p>Mehr zum ThemaEr k\u00e4mpft seit Jahren mit gesundheitlichen Problemen<\/p>\n<p data-32581ace=\"0-2493\">Bereits 2003 musste ihm wegen Blasenkrebs die Harnblase entfernt werden. 2005 erhielt er eine k\u00fcnstliche Herzklappe, 2020 folgte ein weiterer Eingriff am Herzen. Besonders dramatisch wurde es im Fr\u00fchjahr 2024: W\u00e4hrend eines Urlaubs in Malaysia bekam Harald gesundheitliche Probleme, musste ins Krankenhaus eingeliefert werden und bekam zun\u00e4chst einen provisorischen, sp\u00e4ter in Norwegen einen dauerhaften Herzschrittmacher eingesetzt. Seitdem musste Europas \u00e4ltester amtierender Monarch immer wieder wegen Infektionen, Herzproblemen oder anderer Beschwerden medizinisch behandelt werden.<\/p>\n<p data-32581ace=\"0-2493\">Vor rund zwei Jahren erwischte es Harald besonders heftig. Nach einer Infektion musste der K\u00f6nig mehr als zwei Monate k\u00fcrzer treten und sich vollst\u00e4ndig erholen. Schon damals wurde deutlich: In dem Alter will und kann der Monarch nicht mehr jede Verpflichtung wie fr\u00fcher wahrnehmen. Harald k\u00fcndigte deshalb an, sein Arbeitspensum k\u00fcnftig etwas herunterzufahren und sich mehr Ruhe zu g\u00f6nnen.<\/p>\n","protected":false},"excerpt":{"rendered":"TTS-Player \u00fcberspringen\u21b5Artikel weiterlesen Oslo (Norwegen) \u2013 Gro\u00dfe Sorge um Norwegens K\u00f6nig Harald (89): Der Gesundheitszustand des Monarchen hat&hellip;\n","protected":false},"author":2,"featured_media":1263531,"comment_status":"","ping_status":"","sticky":false,"template":"","format":"standard","meta":{"footnotes":"","_share_on_mastodon":"0"},"categories":[3],"tags":[1916,13,1919,1915,14,15,913,1917,12,138370,10,8,9,11,103,104],"class_list":["post-1263530","post","type-post","status-publish","format-standard","has-post-thumbnail","category-welt","tag-haakon-von-norwegen","tag-headlines","tag-hoiby-marius-borg","tag-mette-marit","tag-nachrichten","tag-news","tag-norwegen","tag-norwegische-royals","tag-schlagzeilen","tag-team-first","tag-top-news","tag-top-meldungen","tag-topmeldungen","tag-topnews","tag-welt","tag-world"],"share_on_mastodon":{"url":"https:\/\/pubeurope.com\/@de\/117166464831019303","error":""},"_links":{"self":[{"href":"https:\/\/www.europesays.com\/de\/wp-json\/wp\/v2\/posts\/1263530","targetHints":{"allow":["GET"]}}],"collection":[{"href":"https:\/\/www.europesays.com\/de\/wp-json\/wp\/v2\/posts"}],"about":[{"href":"https:\/\/www.europesays.com\/de\/wp-json\/wp\/v2\/types\/post"}],"author":[{"embeddable":true,"href":"https:\/\/www.europesays.com\/de\/wp-json\/wp\/v2\/users\/2"}],"replies":[{"embeddable":true,"href":"https:\/\/www.europesays.com\/de\/wp-json\/wp\/v2\/comments?post=1263530"}],"version-history":[{"count":0,"href":"https:\/\/www.europesays.com\/de\/wp-json\/wp\/v2\/posts\/1263530\/revisions"}],"wp:featuredmedia":[{"embeddable":true,"href":"https:\/\/www.europesays.com\/de\/wp-json\/wp\/v2\/media\/1263531"}],"wp:attachment":[{"href":"https:\/\/www.europesays.com\/de\/wp-json\/wp\/v2\/media?parent=1263530"}],"wp:term":[{"taxonomy":"category","embeddable":true,"href":"https:\/\/www.europesays.com\/de\/wp-json\/wp\/v2\/categories?post=1263530"},{"taxonomy":"post_tag","embeddable":true,"href":"https:\/\/www.europesays.com\/de\/wp-json\/wp\/v2\/tags?post=1263530"}],"curies":[{"name":"wp","href":"https:\/\/api.w.org\/{rel}","templated":true}]}}