{"id":1263532,"date":"2026-08-27T08:11:15","date_gmt":"2026-08-27T08:11:15","guid":{"rendered":"https:\/\/www.europesays.com\/de\/1263532\/"},"modified":"2026-08-27T08:11:15","modified_gmt":"2026-08-27T08:11:15","slug":"mdr-wahlarena-von-der-afd-kam-am-ende-nichts-schulze-zeigt-sich-zufrieden-nach-tv-duell-mit-siegmund","status":"publish","type":"post","link":"https:\/\/www.europesays.com\/de\/1263532\/","title":{"rendered":"MDR-Wahlarena: \u201eVon der AfD kam am Ende nichts\u201c \u2013 Schulze zeigt sich zufrieden nach TV-Duell mit Siegmund"},"content":{"rendered":"<p>\u201eWenn es um Inhalte geht, dann ist die AfD schwach auf der Brust\u201c, sagt Ministerpr\u00e4sident Schulze nach seinem Gespr\u00e4ch mit AfD-Spitzenkandidat Siegmund. Ein Politikwissenschaftler sieht hingegen keinen eindeutigen Gewinner.<\/p>\n<p class=\"c-inline-alert__description\">Klicken Sie hier, um sich Artikel von WELT in der Google-Suche bevorzugt anzeigen zu lassen.<\/p>\n<p class=\"is-first-paragraph\" data-external=\"Article.FirstParagraph\">Nach dem TV-Duell mit Ulrich Siegmund sieht Sachsen-Anhalts Ministerpr\u00e4sident Sven Schulze (CDU) seinen Auftritt als gelungen an. Im Gespr\u00e4ch mit WELT TV sagte er: \u201eIch war insgesamt sehr zufrieden mit diesem Fernsehduell, weil ich zeigen konnte, wenn es um Inhalte geht, dann ist die AfD schwach auf der Brust. Und es ging gestern um Inhalte.\u201c<\/p>\n<p>Er habe konkret zeigen k\u00f6nnen, wo die Unterschiede beider Kandidaten l\u00e4gen. Als Beispiel nannte er etwa die Innere Sicherheit. \u201eDass wir hier keine B\u00fcrgerwehr haben wollen, so wie die AfD, sondern dass wir auf unsere Polizei setzen und die weiter unterst\u00fctzen\u201c, sagte Schulze. Die AfD k\u00fcndigt in ihrem Wahlprogramm f\u00fcr Sachsen-Anhalt an, eine freiwillige B\u00fcrgerwacht einf\u00fchren zu wollen.<\/p>\n<p>Auch im Hinblick auf das Schulsystem habe er klargemacht, dass mehr Praxis an Schulen gelehrt werden solle. \u201eAll das sind gestern Aussagen von uns gewesen, auch klar unterlegt inhaltlich. Und von der AfD kam am Ende nichts. Und das kriege ich auch heute ganz viel zur\u00fcckgespiegelt von den Menschen hier\u201c, sagte Schulze.<\/p>\n<p>Der Vorsitzende der CSU\u2011Landesgruppe, Alexander Hoffmann, bewertete das Gespr\u00e4ch zwischen Schulze und Siegmund bei <a class=\"is-link c-block-items__link c-link--rich-text-renderer\" href=\"https:\/\/www.welt.de\/videos\/video6a8fcc428a7786c19f3357a6\/alexander-hoffmann-ich-kann-nur-mit-einem-gewissen-laecheln-richtung-afd-gucken.html\" data-internal-tracking-enabled=\"true\" data-internal-tracking=\"{&quot;action&quot;:&quot;click&quot;,&quot;label&quot;:&quot;link&quot;,&quot;name&quot;:&quot;Inline Element&quot;,&quot;data&quot;:{&quot;source&quot;:&quot;&quot;,&quot;target&quot;:&quot;https:\/\/www.welt.de\/videos\/video6a8fcc428a7786c19f3357a6\/alexander-hoffmann-ich-kann-nur-mit-einem-gewissen-laecheln-richtung-afd-gucken.html&quot;,&quot;trackingName&quot;:&quot;&quot;,&quot;trackingLabel&quot;:&quot;&quot;}}\" rel=\"nofollow noopener\" target=\"_blank\">WELT TV<\/a> als \u201esehr spannendes Duell, ein sehr offensives Duell\u201c. <\/p>\n<p>Aus Sicht des Politikwissenschaftlers Benjamin H\u00f6hne von der TU Chemnitz hat es beim Aufeinandertreffen der beiden Politiker keinen eindeutigen Gewinner gegeben. Der Ministerpr\u00e4sident habe versucht, \u201esehr staatsm\u00e4nnisch aufzutreten, ausgewogen zu argumentieren\u201c und aufzuzeigen, \u201edass viele Punkte, die Siegmund angesprochen hat, etwa der Migrationspolitik, gar nicht Angelegenheit der Landesebene sind\u201c, sagte er.<\/p>\n<p>AfD-Kandidat Siegmund ist aus Sicht des Experten insbesondere auf Nachfrage selten konkret geworden und habe stattdessen eher Plattit\u00fcden ge\u00e4u\u00dfert. \u201eAlso zur\u00fcck in die guten alten Zeiten, die politische Klasse, die gegen das Land arbeitet. Das sind nat\u00fcrlich sozusagen populistische Problembeschreibungen, aber keine Konzepte.\u201c<\/p>\n<p>nw mit dpa<\/p>\n","protected":false},"excerpt":{"rendered":"\u201eWenn es um Inhalte geht, dann ist die AfD schwach auf der Brust\u201c, sagt Ministerpr\u00e4sident Schulze nach seinem&hellip;\n","protected":false},"author":2,"featured_media":1263533,"comment_status":"","ping_status":"","sticky":false,"template":"","format":"standard","meta":{"footnotes":"","_share_on_mastodon":"0"},"categories":[2],"tags":[186,31,29,30,13,14,15,110,860,12,30398,141666,65897,45,10,8,9,11,157910,141667],"class_list":["post-1263532","post","type-post","status-publish","format-standard","has-post-thumbnail","category-deutschland","tag-afd","tag-cdu","tag-deutschland","tag-germany","tag-headlines","tag-nachrichten","tag-news","tag-newsteam","tag-sachsen-anhalt","tag-schlagzeilen","tag-schulze","tag-siegmund","tag-sven","tag-texttospeech","tag-top-news","tag-top-meldungen","tag-topmeldungen","tag-topnews","tag-tv-duelle-ks","tag-ulrich-afd"],"share_on_mastodon":{"url":"https:\/\/pubeurope.com\/@de\/117166465758621065","error":""},"_links":{"self":[{"href":"https:\/\/www.europesays.com\/de\/wp-json\/wp\/v2\/posts\/1263532","targetHints":{"allow":["GET"]}}],"collection":[{"href":"https:\/\/www.europesays.com\/de\/wp-json\/wp\/v2\/posts"}],"about":[{"href":"https:\/\/www.europesays.com\/de\/wp-json\/wp\/v2\/types\/post"}],"author":[{"embeddable":true,"href":"https:\/\/www.europesays.com\/de\/wp-json\/wp\/v2\/users\/2"}],"replies":[{"embeddable":true,"href":"https:\/\/www.europesays.com\/de\/wp-json\/wp\/v2\/comments?post=1263532"}],"version-history":[{"count":0,"href":"https:\/\/www.europesays.com\/de\/wp-json\/wp\/v2\/posts\/1263532\/revisions"}],"wp:featuredmedia":[{"embeddable":true,"href":"https:\/\/www.europesays.com\/de\/wp-json\/wp\/v2\/media\/1263533"}],"wp:attachment":[{"href":"https:\/\/www.europesays.com\/de\/wp-json\/wp\/v2\/media?parent=1263532"}],"wp:term":[{"taxonomy":"category","embeddable":true,"href":"https:\/\/www.europesays.com\/de\/wp-json\/wp\/v2\/categories?post=1263532"},{"taxonomy":"post_tag","embeddable":true,"href":"https:\/\/www.europesays.com\/de\/wp-json\/wp\/v2\/tags?post=1263532"}],"curies":[{"name":"wp","href":"https:\/\/api.w.org\/{rel}","templated":true}]}}