{"id":1263539,"date":"2026-08-27T08:16:24","date_gmt":"2026-08-27T08:16:24","guid":{"rendered":"https:\/\/www.europesays.com\/de\/1263539\/"},"modified":"2026-08-27T08:16:24","modified_gmt":"2026-08-27T08:16:24","slug":"schleswig-holstein-aktuell-nachrichten-im-ueberblick-335","status":"publish","type":"post","link":"https:\/\/www.europesays.com\/de\/1263539\/","title":{"rendered":"Schleswig-Holstein aktuell: Nachrichten im \u00dcberblick"},"content":{"rendered":"<p>        <img decoding=\"async\" src=\"https:\/\/www.europesays.com\/de\/wp-content\/uploads\/2026\/03\/nachrichtenkompakt126.webp.webp\" alt=\"Grafik: Eine Sprechblase, in der die Kontur des Landes Schleswig-Holstein abgebildet ist.\" title=\"Grafik: Eine Sprechblase, in der die Kontur des Landes Schleswig-Holstein abgebildet ist. | NDR\" class=\"responsive\"\/><\/p>\n<p>AUDIO: Nachrichten 07:00 Uhr &#8211; 27.08.2026 (4 Min)<\/p>\n<p>\n                Stand: 27.08.2026 08:00 Uhr<\/p>\n<p class=\"preface\">Nachrichten aus Schleswig-Holstein vom 27. August 2026 &#8211; kompakt und aktuell im Newsblog von NDR SH: Lesen Sie hier im \u00dcberblick, was im Land passiert und noch wichtig wird.<\/p>\n<p>\n        07:26 Uhr\n    <\/p>\n<p>    Sonnenbrand: Forscher warnen vor gef\u00e4hrlichem &#8222;Tanmaxxing&#8220;-Trend<\/p>\n<p class=\"\">Haut\u00e4rzte in Schleswig-Holstein warnen vor einem zu sorglosen Umgang mit der Sonne. Hintergrund ist ein neuer <a href=\"https:\/\/www.ndr.de\/nachrichten\/schleswig-holstein\/tanmaxxing-im-trend-darum-ist-der-hype-so-gefaehrlich,tanmaxxing-104.html\" title=\"&quot;Tanmaxxing&quot; im Trend - darum ist der Hype so gef\u00e4hrlich\" rel=\"nofollow noopener\" target=\"_blank\">Social Media Trend &#8211; beim sogenannten &#8222;Tanmaxxing&#8220;<\/a> wollen Menschen m\u00f6glichst schnell braun werden, ohne jeden Sonnenschutz. \u00c4rztinnen und \u00c4rzte sagen, dass dadurch die Gefahr von Hautkrebs steige. In Schleswig-Holstein gibt es bundesweit die drittmeisten Erkrankungen. | NDR Schleswig-Holstein 27.08.2026 07:00 Uhr<\/p>\n<p>        <img decoding=\"async\" src=\"https:\/\/www.europesays.com\/de\/wp-content\/uploads\/2026\/08\/tanmaxxing-116.webp\" alt=\"Ein Video, in dem eine Person mit Sonnenbrand zu sehen ist.\" title=\"Ein Video, in dem eine Person mit Sonnenbrand zu sehen ist. | NDR, Sven Jachmann\" class=\"responsive\" loading=\"lazy\"\/><\/p>\n<p>Der Social-Media-Trend lockt vor allem junge Menschen ohne Sonnenschutz in die Sonne. Haut\u00e4rzte aus SH sprechen von gro\u00dfen Risiken.<\/p>\n<p>\n        07:10 Uhr\n    <\/p>\n<p>    Feuer in Ottendorf: Schuppen und Wohnhaus in Flammen<\/p>\n<p class=\"\">In Ottendorf im <a href=\"https:\/\/www.ndr.de\/nachrichten\/schleswig-holstein\/Kreis-Rendsburg-Eckernfoerde-Aktuelle-Nachrichten-und-Videos,rendsburgeckernfoerde118.html\" title=\"Kreis Rendsburg-Eckernf\u00f6rde - Aktuelle Nachrichten und Videos\" rel=\"nofollow noopener\" target=\"_blank\">Kreis Rendsburg-Eckernf\u00f6rde<\/a> ist am Mittwochabend die Feuerwehr ausger\u00fcckt. Nach Angaben der Polizei brannte gegen 20 Uhr erst ein Schuppen &#8211; dann griff das Feuer auf das angrenzende Wohnhaus \u00fcber. Es ist nicht mehr bewohnbar. Verletzt wurde niemand. | NDR Schleswig-Holstein 27.08.2026 07:30 Uhr<\/p>\n<p>        <img decoding=\"async\" src=\"https:\/\/www.europesays.com\/de\/wp-content\/uploads\/2026\/03\/podcastlogo104.webp.webp\" alt=\"Ein Mikrofon vor zwei Menschen.\" title=\"Ein Mikrofon vor zwei Menschen. | NDR, Janis R\u00f6hlig\" class=\"responsive\" loading=\"lazy\"\/><\/p>\n<p>Alles, was f\u00fcr Schleswig-Holstein wichtig ist: Im Nachrichten-Podcast von NDR 1 Welle Nord h\u00f6ren Sie das Neueste aus Schleswig-Holstein, Deutschland und der Welt.<\/p>\n<p>\n        06:30 Uhr\n    <\/p>\n<p>    Feuer in Mehrfamilienhaus in Kiel-Gaarden &#8211; eine Person gerettet<\/p>\n<p class=\"\">Im <a href=\"https:\/\/www.ndr.de\/nachrichten\/schleswig-holstein\/Kiel-Aktuelle-Nachrichten-News-und-Videos,kiel7262.html\" title=\"Kiel - Aktuelle Nachrichten und Videos\" rel=\"nofollow noopener\" target=\"_blank\">Kieler<\/a> Stadtteil Gaarden ist die Feuerwehr am Abend zu einem Brand in einem Mehrfamilienhaus ausger\u00fcckt. Nach Angaben der Feuerwehr brannte es im ersten Stock &#8211; eine Person musste mit der Drehleiter aus dem zweiten Obergeschoss gerettet werden. Insgesamt waren rund 50 Einsatzkr\u00e4fte vor Ort. Verletzt wurde niemand, das Geb\u00e4ude ist laut Feuerwehr nicht mehr bewohnbar. | NDR Schleswig-Holstein 27.08.2026 06:30 Uhr<\/p>\n<p>        <img decoding=\"async\" src=\"https:\/\/www.europesays.com\/de\/wp-content\/uploads\/2026\/03\/podcastlogo104.webp.webp\" alt=\"Ein Mikrofon vor zwei Menschen.\" title=\"Ein Mikrofon vor zwei Menschen. | NDR, Janis R\u00f6hlig\" class=\"responsive\" loading=\"lazy\"\/><\/p>\n<p>Alles, was f\u00fcr Schleswig-Holstein wichtig ist: Im Nachrichten-Podcast von NDR 1 Welle Nord h\u00f6ren Sie das Neueste aus Schleswig-Holstein, Deutschland und der Welt.<\/p>\n<p>\n        06:28 Uhr\n    <\/p>\n<p>    Landtag: Unterst\u00fctzung f\u00fcr Kinder mit sprachlichem F\u00f6rderbedarf<\/p>\n<p class=\"\">Nach den Pl\u00e4nen der schwarz-gr\u00fcnen Landesregierung soll in Schleswig-Holstein <a href=\"https:\/\/www.ndr.de\/nachrichten\/schleswig-holstein\/schueler-filmen-ohne-erlaubnis-scharfe-debatte-im-landtag,sprachentwicklung-100.html\" title=\"Sch\u00fcler filmen ohne Erlaubnis? Scharfe Debatte im Landtag\" rel=\"nofollow noopener\" target=\"_blank\">eine fr\u00fche Sprachf\u00f6rderung vor der Einschulung k\u00fcnftig im Schulgesetz verpflichtend geregelt werden<\/a>. Im Landtag wurde gestern dar\u00fcber beraten. Bildungsministerin Dorit Stenke (CDU) sagte, man wolle alle Kinder fr\u00fch erreichen und bei Bedarf sprachlich f\u00f6rdern. Zudem w\u00fcrden soziale Kompetenzen, Motorik und mathematische Kompetenzen \u00fcberpr\u00fcft. Auch die Handynutzung an Schulen soll gesetzlich geregelt werden. F\u00fcr Diskussionen sorgt der Plan, Ton und Videoaufnahmen zu erm\u00f6glichen &#8211; auch ohne Einwilligung von Eltern oder Sch\u00fclern. Die SPD h\u00e4lt das f\u00fcr hochproblematisch. | NDR Schleswig-Holstein 27.08.2026 06:00 Uhr<\/p>\n<p>        <img decoding=\"async\" src=\"https:\/\/www.europesays.com\/de\/wp-content\/uploads\/2026\/08\/handyaufnahme-100.webp\" alt=\"Eine Person schaut auf ihr Handy, die Handykamera ist auf den Betrachter gerichtet.\" title=\"Eine Person schaut auf ihr Handy, die Handykamera ist auf den Betrachter gerichtet. | picture alliance\/dpa, Karl-Josef Hildenbrand\" class=\"responsive\" loading=\"lazy\"\/><\/p>\n<p>Dieser Unterpunkt im Gesetzesentwurf zur Sprachf\u00f6rderung hat im Schleswig-Holsteinischen Landtag f\u00fcr Diskussionen gesorgt.<\/p>\n<p>        <img decoding=\"async\" src=\"https:\/\/www.europesays.com\/de\/wp-content\/uploads\/2026\/03\/podcastlogo104.webp.webp\" alt=\"Ein Mikrofon vor zwei Menschen.\" title=\"Ein Mikrofon vor zwei Menschen. | NDR, Janis R\u00f6hlig\" class=\"responsive\" loading=\"lazy\"\/><\/p>\n<p>Alles, was f\u00fcr Schleswig-Holstein wichtig ist: Im Nachrichten-Podcast von NDR 1 Welle Nord h\u00f6ren Sie das Neueste aus Schleswig-Holstein, Deutschland und der Welt.<\/p>\n<p>\n        06:21 Uhr\n    <\/p>\n<p>    Empfang des Landtages f\u00fcr Einsatzkr\u00e4fte in B\u00fcdelsdorf<\/p>\n<p class=\"\">In B\u00fcdelsdorf im <a href=\"https:\/\/www.ndr.de\/nachrichten\/schleswig-holstein\/Kreis-Rendsburg-Eckernfoerde-Aktuelle-Nachrichten-und-Videos,rendsburgeckernfoerde118.html\" title=\"Kreis Rendsburg-Eckernf\u00f6rde - Aktuelle Nachrichten und Videos\" rel=\"nofollow noopener\" target=\"_blank\">Kreis Rendsburg-Eckernf\u00f6rde<\/a> hat Landtagspr\u00e4sidentin Kristina Herbst (CDU) zahlreichen Einsatzkr\u00e4ften aus Schleswig-Holstein gedankt. Rund 300 G\u00e4ste sind am Mittwochabend in die Thormannhalle gekommen &#8211; zum Beispiel Sanit\u00e4ter, Feuerwehrleute oder Rettungsschwimmer. Herbst sagte, sie alle w\u00fcrden f\u00fcr unsere Sicherheit ihr Leben riskieren und seelische Belastungen in Kauf nehmen. Die Veranstaltung gibt es in der aktuellen Form seit 2023 &#8211; Vorg\u00e4ngerversionen gab es bereits in den 1970er-Jahren. | NDR Schleswig-Holstein 27.08.2026 06:00 Uhr<\/p>\n<p>        <img decoding=\"async\" src=\"https:\/\/www.europesays.com\/de\/wp-content\/uploads\/2026\/08\/einsatzkrafte-100.webp\" alt=\"Einsatzkr\u00e4fte vor einem Geb\u00e4ude\" title=\"Einsatzkr\u00e4fte vor einem Geb\u00e4ude | NDR Uwe Jahn\" class=\"responsive\" loading=\"lazy\"\/><\/p>\n<p>Kristina Herbst sagte bei einem Empfang, sie alle w\u00fcrden f\u00fcr unsere Sicherheit ihr Leben riskieren und seelische Belastungen in Kauf nehmen.<\/p>\n<p>        <img decoding=\"async\" src=\"https:\/\/www.europesays.com\/de\/wp-content\/uploads\/2026\/03\/podcastlogo104.webp.webp\" alt=\"Ein Mikrofon vor zwei Menschen.\" title=\"Ein Mikrofon vor zwei Menschen. | NDR, Janis R\u00f6hlig\" class=\"responsive\" loading=\"lazy\"\/><\/p>\n<p>Alles, was f\u00fcr Schleswig-Holstein wichtig ist: Im Nachrichten-Podcast von NDR 1 Welle Nord h\u00f6ren Sie das Neueste aus Schleswig-Holstein, Deutschland und der Welt.<\/p>\n<p>\n        06:15 Uhr\n    <\/p>\n<p>    Fu\u00dfball-Regionalliga Nord: Niederlage f\u00fcr L\u00fcbeck und Todesfelde<\/p>\n<p class=\"\">In der Fu\u00dfball-Regionalliga Nord hat der VfB <a href=\"https:\/\/www.ndr.de\/nachrichten\/schleswig-holstein\/Luebeck-Aktuelle-Nachrichten-und-Videos-,luebeck2802.html\" title=\"L\u00fcbeck - Aktuelle Nachrichten und Videos\" rel=\"nofollow noopener\" target=\"_blank\">L\u00fcbeck<\/a> eine Niederlage kassiert. Das Spiel gegen die zweite Mannschaft des Hamburger SV endete am Abend 1:3. Die L\u00fcbecker sind nach f\u00fcnf Spielen Tabellenletzter. Der SV Todesfelde verlor gegen den VfB Oldenburg mit 1:4 und steht damit auf Rang 11. | NDR Schleswig-Holstein 27.08.2026 06:00 Uhr<\/p>\n<p>        <img decoding=\"async\" src=\"https:\/\/www.europesays.com\/de\/wp-content\/uploads\/2026\/03\/podcastlogo104.webp.webp\" alt=\"Ein Mikrofon vor zwei Menschen.\" title=\"Ein Mikrofon vor zwei Menschen. | NDR, Janis R\u00f6hlig\" class=\"responsive\" loading=\"lazy\"\/><\/p>\n<p>Alles, was f\u00fcr Schleswig-Holstein wichtig ist: Im Nachrichten-Podcast von NDR 1 Welle Nord h\u00f6ren Sie das Neueste aus Schleswig-Holstein, Deutschland und der Welt.<\/p>\n<p>\n        06:10 Uhr\n    <\/p>\n<p>    Neuer Landrat im Kreis Pinneberg: K\u00f6hler gewinnt Wahl<\/p>\n<p class=\"\">Der <a href=\"https:\/\/www.ndr.de\/nachrichten\/schleswig-holstein\/Kreis-Pinneberg-Aktuelle-Nachrichten-und-Videos,pinneberg280.html\" title=\"Kreis Pinneberg - Aktuelle Nachrichten und Videos\" rel=\"nofollow noopener\" target=\"_blank\">Kreis Pinneberg<\/a> <a href=\"https:\/\/www.ndr.de\/nachrichten\/schleswig-holstein\/trotz-trubel-koehler-wird-landrat-im-kreis-pinneberg,landratswahl-112.html\" title=\"Trotz Trubel: K\u00f6hler wird Landrat im Kreis Pinneberg\" rel=\"nofollow noopener\" target=\"_blank\">hat einen neuen Landrat gew\u00e4hlt<\/a>. Der Kreistag w\u00e4hlte am Abend den parteilosen Andreas K\u00f6hler mit 45 von 64 abgegebenen Stimmen. Er tritt das Amt Anfang kommenden Jahres an. Vor der Wahl hatte es Unruhe gegeben &#8211; durch anonyme Vorw\u00fcrfe, dass K\u00f6hler mitverantwortlich sei f\u00fcr einen Millionenverlust des Kreises. | NDR Schleswig-Holstein 27.08.2026 06:00 Uhr<\/p>\n<p>        <img decoding=\"async\" src=\"https:\/\/www.europesays.com\/de\/wp-content\/uploads\/2026\/08\/pinneberg-130.webp\" alt=\"Landratskandidat Andreas K\u00f6hler\" title=\"Landratskandidat Andreas K\u00f6hler | Kreis Pinneberg\" class=\"responsive\" loading=\"lazy\"\/><\/p>\n<p>45 der insgesamt 67 Kreistagsabgeordneten stimmten f\u00fcr den 56-J\u00e4hrigen. Er wurde damit bereits im ersten Wahlgang gew\u00e4hlt.<\/p>\n<p>        <img decoding=\"async\" src=\"https:\/\/www.europesays.com\/de\/wp-content\/uploads\/2026\/03\/podcastlogo104.webp.webp\" alt=\"Ein Mikrofon vor zwei Menschen.\" title=\"Ein Mikrofon vor zwei Menschen. | NDR, Janis R\u00f6hlig\" class=\"responsive\" loading=\"lazy\"\/><\/p>\n<p>Alles, was f\u00fcr Schleswig-Holstein wichtig ist: Im Nachrichten-Podcast von NDR 1 Welle Nord h\u00f6ren Sie das Neueste aus Schleswig-Holstein, Deutschland und der Welt.<\/p>\n<p>\n        06:15 Uhr\n    <\/p>\n<p>    Das Wetter in Schleswig-Holstein: Sonne und Wolken<\/p>\n<p class=\"\">Heute gibt es einen Wechsel aus Sonnenschein und Wolken, mitunter gibt es l\u00e4ngere sonnige Phasen, gerade zur Ostsee hin. Bis in die Abendstunden hinein bleibt es trocken. Einzig an der Westk\u00fcste steigt gegen Abend leicht die Schauer- und Gewitterneigung. H\u00f6chstwerte liegen bei 22 Grad in Puttgarden (<a href=\"https:\/\/www.ndr.de\/nachrichten\/schleswig-holstein\/Ostholstein-Aktuelle-Nachrichten-und-Videos,ostholstein126.html\" title=\"Ostholstein - Aktuelle Nachrichten und Videos\" rel=\"nofollow noopener\" target=\"_blank\">Kreis Ostholstein<\/a>) bis 28 Grad in <a href=\"https:\/\/www.ndr.de\/nachrichten\/schleswig-holstein\/Kreis-Pinneberg-Aktuelle-Nachrichten-und-Videos,pinneberg280.html\" title=\"Kreis Pinneberg - Aktuelle Nachrichten und Videos\" rel=\"nofollow noopener\" target=\"_blank\">Pinneberg<\/a>. An der See und im Norden weht ein frischer Wind mit starken B\u00f6en aus S\u00fcdost bis Ost, an der Kieler Bucht gibt es vereinzelt st\u00fcrmische B\u00f6en. | NDR Schleswig-Holstein 27.08.2026 06:00 Uhr<\/p>\n<p>        <img decoding=\"async\" src=\"https:\/\/www.europesays.com\/de\/wp-content\/uploads\/2026\/08\/wetter-6904.webp\" alt=\"NDR Schleswig-Holstein Moderatorin Doreen Pelz mit der Wettervorhersage.\" title=\"NDR Schleswig-Holstein Moderatorin Doreen Pelz mit der Wettervorhersage. | NDR\" class=\"responsive\" loading=\"lazy\"\/><\/p>\n<p>NDR Schleswig-Holstein Moderatorin Doreen Pelz mit den Aussichten f\u00fcr den 27. August und die kommenden Tage.<\/p>\n","protected":false},"excerpt":{"rendered":"AUDIO: Nachrichten 07:00 Uhr &#8211; 27.08.2026 (4 Min) Stand: 27.08.2026 08:00 Uhr Nachrichten aus Schleswig-Holstein vom 27. August&hellip;\n","protected":false},"author":2,"featured_media":898760,"comment_status":"","ping_status":"","sticky":false,"template":"","format":"standard","meta":{"footnotes":"","_share_on_mastodon":"0"},"categories":[1852],"tags":[590,3364,29,548,663,3934,30,13,4949,17462,14,15,12,1971,17461,1973],"class_list":["post-1263539","post","type-post","status-publish","format-standard","has-post-thumbnail","category-kiel","tag-aktuell","tag-de","tag-deutschland","tag-eu","tag-europa","tag-europe","tag-germany","tag-headlines","tag-kiel","tag-kompakt","tag-nachrichten","tag-news","tag-schlagzeilen","tag-schleswig-holstein","tag-ueberblick","tag-wetter"],"share_on_mastodon":{"url":"https:\/\/pubeurope.com\/@de\/117166490282213612","error":""},"_links":{"self":[{"href":"https:\/\/www.europesays.com\/de\/wp-json\/wp\/v2\/posts\/1263539","targetHints":{"allow":["GET"]}}],"collection":[{"href":"https:\/\/www.europesays.com\/de\/wp-json\/wp\/v2\/posts"}],"about":[{"href":"https:\/\/www.europesays.com\/de\/wp-json\/wp\/v2\/types\/post"}],"author":[{"embeddable":true,"href":"https:\/\/www.europesays.com\/de\/wp-json\/wp\/v2\/users\/2"}],"replies":[{"embeddable":true,"href":"https:\/\/www.europesays.com\/de\/wp-json\/wp\/v2\/comments?post=1263539"}],"version-history":[{"count":0,"href":"https:\/\/www.europesays.com\/de\/wp-json\/wp\/v2\/posts\/1263539\/revisions"}],"wp:featuredmedia":[{"embeddable":true,"href":"https:\/\/www.europesays.com\/de\/wp-json\/wp\/v2\/media\/898760"}],"wp:attachment":[{"href":"https:\/\/www.europesays.com\/de\/wp-json\/wp\/v2\/media?parent=1263539"}],"wp:term":[{"taxonomy":"category","embeddable":true,"href":"https:\/\/www.europesays.com\/de\/wp-json\/wp\/v2\/categories?post=1263539"},{"taxonomy":"post_tag","embeddable":true,"href":"https:\/\/www.europesays.com\/de\/wp-json\/wp\/v2\/tags?post=1263539"}],"curies":[{"name":"wp","href":"https:\/\/api.w.org\/{rel}","templated":true}]}}