{"id":1263607,"date":"2026-08-27T09:14:20","date_gmt":"2026-08-27T09:14:20","guid":{"rendered":"https:\/\/www.europesays.com\/de\/1263607\/"},"modified":"2026-08-27T09:14:20","modified_gmt":"2026-08-27T09:14:20","slug":"bremen-betonlaterne-bricht-ab-und-stuerzt-auf-radfahrer-lebensgefahr","status":"publish","type":"post","link":"https:\/\/www.europesays.com\/de\/1263607\/","title":{"rendered":"Bremen: Betonlaterne bricht ab und st\u00fcrzt auf Radfahrer \u2013 Lebensgefahr"},"content":{"rendered":"<p>Ungl\u00fcck in Bremen <\/p>\n<p>Laterne st\u00fcrzt auf Radfahrer \u2013 der schwebt in Lebensgefahr<\/p>\n<p>27.08.2026 &#8211; 10:57 UhrLesedauer: 1 Min.<\/p>\n<p><a href=\"#focus-0\" class=\"transition-colors block text-current relative\" data-sctrack=\"FocusGalleryImage.Reference\"><img fetchpriority=\"high\" data-testid=\"Opener.Image\"   loading=\"eager\" src=\"https:\/\/www.europesays.com\/de\/wp-content\/uploads\/2026\/08\/eine-strassenlaterne-symbolbild-in-bremen-wurde-ein-radfahrer-lebensgefaehrlich-verletzt.jpg\" alt=\"Eine Stra\u00dfenlaterne (Symbolbild): In Bremen wurde ein Radfahrer lebensgef\u00e4hrlich verletzt.\" title=\"Eine Stra\u00dfenlaterne (Symbolbild): In Bremen wurde ein Radfahrer lebensgef\u00e4hrlich verletzt.\" width=\"7488\" height=\"4212\" class=\"bg-[url:var(--lqipURL)] bg-cover bg-center flex h-full w-full max-w-full\" style=\"--lqipURL:url('https:\/\/images.t-online.de\/2026\/08\/OlNRBQBD7H-O\/768x1122:7488x4212\/fit-in\/150x0\/filters:blur(25)\/eine-strassenlaterne-symbolbild-in-bremen-wurde-ein-radfahrer-lebensgefaehrlich-verletzt.jpg')\" decoding=\"async\"\/><img loading=\"lazy\" src=\"https:\/\/www.t-online.de\/s\/paper\/_next\/static\/media\/zoom-in.f7dae02f.svg\" alt=\"Vergr\u00f6\u00dfern des Bildes\" title=\"Vergr\u00f6\u00dfern des Bildes\" class=\"block h-[calc(var(--height)_\/_16_*_1rem)] w-[calc(var(--width)_\/_16_*_1rem)] max-w-none absolute right-8 bottom-8 rounded-4 bg-snow p-8\" style=\"--width:32;--height:32\" decoding=\"async\"\/><\/a><\/p>\n<p>Eine Stra\u00dfenlaterne (Symbolbild): In Bremen wurde ein Radfahrer lebensgef\u00e4hrlich verletzt. (Quelle: IMAGO\/Ulrich Roth)<\/p>\n<p class=\"font-bold text-18 leading-17 user-text-lg:text-22 user-text-xl:text-24\">Ein Lastwagenfahrer steuert sein Gef\u00e4hrt r\u00fcckw\u00e4rts gegen eine Laterne. Teile davon fallen herab \u2013 und verletzten einen Menschen schwer.<\/p>\n<p class=\"text-18 leading-17 user-text-lg:text-22 user-text-xl:text-24\">Eine umst\u00fcrzende Betonlaterne hat einen 40 Jahre alten Radfahrer in <a href=\"https:\/\/bremen.t-online.de\/region\/bremen\/\" class=\"transition-colors cursor-pointer no-underline md:hover:text-magenta md:focus:text-magenta border-b border-solid border-current text-salemsfur md:hover:border-magenta\" data-tracking=\"{&quot;action&quot;:&quot;click&quot;,&quot;category&quot;:&quot;intextLink&quot;,&quot;label&quot;:&quot;https:\/\/bremen.t-online.de\/region\/bremen\/&quot;}\" data-sctrack=\"BodyAnchor\" rel=\"nofollow noopener\" target=\"_blank\">Bremen<\/a> lebensbedrohlich verletzt. Der Pedelec-Fahrer hatte auf dem Radweg angehalten, damit ein Lkw von einem Tankstellengel\u00e4nde auf eine Stra\u00dfe fahren konnte, wie die Polizei mitteilte.<\/p>\n<p class=\"text-18 leading-17 user-text-lg:text-22 user-text-xl:text-24\">Beim R\u00fcckw\u00e4rtsfahren stie\u00df der Lastwagen dann gegen eine Betonlaterne. Diese brach in etwa zwei Metern H\u00f6he ab, herabfallende Teile trafen den wartenden Radfahrer am Kopf und R\u00fccken. Rettungskr\u00e4fte brachten den 40-J\u00e4hrigen ins Krankenhaus, wo er wegen der schweren Kopf- und R\u00fcckenverletzungen notoperiert wurde.<\/p>\n","protected":false},"excerpt":{"rendered":"Ungl\u00fcck in Bremen Laterne st\u00fcrzt auf Radfahrer \u2013 der schwebt in Lebensgefahr 27.08.2026 &#8211; 10:57 UhrLesedauer: 1 Min.&hellip;\n","protected":false},"author":2,"featured_media":1263608,"comment_status":"","ping_status":"","sticky":false,"template":"","format":"standard","meta":{"footnotes":"","_share_on_mastodon":"0"},"categories":[1824],"tags":[1434,261162,2420,3364,29,30,5517,27464,9406,5886],"class_list":["post-1263607","post","type-post","status-publish","format-standard","has-post-thumbnail","category-bremen","tag-1434","tag-betonlaterne","tag-bremen","tag-de","tag-deutschland","tag-germany","tag-lebensgefahr","tag-pedelec","tag-strassenlaterne","tag-unglueck"],"share_on_mastodon":{"url":"https:\/\/pubeurope.com\/@de\/117166715965170496","error":""},"_links":{"self":[{"href":"https:\/\/www.europesays.com\/de\/wp-json\/wp\/v2\/posts\/1263607","targetHints":{"allow":["GET"]}}],"collection":[{"href":"https:\/\/www.europesays.com\/de\/wp-json\/wp\/v2\/posts"}],"about":[{"href":"https:\/\/www.europesays.com\/de\/wp-json\/wp\/v2\/types\/post"}],"author":[{"embeddable":true,"href":"https:\/\/www.europesays.com\/de\/wp-json\/wp\/v2\/users\/2"}],"replies":[{"embeddable":true,"href":"https:\/\/www.europesays.com\/de\/wp-json\/wp\/v2\/comments?post=1263607"}],"version-history":[{"count":0,"href":"https:\/\/www.europesays.com\/de\/wp-json\/wp\/v2\/posts\/1263607\/revisions"}],"wp:featuredmedia":[{"embeddable":true,"href":"https:\/\/www.europesays.com\/de\/wp-json\/wp\/v2\/media\/1263608"}],"wp:attachment":[{"href":"https:\/\/www.europesays.com\/de\/wp-json\/wp\/v2\/media?parent=1263607"}],"wp:term":[{"taxonomy":"category","embeddable":true,"href":"https:\/\/www.europesays.com\/de\/wp-json\/wp\/v2\/categories?post=1263607"},{"taxonomy":"post_tag","embeddable":true,"href":"https:\/\/www.europesays.com\/de\/wp-json\/wp\/v2\/tags?post=1263607"}],"curies":[{"name":"wp","href":"https:\/\/api.w.org\/{rel}","templated":true}]}}