{"id":1263615,"date":"2026-08-27T09:18:18","date_gmt":"2026-08-27T09:18:18","guid":{"rendered":"https:\/\/www.europesays.com\/de\/1263615\/"},"modified":"2026-08-27T09:18:18","modified_gmt":"2026-08-27T09:18:18","slug":"sky-experte-hamann-kann-mir-vorstellen-dass-dortmund-bayern-aergern-kann","status":"publish","type":"post","link":"https:\/\/www.europesays.com\/de\/1263615\/","title":{"rendered":"Sky-Experte Hamann: &#8222;Kann mir vorstellen, dass Dortmund Bayern \u00e4rgern kann&#8220;"},"content":{"rendered":"<p class=\"content__description\" data-speakable=\"\">Zum Start der Bundesliga-Saison spricht Sky-Experte Dietmar Hamann im Interview mit unserer Redaktion \u00fcber den Meisterschaftskampf, die Champions-League-Ambitionen des FC Bayern und \u00fcber die m\u00f6glichen Absteiger.<\/p>\n<p data-speakable=\"\">Wird der <a data-component-name=\"link.semantic\" data-brain-zone=\".42652474.content.textlink_1\" data-component-path=\"content.textlink_1\" href=\"https:\/\/web.de\/magazine\/sport\/fussball\/bundesliga\/fc-bayern\/\" rel=\"nofollow noopener\" target=\"_blank\">FC Bayern M\u00fcnchen<\/a> erneut Deutscher Meister? Sind <a data-component-name=\"link.semantic\" data-brain-zone=\".42652474.content.textlink_2\" data-component-path=\"content.textlink_2\" href=\"https:\/\/web.de\/magazine\/sport\/fussball\/bundesliga\/borussia-dortmund\/\" rel=\"nofollow noopener\" target=\"_blank\">Borussia Dortmund<\/a> oder Bayer Leverkusen echte Konkurrenten? Und welche Vereine geraten in Abstiegsnot? All diese Fragen besch\u00e4ftigen Fu\u00dfball-Deutschland zum Start der Bundesliga-Saison. <\/p>\n<p data-speakable=\"\">Der FC Bayern M\u00fcnchen empf\u00e4ngt zum Auftakt am Freitagabend den <a data-component-name=\"link.semantic\" data-brain-zone=\".42652474.content.textlink_3\" data-component-path=\"content.textlink_3\" href=\"https:\/\/web.de\/magazine\/sport\/thema\/vfb-stuttgart\" rel=\"nofollow noopener\" target=\"_blank\">VfB Stuttgart<\/a> (20:30 Uhr, live auf Sky und in <a data-component-name=\"link.semantic\" data-brain-zone=\".42652474.content.textlink_4\" data-component-path=\"content.textlink_4\" href=\"https:\/\/web.de\/magazine\/unterhaltung\/thema\/sat-1\" rel=\"nofollow noopener\" target=\"_blank\">SAT.1<\/a>). Am Wochenende folgen die weiteren Top-Spiele, unter anderem Borussia Dortmund gegen den Hamburger SV (18:30 Uhr, Sky). Der fr\u00fchere Profi Dietmer Hamann wird die Saison erneut als Experte von Sky begleiten. Im Interview mit unserer Redaktion blickt er der Saison entgegen. <\/p>\n<p data-speakable=\"\"><strong>Herr <\/strong><strong>Hamann<\/strong><strong>, <\/strong><a data-brain-zone=\".42652474.content.textlink_5\" data-component-path=\"content.textlink_5\" data-component-name=\"link.editorial\" href=\"https:\/\/web.de\/magazine\/sport\/fussball\/bundesliga\/brown-trifft-klopp-schaut-fc-bayern-gewinnt-supercup-42641662\" rel=\"nofollow noopener\" target=\"_blank\"><strong>der <\/strong><strong>FC Bayern<\/strong><strong> hat im <\/strong><strong>Supercup<\/strong><strong> gegen <\/strong><strong>Borussia Dortmund<\/strong><strong> gewonnen.<\/strong><\/a><strong> Gibt es trotzdem eine Chance auf eine spannende Meisterschaft oder erwarten Sie eine klare Sache?<\/strong><\/p>\n<p data-speakable=\"\"><strong><a data-component-name=\"link.semantic\" data-brain-zone=\".42652474.content.textlink_6\" data-component-path=\"content.textlink_6\" href=\"https:\/\/web.de\/magazine\/sport\/thema\/dietmar-hamann\" rel=\"nofollow noopener\" target=\"_blank\">Dietmar Hamann<\/a><\/strong><strong>:<\/strong> Eine Chance gibt es immer. Wenn die Bayern allerdings 80 Punkte holen, wird es f\u00fcr alle anderen nat\u00fcrlich schwer bis unm\u00f6glich, da heranzukommen. Aber die Bayern m\u00fcssen erst einmal liefern. <a data-component-name=\"link.semantic\" data-brain-zone=\".42652474.content.textlink_7\" data-component-path=\"content.textlink_7\" href=\"https:\/\/web.de\/magazine\/sport\/thema\/harry-kane\" rel=\"nofollow noopener\" target=\"_blank\">Harry Kane<\/a> und Michael Olise hatten nach der WM eine kurze Pause und haben im Supercup trotzdem ein sehr gutes Spiel gemacht. Dortmund hat es ebenfalls ordentlich gemacht. Ich glaube, der BVB hat sich genau dort verst\u00e4rkt, wo es in der vergangenen Saison gehakt hat: in der Kreativabteilung. Da haben sie zwei, drei Spieler dazugeholt. Ich glaube deshalb, dass Dortmund besser ist als im vergangenen Jahr. Die Bayern gehen nat\u00fcrlich als klarer Favorit ins Rennen, aber ich kann mir vorstellen, dass die Dortmunder sie \u00fcber weite Strecken \u00e4rgern k\u00f6nnen. Sie haben in der vergangenen Saison schlie\u00dflich auch eine gute Runde gespielt und waren am Ende vor allem deshalb so weit hinter Bayern, weil die M\u00fcnchner so stark waren.<\/p>\n<p data-speakable=\"\"><strong>Mit Konstantinos <\/strong><strong>Karetsas<\/strong><strong> und Giannis <\/strong><strong>Konstantelias<\/strong><strong> hat <\/strong><strong><a data-component-name=\"link.semantic\" data-brain-zone=\".42652474.content.textlink_8\" data-component-path=\"content.textlink_8\" href=\"https:\/\/web.de\/magazine\/reise\/thema\/dortmund\" rel=\"nofollow noopener\" target=\"_blank\">Dortmund<\/a><\/strong><strong> zwei junge Offensivspieler verpflichtet, dazu kam mit Joey Veerman ein erfahrenerer Mittelfeldspieler. Sind das Spieler, die dem <\/strong><strong>BVB<\/strong><strong> wirklich weiterhelfen?<\/strong><\/p>\n<p data-speakable=\"\"><strong>Hamann<\/strong><strong>:<\/strong> Bei Karetsas und Konstantelias muss man schauen, wie schnell sie sich anpassen. Karetsas hat bereits gezeigt, was f\u00fcr eine hervorragende Ballannahme er hat und wie gut er mit dem Ball umgehen kann. Konstantelias hat nach seiner Einwechslung ebenfalls einen sehr guten Eindruck gemacht und das Tor eingeleitet. Man darf nicht vergessen, dass die Bundesliga eine sehr physische Liga ist, wahrscheinlich direkt hinter der <a data-component-name=\"link.semantic\" data-brain-zone=\".42652474.content.textlink_9\" data-component-path=\"content.textlink_9\" href=\"https:\/\/web.de\/magazine\/sport\/thema\/premier-league\" rel=\"nofollow noopener\" target=\"_blank\">Premier League<\/a>. Deshalb muss man abwarten, wie schnell sie sich daran gew\u00f6hnen. Aber es sind hervorragende Fu\u00dfballer. Solche Spieler finden normalerweise die n\u00f6tige Zeit am Ball. Deshalb bin ich guter Dinge, dass sie das Dortmunder Offensivspiel relativ schnell beleben werden.<\/p>\n<blockquote>\n<p>&#8222;Von den \u00fcbrigen Mannschaften gef\u00e4llt mir Stuttgart am besten.&#8220;<\/p>\n<\/blockquote>\n<p>Dietmar Hamann<\/p>\n<p data-speakable=\"\"><strong>Ist <\/strong><strong>Dortmund<\/strong><strong> f\u00fcr Sie der einzige m\u00f6gliche Konkurrent der Bayern oder sehen Sie noch eine andere Mannschaft, die ihnen gef\u00e4hrlich werden k\u00f6nnte?<\/strong><\/p>\n<p data-speakable=\"\">Von den \u00fcbrigen Mannschaften gef\u00e4llt mir <a data-component-name=\"link.semantic\" data-brain-zone=\".42652474.content.textlink_10\" data-component-path=\"content.textlink_10\" href=\"https:\/\/web.de\/magazine\/reise\/thema\/stuttgart\" rel=\"nofollow noopener\" target=\"_blank\">Stuttgart<\/a> am besten. Aber die Bayern \u00fcber 34 Spieltage zu schlagen, ist nat\u00fcrlich nicht einfach. Leverkusen hat es vor zwei Jahren geschafft, aber damals hat vom ersten bis zum letzten Spieltag alles gepasst. Sie hatten auch das n\u00f6tige Qu\u00e4ntchen Gl\u00fcck mit den vielen sp\u00e4ten Toren. Ob Stuttgart dazu in der Lage ist, wei\u00df ich nicht. Ich glaube eher nicht. Deshalb w\u00fcrde ich schon sagen, dass Dortmund wahrscheinlich der einzige ernsthafte Konkurrent der Bayern ist.<\/p>\n<p data-speakable=\"\"><strong>Am Freitag er\u00f6ffnet Bayern die Bundesliga-Saison gegen <\/strong><strong>Stuttgart<\/strong><strong>. Kann der VfB den M\u00fcnchnern direkt Probleme bereiten?<\/strong><\/p>\n<p data-speakable=\"\">Absolut. Stuttgart hat eine richtig gute Mannschaft, und ich traue ihnen in dieser Saison einiges zu. Die Mannschaft ist mit dem Trainer gewachsen, hat 2025 den DFB-Pokal gewonnen und stand in der vergangenen Saison wieder im Finale. Auch dort haben sie ein gutes Spiel gemacht und es vor allem in der ersten H\u00e4lfte verpasst, ein Tor zu erzielen. Ich glaube deshalb, dass sich die Bayern am Freitag strecken m\u00fcssen.<\/p>\n<p data-speakable=\"\"><strong>Wie gefallen Ihnen die Bayern-Neuzug\u00e4nge <\/strong><strong><a data-component-name=\"link.semantic\" data-brain-zone=\".42652474.content.textlink_11\" data-component-path=\"content.textlink_11\" href=\"https:\/\/web.de\/magazine\/sport\/thema\/nathaniel-brown\" rel=\"nofollow noopener\" target=\"_blank\">Nathaniel Brown<\/a><\/strong><strong> und Ismael Saibari?<\/strong><\/p>\n<p data-speakable=\"\">Bei Brown haben wir gesehen, dass er vielseitig einsetzbar, schnell, spielintelligent und technisch hervorragend ist. Solche Spieler k\u00f6nnen fast \u00fcberall spielen, auch wenn sein Einsatz im Supercup nat\u00fcrlich ein St\u00fcck weit aus der Not geboren war. Saibari wiederum hat bei der Weltmeisterschaft gezeigt, was f\u00fcr ein guter Spieler er ist. Das sind mit Sicherheit zwei Spieler, die den Kader und die Mannschaft sofort verst\u00e4rken.<\/p>\n<p>Hamann lobt Gnabry<\/p>\n<p data-speakable=\"\"><strong>Wie sch\u00e4tzen Sie den <\/strong><strong>Konkurrenzkampf<\/strong><strong> in der Bayern-Offensive ein? Mit Saibari, <\/strong><strong>Lennart Karl<\/strong><strong>, <\/strong><strong>Tom Bischof<\/strong><strong>, <\/strong><strong><a data-component-name=\"link.semantic\" data-brain-zone=\".42652474.content.textlink_12\" data-component-path=\"content.textlink_12\" href=\"https:\/\/web.de\/magazine\/sport\/thema\/serge-gnabry\" rel=\"nofollow noopener\" target=\"_blank\">Serge Gnabry<\/a><\/strong><strong> und \u2013 sobald er wieder zur Verf\u00fcgung steht \u2013 <\/strong><strong><a data-component-name=\"link.semantic\" data-brain-zone=\".42652474.content.textlink_13\" data-component-path=\"content.textlink_13\" href=\"https:\/\/web.de\/magazine\/sport\/thema\/jamal-musiala\" rel=\"nofollow noopener\" target=\"_blank\">Jamal Musiala<\/a><\/strong><strong> gibt es einige Kandidaten f\u00fcr die Position im zentralen offensiven Mittelfeld.<\/strong><\/p>\n<p data-speakable=\"\">Das ist richtig. Gnabry ist momentan noch nicht dabei, aber wenn er fit ist, w\u00e4re er f\u00fcr mich auf dieser Position die Nummer eins. Er hat das in der vergangenen Saison hervorragend gemacht. Seine Verletzung war ein Riesenverlust, nicht nur f\u00fcr die Bayern in der entscheidenden Phase der <a data-component-name=\"link.semantic\" data-brain-zone=\".42652474.content.textlink_14\" data-component-path=\"content.textlink_14\" href=\"https:\/\/web.de\/magazine\/sport\/fussball\/champions-league\/\" rel=\"nofollow noopener\" target=\"_blank\">Champions League<\/a>, sondern auch f\u00fcr die Nationalmannschaft bei der Weltmeisterschaft. Die anderen m\u00fcssen schauen, dass sie ihre Chancen nutzen und Werbung f\u00fcr sich machen, wenn sie spielen. Aber im Moment sch\u00e4tze ich Gnabry dort am st\u00e4rksten ein.<\/p>\n<p data-speakable=\"\"><strong>Wie viel Sorge bereitet Ihnen die gesundheitliche Situation von <\/strong><strong>Jamal Musiala<\/strong><strong>?<\/strong><\/p>\n<p data-speakable=\"\">Da muss man jetzt einfach abwarten. Das Wichtigste ist, dass er gesund wird. \u00dcber das Sportliche w\u00fcrde ich momentan gar nicht sprechen wollen. Entscheidend ist seine Gesundheit, alles Weitere wird dann kommen.<\/p>\n<p><img loading=\"lazy\" decoding=\"async\" src=\"https:\/\/www.europesays.com\/de\/wp-content\/uploads\/2026\/08\/bayern-entscheidet-musialas-bundesliga-comeback.jpg\" alt=\"Bayern entscheidet \u00fcber Musialas Bundesliga-Comeback\" width=\"950\" height=\"534\"\/><\/p>\n<p>\nAktualisiert<br \/>\nam 25.08.2026, 11:17 Uhr\n<\/p>\n<p>\nJamal Musiala erlebt innerhalb kurzer Zeit Zusammenbr\u00fcche auf dem Rasen. Das hat mit dessen Erkrankung zu tun. Wie sieht es mit einem Einsatz beim Bundesliga-Start aus? <\/p>\n<p data-speakable=\"\"><strong>Wenn die wichtigsten Spieler fit bleiben: Trauen Sie Bayern in dieser Saison auch den Gewinn der <\/strong><strong>Champions League<\/strong><strong> zu? In der vergangenen Saison war erst im Halbfinale gegen <\/strong><strong>Paris Saint-Germain<\/strong><strong> Schluss.<\/strong><\/p>\n<p data-speakable=\"\"><strong>Hamann<\/strong><strong>:<\/strong> Ja, die Bayern geh\u00f6ren mit Sicherheit zu den Anw\u00e4rtern. Sie waren in der vergangenen Saison sehr nah dran und hatten gegen Paris im Halbfinale vielleicht auch nicht das n\u00f6tige Qu\u00e4ntchen Gl\u00fcck. PSG wird als Titelverteidiger wieder die Mannschaft sein, die es zu schlagen gilt. Bei den Engl\u00e4ndern glaube ich, dass bis auf Arsenal einige Probleme bekommen k\u00f6nnten. Aston Villa sehe ich nicht als Sieger, bei Liverpool glaube ich nicht, dass sich allzu viel \u00e4ndern wird, und <a data-component-name=\"link.semantic\" data-brain-zone=\".42652474.content.textlink_15\" data-component-path=\"content.textlink_15\" href=\"https:\/\/web.de\/magazine\/sport\/thema\/manchester-city\" rel=\"nofollow noopener\" target=\"_blank\">Manchester City<\/a> k\u00f6nnte ein schweres Jahr bekommen. Normalerweise hast du aus England vier oder f\u00fcnf Mannschaften und davon zwei oder drei echte Titelanw\u00e4rter. In dieser Saison w\u00fcrde ich das fast auf einen reduzieren. Nat\u00fcrlich ist es nie leicht, die Champions League zu gewinnen, und man kann das nicht planen. Aber ich glaube schon, dass es Jahre gab, in denen es schwieriger war.<\/p>\n<p data-speakable=\"\"><strong>Und wie sch\u00e4tzen Sie die spanischen Topklubs ein? <\/strong><strong><a data-component-name=\"link.semantic\" data-brain-zone=\".42652474.content.textlink_16\" data-component-path=\"content.textlink_16\" href=\"https:\/\/web.de\/magazine\/sport\/thema\/real-madrid\" rel=\"nofollow noopener\" target=\"_blank\">Real Madrid<\/a><\/strong><strong> startet mit Trainer <\/strong><strong>Jos\u00e9 Mourinho<\/strong><strong> in eine neue Phase, w\u00e4hrend sich <\/strong><strong>Barcelona<\/strong><strong> mit Mittelfeldspieler <\/strong><strong><a data-component-name=\"link.semantic\" data-brain-zone=\".42652474.content.textlink_17\" data-component-path=\"content.textlink_17\" href=\"https:\/\/web.de\/magazine\/sport\/thema\/rodri\" rel=\"nofollow noopener\" target=\"_blank\">Rodri<\/a><\/strong><strong> verst\u00e4rkt hat.<\/strong><\/p>\n<p data-speakable=\"\">Real Madrid habe ich auf jeden Fall auf dem Schirm. Und mit Barcelona muss man nach der Verpflichtung von Rodri nat\u00fcrlich ebenfalls rechnen. Ich glaube, dass beide spanischen Mannschaften ganz ernsthafte Anw\u00e4rter sind. Das war in den vergangenen Jahren nicht immer der Fall. <\/p>\n<p>Hamann: HSV und Schalke spielen gegen den Abstieg<\/p>\n<p data-speakable=\"\"><strong>Blicken wir in die untere Tabellenregion der Bundesliga. Wie sehen Sie den <\/strong><strong><a data-component-name=\"link.semantic\" data-brain-zone=\".42652474.content.textlink_18\" data-component-path=\"content.textlink_18\" href=\"https:\/\/web.de\/magazine\/sport\/thema\/hamburger-sv\" rel=\"nofollow noopener\" target=\"_blank\">HSV<\/a><\/strong><strong>? Mit Luka Vu\u0161kovi\u0107 hat <\/strong><strong>Hamburg<\/strong><strong> einen wichtigen Spieler verloren, <\/strong><strong>F\u00e1bio Vieira<\/strong><strong> konnte nach der Ausleihe bislang nicht fest verpflichtet werden. Gleichzeitig wurde der Kader mit einigen Neuzug\u00e4ngen verst\u00e4rkt. Droht dem <\/strong><strong>HSV<\/strong><strong> Abstiegskampf?<\/strong><\/p>\n<p data-speakable=\"\">Der HSV hat es in der vergangenen Saison wunderbar gemacht. Nach dem Spiel gegen St. Pauli haben viele gedacht, dass es schwer werden k\u00f6nnte, aber danach haben sie das wirklich gut und souver\u00e4n gel\u00f6st. Jetzt sind wieder einige neue Spieler dazugekommen, darunter mehrere aus Frankreich. Da muss man schauen, wie schnell sie sich einfinden und anpassen. Vu\u0161kovi\u0107 ist nat\u00fcrlich ein gro\u00dfer Verlust, und bei Vieira w\u00e4re es f\u00fcr den HSV eine gro\u00dfe Hilfe, wenn sich doch noch einmal eine M\u00f6glichkeit ergeben sollte. Aber mit Paderborn und Elversberg gibt es in dieser Saison auch zwei klare Au\u00dfenseiter. Der HSV wird sicherlich gegen den Abstieg spielen, aber ich glaube, dass er am Ende mit einigen Punkten Abstand zu Rang 16 irgendwo auf Platz zw\u00f6lf, 13 oder 14 landen wird.<\/p>\n<p><img loading=\"lazy\" decoding=\"async\" src=\"https:\/\/www.europesays.com\/de\/wp-content\/uploads\/2026\/08\/42453986,pd=1,f=responsive169-w950.jpg\" alt=\"\" width=\"950\" height=\"534\"\/><\/p>\n<p>\nAktualisiert<br \/>\nam 02.07.2026, 05:15 Uhr\n<\/p>\n<p>\nDie neue Vorst\u00e4ndin Sport des Hamburger SV, Kathleen Kr\u00fcger, spricht bei ihrem Amtsantritt \u00fcber ihre Ziele mit dem Traditionsverein. Die 41-J\u00e4hrige erinnert sich an die fantastische Stimmung in der Hansestadt und kann daher den ersten Spieltag der neuen Saison kaum erwarten. <\/p>\n<p data-speakable=\"\"><strong><a data-component-name=\"link.semantic\" data-brain-zone=\".42652474.content.textlink_19\" data-component-path=\"content.textlink_19\" href=\"https:\/\/web.de\/magazine\/sport\/thema\/fc-schalke-04\" rel=\"nofollow noopener\" target=\"_blank\">Schalke<\/a><\/strong><strong> ist nach drei Jahren in der 2. Bundesliga wieder aufgestiegen. Beim letzten Bundesliga-Gastspiel 2022\/23 ging es nach nur einer Saison wieder runter. Kann sich <\/strong><strong>Schalke<\/strong><strong> diesmal etablieren?<\/strong><\/p>\n<p data-speakable=\"\">Es wird schwer f\u00fcr Schalke. Wir haben erstmals seit langer Zeit wieder drei Aufsteiger. Ich habe mich selbst dabei ertappt, als ich meine Abschlusstabelle getippt habe, dass ich gedacht habe: Die beiden Aufsteiger werden es schwer haben. Dabei sind es drei, weil man Schalke gef\u00fchlt gar nicht als Aufsteiger wahrnimmt. Genau darin liegt eine gewisse Gefahr. Schalke war drei Jahre in der 2. Bundesliga, aber viele Leute vergessen das schon wieder. Dann hei\u00dft es: Der Trainer macht das super, Edin D\u017eeko ist geblieben, die werden das schon machen. Ich glaube aber, dass Schalke bis zum letzten Spieltag gegen den Abstieg spielen wird. Am Ende werden sie sich meiner Meinung nach retten. Aber das wird eine unheimlich schwere Saison.<\/p>\n<blockquote>\n<p>&#8222;Ob F\u00fcllkrug jetzt aber derjenige ist, der Werder auf Platz zehn, zw\u00f6lf oder 13 schie\u00dft, wage ich zu bezweifeln.&#8220;<\/p>\n<\/blockquote>\n<p>Dietmar Hamann \u00fcber Werders Neuzugang<\/p>\n<p data-speakable=\"\"><strong>Welche Mannschaften sehen Sie neben den drei Aufsteigern noch besonders in Gefahr?<\/strong><\/p>\n<p data-speakable=\"\">Werder Bremen. Die R\u00fcckkehr von Niclas F\u00fcllkrug ist nat\u00fcrlich eine interessante Geschichte, aber seine vergangenen Stationen bei Dortmund, West Ham und Milan waren nicht wirklich von durchgehendem Erfolg gepr\u00e4gt. F\u00fcr das Selbstvertrauen und das Selbstwertgef\u00fchl der Mannschaft hilft es sicherlich, einen Spieler zu haben, der in Bremen schon einmal sehr erfolgreich war. Ob F\u00fcllkrug jetzt aber derjenige ist, der Werder auf Platz zehn, zw\u00f6lf oder 13 schie\u00dft, wage ich zu bezweifeln. Er ist schlie\u00dflich auch wieder zweieinhalb Jahre \u00e4lter. Mit Karim Coulibaly hat zudem ein sehr vielversprechender Spieler den Verein verlassen. Werder hatte schon in den vergangenen Jahren Probleme. Deshalb glaube ich, dass es f\u00fcr Bremen eine lange Saison wird. <\/p>\n<p data-speakable=\"\"><strong>Was glauben Sie, wer die letzten drei Pl\u00e4tze belegt?<\/strong><\/p>\n<p data-speakable=\"\">Ich tippe Werder auf Platz 16. Die beiden kleineren Aufsteiger Paderborn und Elversberg sehe ich auf den direkten Abstiegspl\u00e4tzen. Aber wie gesagt: Das wird f\u00fcr Werder eine schwere Saison.<\/p>\n<p data-speakable=\"\"><strong>Kann es im Abstiegskampf auch noch eine Mannschaft erwischen, die momentan kaum jemand auf dem Zettel hat?<\/strong><\/p>\n<p><strong>Empfehlungen der Redaktion<\/strong><\/p>\n<p data-speakable=\"\">Absolut. Am Ende werden da wahrscheinlich nur vier oder f\u00fcnf Punkte zwischen mehreren Mannschaften liegen. Ein einziges Spiel gegen einen direkten Konkurrenten kann den Unterschied machen. Ich bin zum Beispiel auch gespannt auf Mainz. Da gibt es einige Mannschaften, die aufpassen m\u00fcssen. Gerade f\u00fcr Paderborn und Elversberg wird es wichtig sein, m\u00f6glichst viele andere Teams mit in diesen Kampf hineinzuziehen. Vielleicht reichen in dieser Saison schon 30 Punkte, um 16. zu werden. Deshalb musst du so fr\u00fch wie m\u00f6glich anfangen, deine Punkte zu sammeln.<\/p>\n<p>\u00dcber den Gespr\u00e4chspartner<\/p>\n<ul slot=\"content\">\n<li><strong>Dietmar &#8222;<\/strong><strong>Didi&#8220; Hamann<\/strong> (Jahrgang 1973) spielte von 1993 bis 1998 f\u00fcr den FC Bayern M\u00fcnchen, wechselte daraufhin nach England und war f\u00fcr Newcastle United, den FC Liverpool, Manchester City und Milton Keynes Dons aktiv. Er gewann unter anderem die Champions League und den UEFA-Pokal. Im Jahre 2011 beendete er seine Laufbahn. Heute ist er als Experte bei Sky t\u00e4tig.<\/li>\n<\/ul>\n","protected":false},"excerpt":{"rendered":"Zum Start der Bundesliga-Saison spricht Sky-Experte Dietmar Hamann im Interview mit unserer Redaktion \u00fcber den Meisterschaftskampf, die Champions-League-Ambitionen&hellip;\n","protected":false},"author":2,"featured_media":1263616,"comment_status":"","ping_status":"","sticky":false,"template":"","format":"standard","meta":{"footnotes":"","_share_on_mastodon":"0"},"categories":[1833],"tags":[24299,403,3364,29,45259,217,458,30,1209],"class_list":["post-1263615","post","type-post","status-publish","format-standard","has-post-thumbnail","category-dortmund","tag-british-sky-broadcasting-group","tag-bvb","tag-de","tag-deutschland","tag-dietmar-hamann","tag-dortmund","tag-fc-bayern-muenchen","tag-germany","tag-nordrhein-westfalen"],"share_on_mastodon":{"url":"https:\/\/pubeurope.com\/@de\/117166731902448022","error":""},"_links":{"self":[{"href":"https:\/\/www.europesays.com\/de\/wp-json\/wp\/v2\/posts\/1263615","targetHints":{"allow":["GET"]}}],"collection":[{"href":"https:\/\/www.europesays.com\/de\/wp-json\/wp\/v2\/posts"}],"about":[{"href":"https:\/\/www.europesays.com\/de\/wp-json\/wp\/v2\/types\/post"}],"author":[{"embeddable":true,"href":"https:\/\/www.europesays.com\/de\/wp-json\/wp\/v2\/users\/2"}],"replies":[{"embeddable":true,"href":"https:\/\/www.europesays.com\/de\/wp-json\/wp\/v2\/comments?post=1263615"}],"version-history":[{"count":0,"href":"https:\/\/www.europesays.com\/de\/wp-json\/wp\/v2\/posts\/1263615\/revisions"}],"wp:featuredmedia":[{"embeddable":true,"href":"https:\/\/www.europesays.com\/de\/wp-json\/wp\/v2\/media\/1263616"}],"wp:attachment":[{"href":"https:\/\/www.europesays.com\/de\/wp-json\/wp\/v2\/media?parent=1263615"}],"wp:term":[{"taxonomy":"category","embeddable":true,"href":"https:\/\/www.europesays.com\/de\/wp-json\/wp\/v2\/categories?post=1263615"},{"taxonomy":"post_tag","embeddable":true,"href":"https:\/\/www.europesays.com\/de\/wp-json\/wp\/v2\/tags?post=1263615"}],"curies":[{"name":"wp","href":"https:\/\/api.w.org\/{rel}","templated":true}]}}