{"id":1263618,"date":"2026-08-27T09:20:19","date_gmt":"2026-08-27T09:20:19","guid":{"rendered":"https:\/\/www.europesays.com\/de\/1263618\/"},"modified":"2026-08-27T09:20:19","modified_gmt":"2026-08-27T09:20:19","slug":"rb-leipzig-lens-lockt-bitshiabu-manchester-united-geruechte-um-raum-sport","status":"publish","type":"post","link":"https:\/\/www.europesays.com\/de\/1263618\/","title":{"rendered":"RB Leipzig: Lens lockt Bitshiabu! Manchester-United-Ger\u00fcchte um Raum | Sport"},"content":{"rendered":"<p><a class=\"skip-content skip-content--link\" href=\"#in-content-skip-link-target-v-0-0\">TTS-Player \u00fcberspringen\u21b5<\/a><a id=\"in-content-skip-link-target-v-0-0\" class=\"skip-content--target-link-hidden skip-content skip-content--target-link\" href=\"#in-content-skip-link-target-v-0-0\">Artikel weiterlesen<\/a><\/p>\n<p data-21134c99=\"0-2765\"><b>Transferendspurt in der Bundesliga! Was tut sich noch bei RB Leipzig bis zum Deadline Day am kommenden Dienstag (18 Uhr)?<\/b><\/p>\n<p data-21134c99=\"0-2765\">Weiterhin ist der Klub bestrebt, den Kader zu verkleinern. Die hei\u00dfeste Personalie ist El Chadaille Bitshiabu (21). Nach BILD-Informationen sieht es sehr gut aus mit einem Wechsel zu Frankreich-Vizemeister Lens. Der Innenverteidiger, der 2023 aus Paris nach Leipzig kam und leider nie wirklich den Durchbruch schaffte, w\u00fcrde \u201edie M\u00f6glichkeit begr\u00fc\u00dfen, in eine ihm bereits bekannte Liga zur\u00fcckzukehren und gleichzeitig mit Lens an der Champions-League-Saison teilzunehmen\u201c, wie es \u201eLe Parisien\u201c schreibt.<\/p>\n<p>Mehr zum Thema<\/p>\n<p data-21134c99=\"0-2765\">Bitshiabus Vertrag bei <a href=\"https:\/\/www.bild.de\/sport\/fussball\/rb-leipzig\/startseite-leipzig-31148870.bild.html\" class=\"text-link\" rel=\"nofollow noopener\" target=\"_blank\">RB Leipzig<\/a> ist noch bis 2029 g\u00fcltig, sein Marktwert betr\u00e4gt 18 Mio. Euro. Schon im Winter wollte der Franzose weg, erhielt da aber keine Wechsel-Freigabe, weil er zu der Zeit das einzige Linksfu\u00df-Backup f\u00fcr Innenverteidiger Castello Lukeba (23) war. Nun hat RB in der Abwehr-Zentrale ein \u00dcberangebot. Bitshiabu hat gro\u00dfes Potenzial, eine Luftver\u00e4nderung k\u00f6nnte ihm guttun.<\/p>\n<p data-21134c99=\"0-2765\">Wie sieht es bei den anderen Abgangskandidaten aus?<\/p>\n<p data-21134c99=\"0-2765\">F\u00fcr Arthur Vermeeren (21) sind weiterhin keine Angebote da. F\u00fcr Conrad Harder (21) bisher nur lose Leih-Anfragen \u2013 von Lazio Rom, Galatasaray Istanbul und Leeds United. Der Klub w\u00fcrde den eigenwilligen St\u00fcrmer allerdings lieber verkaufen. Ausgang offen.<\/p>\n<p><img decoding=\"async\" width=\"992\" height=\"686\" alt=\"Was wird aus Conrad Harder? Der D\u00e4ne k\u00f6nnte RB Leipzig noch im Sommer verlassen\" loading=\"lazy\" src=\"https:\/\/www.europesays.com\/de\/wp-content\/uploads\/2026\/08\/7a6a92e5d3dbeb1ecbd90ed0b0a2fec4,6653f874.jpeg\"   class=\"dynamic\"\/><\/p>\n<p class=\"fig__caption__text\">Was wird aus Conrad Harder? Der D\u00e4ne k\u00f6nnte RB Leipzig noch im Sommer verlassen<\/p>\n<p>Foto: Harald Tittel\/dpa<\/p>\n<p data-21134c99=\"0-2765\">Lukas Klostermann (30) wird dem Klub auch \u00fcber den Sommer hinaus erhalten bleiben. Der Routinier und seine Familie f\u00fchlen sich in Leipzig wohl. Klostermann soll hoffen, durch seine Vielseitigkeit vielleicht doch noch mal gebraucht zu werden. Aktuell ist der Ex-Nationalspieler Bestverdiener bei RB Leipzig (rund 7 Mio. inkl. Bonuszahlungen, u.a. f\u00fcr Eins\u00e4tze).<\/p>\n<p>RB Leipzig: Das ist dran an den Raum-Ger\u00fcchten<\/p>\n<p data-21134c99=\"0-2765\">Auch um <a href=\"https:\/\/www.bild.de\/sport\/fussball\/rb-leipzig-transfergeruechte-was-der-dfb-star-raum-zur-zukunft-sagt-6a8d7dcdd8b561d6189713de\" class=\"text-link\" rel=\"nofollow noopener\" target=\"_blank\">David Raum (28) hatte es zuletzt immer wieder Ger\u00fcchte gegeben, ein klares Bleibe-Bekenntnis hatte der wiedergew\u00e4hlte Kapit\u00e4n auf BILD-Nachfrage vermieden<\/a>. F\u00fcr RB ist es die letzte Sommer-Chance, mit Raum Kohle zu machen. Sein Vertrag endet im kommenden Jahr. Weshalb wohl auch ein Transfer unterhalb Raums Ausstiegsklausel von 40 Mio. Euro denkbar ist. <\/p>\n<p data-21134c99=\"0-2765\">BILD wei\u00df: Manchester United sucht einen Linksverteidiger und hat Raum auf der Liste. Allerdings diskutiert der Klub noch, ob man f\u00fcr einen etwas \u00e4lteren Spieler wie Raum noch relativ viel Geld ausgibt oder doch eher auf ein Talent mit potenzieller Wertsteigerung setzt.<\/p>\n<p data-21134c99=\"0-2765\">Gibt es nach den sechs Zug\u00e4ngen (Reitz, Kon\u00e9, Gruda, Est\u00e9ve, Nkunku, Nyland) weitere Verst\u00e4rkungen? In der Offensive m\u00fcssten wie berichtet erst Spieler (wie Conrad Harder) den Klub verlassen.<\/p>\n<p data-21134c99=\"0-2765\">Gesucht wird weiterhin ein Sechser\/Achter. Mit dem gehandelten Robert Andrich (31), der Liga-Konkurrent Leverkusen verlassen soll, besch\u00e4ftigt sich Leipzig nach BILD-Informationen nicht.<\/p>\n","protected":false},"excerpt":{"rendered":"TTS-Player \u00fcberspringen\u21b5Artikel weiterlesen Transferendspurt in der Bundesliga! Was tut sich noch bei RB Leipzig bis zum Deadline Day&hellip;\n","protected":false},"author":2,"featured_media":1263619,"comment_status":"","ping_status":"","sticky":false,"template":"","format":"standard","meta":{"footnotes":"","_share_on_mastodon":"0"},"categories":[1832],"tags":[30282,3364,231305,29,538,30,71,1655,57260,859,10779,803,3460,4581,13225],"class_list":["post-1263618","post","type-post","status-publish","format-standard","has-post-thumbnail","category-leipzig","tag-bitshiabu-el-chadaille","tag-de","tag-demichelis-martin","tag-deutschland","tag-erste-bundesliga","tag-germany","tag-leipzig","tag-rb-leipzig","tag-rc-lens","tag-sachsen","tag-schaefer-marcel","tag-spielertransfer","tag-sport-leuchtturm-leipzig","tag-sport-tag-im-ticker","tag-transferperiode"],"share_on_mastodon":{"url":"","error":""},"_links":{"self":[{"href":"https:\/\/www.europesays.com\/de\/wp-json\/wp\/v2\/posts\/1263618","targetHints":{"allow":["GET"]}}],"collection":[{"href":"https:\/\/www.europesays.com\/de\/wp-json\/wp\/v2\/posts"}],"about":[{"href":"https:\/\/www.europesays.com\/de\/wp-json\/wp\/v2\/types\/post"}],"author":[{"embeddable":true,"href":"https:\/\/www.europesays.com\/de\/wp-json\/wp\/v2\/users\/2"}],"replies":[{"embeddable":true,"href":"https:\/\/www.europesays.com\/de\/wp-json\/wp\/v2\/comments?post=1263618"}],"version-history":[{"count":0,"href":"https:\/\/www.europesays.com\/de\/wp-json\/wp\/v2\/posts\/1263618\/revisions"}],"wp:featuredmedia":[{"embeddable":true,"href":"https:\/\/www.europesays.com\/de\/wp-json\/wp\/v2\/media\/1263619"}],"wp:attachment":[{"href":"https:\/\/www.europesays.com\/de\/wp-json\/wp\/v2\/media?parent=1263618"}],"wp:term":[{"taxonomy":"category","embeddable":true,"href":"https:\/\/www.europesays.com\/de\/wp-json\/wp\/v2\/categories?post=1263618"},{"taxonomy":"post_tag","embeddable":true,"href":"https:\/\/www.europesays.com\/de\/wp-json\/wp\/v2\/tags?post=1263618"}],"curies":[{"name":"wp","href":"https:\/\/api.w.org\/{rel}","templated":true}]}}