{"id":1263634,"date":"2026-08-27T09:30:17","date_gmt":"2026-08-27T09:30:17","guid":{"rendered":"https:\/\/www.europesays.com\/de\/1263634\/"},"modified":"2026-08-27T09:30:17","modified_gmt":"2026-08-27T09:30:17","slug":"1-fc-koeln-leiht-angreifer-youssoupha-niang-an-fc-st-pauli-aus","status":"publish","type":"post","link":"https:\/\/www.europesays.com\/de\/1263634\/","title":{"rendered":"1. FC K\u00f6ln leiht Angreifer Youssoupha Niang an FC St. Pauli aus"},"content":{"rendered":"<p>Vielseitiger Offensivspieler <\/p>\n<p>K\u00f6ln verleiht Eigengew\u00e4chs in die 2. Bundesliga<\/p>\n<p>27.08.2026 &#8211; 11:25 UhrLesedauer: 2 Min.<\/p>\n<p><a href=\"#focus-0\" class=\"transition-colors block text-current relative\" data-sctrack=\"FocusGalleryImage.Reference\"><img fetchpriority=\"high\" data-testid=\"Opener.Image\"   loading=\"eager\" src=\"https:\/\/www.europesays.com\/de\/wp-content\/uploads\/2026\/08\/youssoupha-niang-das-koelner-eigengewaechs-soll-in-der-kommenden-saison-erfahrungen-in-der-2-bundesl.jpeg\" alt=\"imago images 1080395235\" title=\"imago images 1080395235\" width=\"3543\" height=\"1993\" class=\"bg-[url:var(--lqipURL)] bg-cover bg-center flex h-full w-full max-w-full\" style=\"--lqipURL:url('https:\/\/images.t-online.de\/2026\/08\/5jZb7alVOOtm\/0x87:3543x1993\/fit-in\/150x0\/filters:blur(25)\/youssoupha-niang-das-koelner-eigengewaechs-soll-in-der-kommenden-saison-erfahrungen-in-der-2-bundesliga-sammeln.jpg')\" decoding=\"async\"\/><img loading=\"lazy\" src=\"https:\/\/www.t-online.de\/s\/paper\/_next\/static\/media\/zoom-in.f7dae02f.svg\" alt=\"Vergr\u00f6\u00dfern des Bildes\" title=\"Vergr\u00f6\u00dfern des Bildes\" class=\"block h-[calc(var(--height)_\/_16_*_1rem)] w-[calc(var(--width)_\/_16_*_1rem)] max-w-none absolute right-8 bottom-8 rounded-4 bg-snow p-8\" style=\"--width:32;--height:32\" decoding=\"async\"\/><\/a><\/p>\n<p>Youssoupha Niang: Das K\u00f6lner Eigengew\u00e4chs soll in der kommenden Saison Erfahrungen in der 2. Bundesliga sammeln. (Quelle: IMAGO\/Maximilian Koch\/imago)<\/p>\n<p><img loading=\"lazy\" src=\"https:\/\/www.t-online.de\/s\/paper\/_next\/static\/media\/audio-volume.6689034c.svg\" alt=\"\" title=\"\" class=\"block h-[calc(var(--height)_\/_16_*_1rem)] w-[calc(var(--width)_\/_16_*_1rem)] max-w-none group-hover:brightness-0 group-hover:invert\" style=\"--width:16;--height:16\" decoding=\"async\"\/>Vorlesen<\/p>\n<p>Aktuelle Zeit:0:00Gesamtdauer:0:00<\/p>\n<p>1x<img loading=\"lazy\" src=\"https:\/\/www.t-online.de\/s\/paper\/_next\/static\/media\/font-sizes.32942e33.svg\" alt=\"\" title=\"\" class=\"block h-[calc(var(--height)_\/_16_*_1rem)] w-[calc(var(--width)_\/_16_*_1rem)] max-w-none group-hover:hidden group-aria-expanded:hidden\" style=\"--width:16;--height:16\" decoding=\"async\"\/><img loading=\"lazy\" src=\"https:\/\/www.t-online.de\/s\/paper\/_next\/static\/media\/font-sizes-dark-mode.e382645c.svg\" alt=\"\" title=\"\" class=\"block h-[calc(var(--height)_\/_16_*_1rem)] w-[calc(var(--width)_\/_16_*_1rem)] max-w-none hidden group-hover:block group-aria-expanded:block\" style=\"--width:16;--height:16\" decoding=\"async\"\/><img loading=\"lazy\" src=\"https:\/\/www.t-online.de\/s\/paper\/_next\/static\/media\/sharing-menu-icon.1eb71368.svg\" alt=\"\" title=\"\" class=\"block h-[calc(var(--height)_\/_16_*_1rem)] w-[calc(var(--width)_\/_16_*_1rem)] max-w-none group-hover:brightness-0 group-hover:invert\" style=\"--width:16;--height:16\" decoding=\"async\"\/>Artikel teilen<\/p>\n<p class=\"font-bold text-18 leading-17 user-text-lg:text-22 user-text-xl:text-24\">Der 1. FC K\u00f6ln l\u00e4sst Angreifer Youssoupha Niang f\u00fcr eine Saison ziehen. Der 20-J\u00e4hrige soll bei seinem Leihklub gleich mehrere Positionen in der Offensive besetzen.<\/p>\n<p class=\"text-18 leading-17 user-text-lg:text-22 user-text-xl:text-24\">Der FC <a href=\"https:\/\/www.t-online.de\/themen\/fc-st-pauli\/\" class=\"transition-colors cursor-pointer no-underline md:hover:text-magenta md:focus:text-magenta border-b border-solid border-current text-salemsfur md:hover:border-magenta\" data-tracking=\"{&quot;action&quot;:&quot;click&quot;,&quot;category&quot;:&quot;intextLink&quot;,&quot;label&quot;:&quot;\/themen\/fc-st-pauli\/&quot;}\" data-sctrack=\"BodyAnchor\" rel=\"nofollow noopener\" target=\"_blank\">St. Pauli<\/a> hat Angreifer Youssoupha Niang vom <a href=\"https:\/\/www.t-online.de\/themen\/1-fc-koeln\/\" class=\"transition-colors cursor-pointer no-underline md:hover:text-magenta md:focus:text-magenta border-b border-solid border-current text-salemsfur md:hover:border-magenta\" data-tracking=\"{&quot;action&quot;:&quot;click&quot;,&quot;category&quot;:&quot;intextLink&quot;,&quot;label&quot;:&quot;\/themen\/1-fc-koeln\/&quot;}\" data-sctrack=\"BodyAnchor\" rel=\"nofollow noopener\" target=\"_blank\">1. FC K\u00f6ln<\/a> ausgeliehen. Die Hamburger verk\u00fcndeten den Transfer am Donnerstagmorgen. Der 20-J\u00e4hrige durchlief s\u00e4mtliche Juniorenteams der K\u00f6lner, ehe er zur vergangenen Spielzeit den Sprung ins Profiteam schaffte.<\/p>\n<p class=\"text-18 leading-17 user-text-lg:text-22 user-text-xl:text-24\">Aufgrund von Verletzungen kam er dort erst in der zweiten Saisonh\u00e4lfte zum Einsatz, sammelte aber dennoch zehn Bundesliga-Eins\u00e4tze. Zus\u00e4tzlich stand Niang in vier Partien der Regionalliga West auf dem Platz. Dort erzielte er drei Tore und bereitete einen weiteren Treffer vor.<\/p>\n<ul class=\"text-18 leading-17 block pl-24 *:pb-16 *:before:inline-block *:before:size-8 *:before:bg-magenta *:before:mt-0 *:before:mr-12 *:before:mb-2 *:before:-ml-[20px]\">\n<li><strong class=\"font-bold\">&#8222;Und dann wundert man sich&#8220;:<\/strong> <a href=\"https:\/\/www.t-online.de\/sport\/fussball\/bundesliga\/id_101407240\/deniz-undav-dfb-star-uebt-kritik-an-laptop-trainern.html\" class=\"transition-colors cursor-pointer no-underline md:hover:text-magenta md:focus:text-magenta border-b border-solid border-current text-salemsfur md:hover:border-magenta\" data-tracking=\"{&quot;action&quot;:&quot;click&quot;,&quot;category&quot;:&quot;intextLink&quot;,&quot;label&quot;:&quot;\/sport\/fussball\/bundesliga\/id_101407240\/deniz-undav-dfb-star-uebt-kritik-an-laptop-trainern.html&quot;}\" data-sctrack=\"BodyAnchor\" rel=\"nofollow noopener\" target=\"_blank\">Undav \u00fcbt scharfe Trainerkritik<\/a><\/li>\n<li><strong class=\"font-bold\">Vor dem Bundesliga-Start:<\/strong> <a href=\"https:\/\/www.t-online.de\/sport\/fussball\/bundesliga\/fc-bayern-muenchen\/id_101407518\/jamal-musiala-fehlt-dem-fc-bayern-gegen-den-vfb-stuttgart-bundesliga.html\" class=\"transition-colors cursor-pointer no-underline md:hover:text-magenta md:focus:text-magenta border-b border-solid border-current text-salemsfur md:hover:border-magenta\" data-tracking=\"{&quot;action&quot;:&quot;click&quot;,&quot;category&quot;:&quot;intextLink&quot;,&quot;label&quot;:&quot;\/sport\/fussball\/bundesliga\/fc-bayern-muenchen\/id_101407518\/jamal-musiala-fehlt-dem-fc-bayern-gegen-den-vfb-stuttgart-bundesliga.html&quot;}\" data-sctrack=\"BodyAnchor\" rel=\"nofollow noopener\" target=\"_blank\">Kompany verk\u00fcndet Entscheidung bei Musiala<\/a><\/li>\n<\/ul>\n<p class=\"text-18 leading-17 user-text-lg:text-22 user-text-xl:text-24\">FC-Gesch\u00e4ftsf\u00fchrer Thomas Kessler zeigte sich zufrieden mit dem Transfer: &#8222;Mit dem <a href=\"https:\/\/www.t-online.de\/themen\/fc-st-pauli\/\" class=\"transition-colors cursor-pointer no-underline md:hover:text-magenta md:focus:text-magenta border-b border-solid border-current text-salemsfur md:hover:border-magenta\" data-tracking=\"{&quot;action&quot;:&quot;click&quot;,&quot;category&quot;:&quot;intextLink&quot;,&quot;label&quot;:&quot;\/themen\/fc-st-pauli\/&quot;}\" data-sctrack=\"BodyAnchor\" rel=\"nofollow noopener\" target=\"_blank\">FC St. Pauli<\/a> haben wir einen Klub gefunden, der ihm ein sehr gutes Umfeld bietet und bei dem er sich auf hohem Niveau neuen Herausforderungen stellen kann. Wir sind \u00fcberzeugt, dass dies der n\u00e4chste richtige Schritt in Youss\u2019 Entwicklung ist.&#8220;<\/p>\n<p class=\"text-18 leading-17 user-text-lg:text-22 user-text-xl:text-24\">Nach der Leihsaison plant der 1. <a href=\"https:\/\/www.t-online.de\/themen\/1-fc-koeln\/\" class=\"transition-colors cursor-pointer no-underline md:hover:text-magenta md:focus:text-magenta border-b border-solid border-current text-salemsfur md:hover:border-magenta\" data-tracking=\"{&quot;action&quot;:&quot;click&quot;,&quot;category&quot;:&quot;intextLink&quot;,&quot;label&quot;:&quot;\/themen\/1-fc-koeln\/&quot;}\" data-sctrack=\"BodyAnchor\" rel=\"nofollow noopener\" target=\"_blank\">FC K\u00f6ln<\/a> wohl wieder mit dem Eigengew\u00e4chs. Eine Kaufoption soll es in dem Deal mit den Hamburgern dem Vernehmen nach nicht geben.<\/p>\n<p>Schwacher Saisonstart von St. Pauli<\/p>\n<p class=\"text-18 leading-17 user-text-lg:text-22 user-text-xl:text-24\">Dennoch zeigt sich auch St. Paulis Sportchef Andreas Bornemann zufrieden mit dem Transfer. Er sagte \u00fcber den Neuzugang: &#8222;Youssoupha ist ein physisch starker Spieler, der unsere M\u00f6glichkeiten in der Offensive nochmals deutlich erweitert, weil er sowohl im Sturmzentrum als auch auf dem Fl\u00fcgel agieren kann.&#8220;<\/p>\n<p class=\"text-18 leading-17 user-text-lg:text-22 user-text-xl:text-24\">In der bereits angelaufenen Zweitligasaison konnte Bundesliga-Absteiger St. Pauli noch kein Spiel gewinnen. Im DFB-Pokal scheiterten die Hamburger in der ersten Runde an Drittligist Rot-Weiss Essen. Grund f\u00fcr den entt\u00e4uschenden Saisonstart ist auch die schw\u00e4chelnde Offensive. Mit Niang legen die &#8222;Kiezkicker&#8220; nun im Angriff nach.<\/p>\n","protected":false},"excerpt":{"rendered":"Vielseitiger Offensivspieler K\u00f6ln verleiht Eigengew\u00e4chs in die 2. Bundesliga 27.08.2026 &#8211; 11:25 UhrLesedauer: 2 Min. Youssoupha Niang: Das&hellip;\n","protected":false},"author":2,"featured_media":1263635,"comment_status":"","ping_status":"","sticky":false,"template":"","format":"standard","meta":{"footnotes":"","_share_on_mastodon":"0"},"categories":[1828],"tags":[623,722,188856,621,29,459,485,30,1420,261168,1209,2020,3165,112306],"class_list":["post-1263634","post","type-post","status-publish","format-standard","has-post-thumbnail","category-koeln","tag-1-fc-koeln","tag-722","tag-188856","tag-2-bundesliga","tag-deutschland","tag-fc-st-pauli","tag-fussball-bundesliga","tag-germany","tag-koeln","tag-leihklub","tag-nordrhein-westfalen","tag-st-pauli","tag-transfermarkt","tag-youssoupha-niang"],"share_on_mastodon":{"url":"https:\/\/pubeurope.com\/@de\/117166783228922841","error":""},"_links":{"self":[{"href":"https:\/\/www.europesays.com\/de\/wp-json\/wp\/v2\/posts\/1263634","targetHints":{"allow":["GET"]}}],"collection":[{"href":"https:\/\/www.europesays.com\/de\/wp-json\/wp\/v2\/posts"}],"about":[{"href":"https:\/\/www.europesays.com\/de\/wp-json\/wp\/v2\/types\/post"}],"author":[{"embeddable":true,"href":"https:\/\/www.europesays.com\/de\/wp-json\/wp\/v2\/users\/2"}],"replies":[{"embeddable":true,"href":"https:\/\/www.europesays.com\/de\/wp-json\/wp\/v2\/comments?post=1263634"}],"version-history":[{"count":0,"href":"https:\/\/www.europesays.com\/de\/wp-json\/wp\/v2\/posts\/1263634\/revisions"}],"wp:featuredmedia":[{"embeddable":true,"href":"https:\/\/www.europesays.com\/de\/wp-json\/wp\/v2\/media\/1263635"}],"wp:attachment":[{"href":"https:\/\/www.europesays.com\/de\/wp-json\/wp\/v2\/media?parent=1263634"}],"wp:term":[{"taxonomy":"category","embeddable":true,"href":"https:\/\/www.europesays.com\/de\/wp-json\/wp\/v2\/categories?post=1263634"},{"taxonomy":"post_tag","embeddable":true,"href":"https:\/\/www.europesays.com\/de\/wp-json\/wp\/v2\/tags?post=1263634"}],"curies":[{"name":"wp","href":"https:\/\/api.w.org\/{rel}","templated":true}]}}