{"id":1263678,"date":"2026-08-27T09:59:27","date_gmt":"2026-08-27T09:59:27","guid":{"rendered":"https:\/\/www.europesays.com\/de\/1263678\/"},"modified":"2026-08-27T09:59:27","modified_gmt":"2026-08-27T09:59:27","slug":"fc-bayern-direkt-wirbel-um-palhinha-in-portugal-sport","status":"publish","type":"post","link":"https:\/\/www.europesays.com\/de\/1263678\/","title":{"rendered":"FC Bayern: Direkt Wirbel um Palhinha in Portugal | Sport"},"content":{"rendered":"<p><a class=\"skip-content skip-content--link\" href=\"#in-content-skip-link-target-v-0-0\">TTS-Player \u00fcberspringen\u21b5<\/a><a id=\"in-content-skip-link-target-v-0-0\" class=\"skip-content--target-link-hidden skip-content skip-content--target-link\" href=\"#in-content-skip-link-target-v-0-0\">Artikel weiterlesen<\/a><\/p>\n<p data-21134c99=\"0-2380\">Lissabon\/M\u00fcnchen \u2013<b> Mit dieser Entscheidung hat er viele seiner einstigen Fans gegen sich aufgebracht! Am Mittwoch wurde der Transfer von Jo\u00e3o Palhinha (31) vom <\/b><a href=\"https:\/\/www.bild.de\/sport\/fussball\/bayern-muenchen\/startseite-fc-bayern-muenchen-31074450.bild.html\" class=\"text-link\" rel=\"nofollow noopener\" target=\"_blank\"><b>FC Bayern<\/b><\/a><b> zu Benfica Lissabon f\u00fcr 14 Mio. Euro plus f\u00fcnf Mio. Euro Boni offiziell. <\/b><\/p>\n<p data-21134c99=\"0-2380\">W\u00e4hrend der Anhang seines neuen Klubs die Ankunft des Mittelfeld-Abr\u00e4umers als Coup feiert, sind viele Fans des Lissaboner Stadtrivalen Sporting stinksauer wegen des Wechsels. Der brisante Hintergrund: Palhinha spielte von 2013 bis 2022 mit kurzen Leihunterbrechungen f\u00fcr Sporting, wurde dort fu\u00dfballerisch ausgebildet.<\/p>\n<p>Direkt Wirbel um Palhinha in Portugal<\/p>\n<p data-21134c99=\"0-2380\">2021 feierte er mit Sporting die Meisterschaft und entwickelte sich so zu einem Publikumsliebling. Einen Anteil daran hatten auch regelm\u00e4\u00dfige Liebes- und Treuebekundungen des Spielers.<\/p>\n<p data-21134c99=\"0-2380\">Dass Palhinha jetzt trotzdem ausgerechnet zu Benfica geht, macht viele Sporting-Fans m\u00e4chtig sauer! Sie beschimpfen den Ex-Bayern-Star in den sozialen Netzwerken, halten ihm seine wertsch\u00e4tzenden Aussagen in Richtung Sporting aus der Vergangenheit vorwurfsvoll vor.<\/p>\n<p><img decoding=\"async\" width=\"992\" height=\"558\" alt=\"Ein Foto der Meistersaison 2020\/21: Palhinha gr\u00e4tscht durchs Mittelfeld von Benfica-Rivale Sporting\" loading=\"lazy\" src=\"https:\/\/www.europesays.com\/de\/wp-content\/uploads\/2026\/08\/5d25bedb0154df2e9b651a1a34f82f27,758f220a.jpeg\"   class=\"landscape\"\/><\/p>\n<p class=\"fig__caption__text\">Ein Foto der Meistersaison 2020\/21: Palhinha gr\u00e4tscht durchs Mittelfeld von Benfica-Rivale Sporting<\/p>\n<p>Foto: picture alliance\/NurPhoto<\/p>\n<p data-21134c99=\"0-2380\">Ein Faktor, der die Wut noch verst\u00e4rkt: Sporting soll diesen Sommer auch Interesse an Palhinha gezeigt haben. Zu konkreten Verhandlungen kam es jedoch nicht \u2013 nun hat ausgerechnet der verhasste Stadtrivale den Zuschlag erhalten. Ein wichtiger Grund f\u00fcr die Palhinha-Entscheidung pro Benfica war sein Wunsch, wieder in seine portugiesische Heimat zur\u00fcckzukehren, um so oft wie m\u00f6glich bei seinen S\u00f6hnen Jo\u00e3o Maria und Francisco Maria sein zu k\u00f6nnen.<\/p>\n<p>Palhinha zeigt seinen Benfica-Mitgliedsausweis<\/p>\n<p data-21134c99=\"0-2380\">Als w\u00e4re der Wechsel-Wirbel nicht schon gro\u00df genug, sorgten Palhinha und Benfica bei der Verk\u00fcndung ihrer Zusammenarbeit f\u00fcr noch mehr Aufregung: Der 37-malige Nationalspieler Portugals zeigte bei seiner Vorstellung in den Social-Media-Kan\u00e4len seines neuen Klubs seinen Mitgliedsausweis bei Benfica. Das Brisante: Dieser ist schon seit 2005 g\u00fcltig \u2013 Palhinha war also schon heimlich Benfica-Mitglied, als er noch bei Sporting spielte! Viele ehemalige Fans von Palhinha verstehen das als Verrat ihres einstigen Idols an Sporting und lassen ihrem Frust im Netz nun freien Lauf.<\/p>\n<p> An dieser Stelle findest du Inhalte aus Instagram <\/p>\n<p> Um mit Inhalten aus Instagram und anderen sozialen Netzwerken zu interagieren oder diese darzustellen, brauchen wir deine Zustimmung. <\/p>\n<p> soziale Netzwerke aktivieren <\/p>\n<p data-21134c99=\"0-2380\">Noch hitziger d\u00fcrfte es werden, wenn Palhinha erstmals mit dem Benfica-Trikot gegen Sporting antritt. Daf\u00fcr gibt es auch schon ein Datum: Am 27. Dezember steigt das erste Lissabon-Derby der Saison im Est\u00e9dio da Luz von Benfica \u2026<\/p>\n","protected":false},"excerpt":{"rendered":"TTS-Player \u00fcberspringen\u21b5Artikel weiterlesen Lissabon\/M\u00fcnchen \u2013 Mit dieser Entscheidung hat er viele seiner einstigen Fans gegen sich aufgebracht! Am&hellip;\n","protected":false},"author":2,"featured_media":1263679,"comment_status":"","ping_status":"","sticky":false,"template":"","format":"standard","meta":{"footnotes":"","_share_on_mastodon":"0"},"categories":[5],"tags":[1263,538,458,13,11515,14,15,957,12,803,1470,1576,10,8,9,11],"class_list":["post-1263678","post","type-post","status-publish","format-standard","has-post-thumbnail","category-nachrichten","tag-aufmacher-bereich","tag-erste-bundesliga","tag-fc-bayern-muenchen","tag-headlines","tag-kompany-vincent","tag-nachrichten","tag-news","tag-premier-league","tag-schlagzeilen","tag-spielertransfer","tag-sport-leuchtturm-muenchen","tag-super-a-teaser","tag-top-news","tag-top-meldungen","tag-topmeldungen","tag-topnews"],"share_on_mastodon":{"url":"","error":""},"_links":{"self":[{"href":"https:\/\/www.europesays.com\/de\/wp-json\/wp\/v2\/posts\/1263678","targetHints":{"allow":["GET"]}}],"collection":[{"href":"https:\/\/www.europesays.com\/de\/wp-json\/wp\/v2\/posts"}],"about":[{"href":"https:\/\/www.europesays.com\/de\/wp-json\/wp\/v2\/types\/post"}],"author":[{"embeddable":true,"href":"https:\/\/www.europesays.com\/de\/wp-json\/wp\/v2\/users\/2"}],"replies":[{"embeddable":true,"href":"https:\/\/www.europesays.com\/de\/wp-json\/wp\/v2\/comments?post=1263678"}],"version-history":[{"count":0,"href":"https:\/\/www.europesays.com\/de\/wp-json\/wp\/v2\/posts\/1263678\/revisions"}],"wp:featuredmedia":[{"embeddable":true,"href":"https:\/\/www.europesays.com\/de\/wp-json\/wp\/v2\/media\/1263679"}],"wp:attachment":[{"href":"https:\/\/www.europesays.com\/de\/wp-json\/wp\/v2\/media?parent=1263678"}],"wp:term":[{"taxonomy":"category","embeddable":true,"href":"https:\/\/www.europesays.com\/de\/wp-json\/wp\/v2\/categories?post=1263678"},{"taxonomy":"post_tag","embeddable":true,"href":"https:\/\/www.europesays.com\/de\/wp-json\/wp\/v2\/tags?post=1263678"}],"curies":[{"name":"wp","href":"https:\/\/api.w.org\/{rel}","templated":true}]}}