{"id":1263749,"date":"2026-08-27T10:49:15","date_gmt":"2026-08-27T10:49:15","guid":{"rendered":"https:\/\/www.europesays.com\/de\/1263749\/"},"modified":"2026-08-27T10:49:15","modified_gmt":"2026-08-27T10:49:15","slug":"gastmahl-dresden-feiert-erneut-gastmahl-fuer-vielfalt","status":"publish","type":"post","link":"https:\/\/www.europesays.com\/de\/1263749\/","title":{"rendered":"Gastmahl: Dresden feiert erneut Gastmahl f\u00fcr Vielfalt"},"content":{"rendered":"<p class=\"fp-paragraph\"><strong>Dresden<\/strong> &#8211; An diesem Montag verwandelt sich der Dresdner Neumarkt vor der Frauenkirche in eine mehrere hundert Meter lange Picknicktafel f\u00fcr Vielfalt, Offenheit und Zusammenhalt. Von 16.00 bis 20.00 Uhr kommen Dresdner, G\u00e4ste und Zugezogene an einer sternf\u00f6rmigen Tafel unter dem Motto \u201eDresden is(s)t bunt\u201c zu Gespr\u00e4chen zusammen. Zur 10. Ausgabe in diesem Jahr ist auch Sachsens Sozialministerin Petra K\u00f6pping (SPD) dabei, wie ihr Ministerium mitteilte.<\/p>\n<p class=\"fp-paragraph\">Die Cellex-Stiftung richtet das Gastmahl f\u00fcr alle seit 2015 in der Landeshauptstadt aus. Neben dem gemeinsamen Essen gibt es ein vielseitiges Rahmenprogramm, welches Dresdner Kultureinrichtungen, Religionsgemeinschaften und Vereine ausrichten.<\/p>\n","protected":false},"excerpt":{"rendered":"Dresden &#8211; An diesem Montag verwandelt sich der Dresdner Neumarkt vor der Frauenkirche in eine mehrere hundert Meter&hellip;\n","protected":false},"author":2,"featured_media":1263750,"comment_status":"","ping_status":"","sticky":false,"template":"","format":"standard","meta":{"footnotes":"","_share_on_mastodon":"0"},"categories":[1835],"tags":[3364,29,2386,30,1724,5027,859],"class_list":["post-1263749","post","type-post","status-publish","format-standard","has-post-thumbnail","category-dresden","tag-de","tag-deutschland","tag-dresden","tag-germany","tag-gesellschaft","tag-kommune","tag-sachsen"],"share_on_mastodon":{"url":"https:\/\/pubeurope.com\/@de\/117167086916523813","error":""},"_links":{"self":[{"href":"https:\/\/www.europesays.com\/de\/wp-json\/wp\/v2\/posts\/1263749","targetHints":{"allow":["GET"]}}],"collection":[{"href":"https:\/\/www.europesays.com\/de\/wp-json\/wp\/v2\/posts"}],"about":[{"href":"https:\/\/www.europesays.com\/de\/wp-json\/wp\/v2\/types\/post"}],"author":[{"embeddable":true,"href":"https:\/\/www.europesays.com\/de\/wp-json\/wp\/v2\/users\/2"}],"replies":[{"embeddable":true,"href":"https:\/\/www.europesays.com\/de\/wp-json\/wp\/v2\/comments?post=1263749"}],"version-history":[{"count":0,"href":"https:\/\/www.europesays.com\/de\/wp-json\/wp\/v2\/posts\/1263749\/revisions"}],"wp:featuredmedia":[{"embeddable":true,"href":"https:\/\/www.europesays.com\/de\/wp-json\/wp\/v2\/media\/1263750"}],"wp:attachment":[{"href":"https:\/\/www.europesays.com\/de\/wp-json\/wp\/v2\/media?parent=1263749"}],"wp:term":[{"taxonomy":"category","embeddable":true,"href":"https:\/\/www.europesays.com\/de\/wp-json\/wp\/v2\/categories?post=1263749"},{"taxonomy":"post_tag","embeddable":true,"href":"https:\/\/www.europesays.com\/de\/wp-json\/wp\/v2\/tags?post=1263749"}],"curies":[{"name":"wp","href":"https:\/\/api.w.org\/{rel}","templated":true}]}}