{"id":1263783,"date":"2026-08-27T11:12:20","date_gmt":"2026-08-27T11:12:20","guid":{"rendered":"https:\/\/www.europesays.com\/de\/1263783\/"},"modified":"2026-08-27T11:12:20","modified_gmt":"2026-08-27T11:12:20","slug":"bester-start-der-eberhofer-reihe-fuer-steckerlfischfiasko","status":"publish","type":"post","link":"https:\/\/www.europesays.com\/de\/1263783\/","title":{"rendered":"Bester Start der Eberhofer-Reihe f\u00fcr \u201eSteckerlfischfiasko\u201c"},"content":{"rendered":"<p>Ein Mord mit dem Golfschl\u00e4ger, eine Familienfehde und Liebeswirren: Eine Mischung, die den aktuellen Eberhofer-Film diesen Sommer besonders erfolgreich macht.<\/p>\n<p><a href=\"https:\/\/www.onetz.de\/f\/ic\/ga-large\/articlemedia\/2026\/08\/27\/25f1ea43-233c-430a-8b6b-dfbdb9313054.jpg\" class=\"ps-item\" data-psg=\"5482148\" data-size=\"960x616\" data-caption=\"&lt;div&gt;Bild: Felix H\u00f6rhager\/dpa&lt;\/div&gt;Beim Kinopublikum kommt die Krimikom\u00f6die \u201eSteckerlfischfiasko\u201c gut an. (Archivbild)\" rel=\"nofollow noopener\" target=\"_blank\"><img src=\"https:\/\/www.europesays.com\/de\/wp-content\/uploads\/2026\/08\/25f1ea43-233c-430a-8b6b-dfbdb9313054.jpg\" alt=\"Beim Kinopublikum kommt die Krimikom\u00f6die \u201eSteckerlfischfiasko\u201c gut an. (Archivbild) Bild: Felix H\u00f6rhager\/dpa\" title=\"\" width=\"960\" height=\"540\" loading=\"lazy\" decoding=\"async\" class=\"img-responsive\"\/><\/a><\/p>\n<p>Beim Kinopublikum kommt die Krimikom\u00f6die \u201eSteckerlfischfiasko\u201c gut an. (Archivbild)<\/p>\n<p>Bild: Felix H\u00f6rhager\/dpa<\/p>\n<p><a href=\"https:\/\/www.onetz.de\/f\/ic\/ga-large\/articlemedia\/2026\/08\/27\/edf3bbd1-8b71-4a77-8b95-fb34b7610b19.jpg\" class=\"ps-item\" data-psg=\"5482148\" data-size=\"960x640\" data-caption=\"&lt;div&gt;Bild: Felix H\u00f6rhager\/dpa&lt;\/div&gt;Mit einer kleinen Rolle dabei ist dieses Mal auch Christian Tramitz. (Archivbild)\" rel=\"nofollow noopener\" target=\"_blank\"><img src=\"https:\/\/www.europesays.com\/de\/wp-content\/uploads\/2026\/08\/edf3bbd1-8b71-4a77-8b95-fb34b7610b19.jpg\" alt=\"Mit einer kleinen Rolle dabei ist dieses Mal auch Christian Tramitz. (Archivbild) Bild: Felix H\u00f6rhager\/dpa\" title=\"\" width=\"960\" height=\"540\" loading=\"lazy\" decoding=\"async\" class=\"img-responsive\"\/><\/a><\/p>\n<p>Mit einer kleinen Rolle dabei ist dieses Mal auch Christian Tramitz. (Archivbild)<\/p>\n<p>Bild: Felix H\u00f6rhager\/dpa<\/p>\n<p>Die Krimikom\u00f6die \u201eSteckerlfischfiasko\u201c rund um den Provinzpolizisten Franz Eberhofer hat seit ihrem Start vor zwei Wochen schon mehr als eine Million Menschen ins Kino gelockt. Das sei der beste Kino-Start der gesamten Filmreihe, teilte Constantin Film in M\u00fcnchen mit. Alle zehn Teile k\u00e4men damit zusammen auf rund 9,9 Millionen Kinobesucher in Deutschland.<\/p>\n<p>Der Streifen mit Sebastian Bezzel, Lisa Maria Potthoff und Simon Schwarz beruht wie schon die Vorg\u00e4ngerfilme auf einem Roman der niederbayerischen Autorin Rita Falk.<\/p>\n<p>Vom Golfschl\u00e4ger erschlagen <\/p>\n<p>In dem aktuellen Film wird der \u201eSteckerlfischk\u00f6nig\u201c von Niederkaltenkirchen mit einem Golfschl\u00e4ger ermordet. M\u00f6gliche Ursache k\u00f6nnte eine Familienfehde zwischen zwei verfeindeten Clans sein, bei der auch romantische Verwicklungen mit reinspielen. In weiteren Rollen zu sehen sind auch Christian Tramitz, Ruby O. Fee, Lara Mandoki, Enzi Fuchs und Eisi Gulp.<\/p>\n<p>\u00a9 dpa-infocom, dpa:260827-930-590389\/1<\/p>\n","protected":false},"excerpt":{"rendered":"Ein Mord mit dem Golfschl\u00e4ger, eine Familienfehde und Liebeswirren: Eine Mischung, die den aktuellen Eberhofer-Film diesen Sommer besonders&hellip;\n","protected":false},"author":2,"featured_media":1263784,"comment_status":"","ping_status":"","sticky":false,"template":"","format":"standard","meta":{"footnotes":"","_share_on_mastodon":"0"},"categories":[1827],"tags":[772,29,7488,30,80,1268,7489],"class_list":["post-1263783","post","type-post","status-publish","format-standard","has-post-thumbnail","category-muenchen","tag-bayern","tag-deutschland","tag-dpa","tag-germany","tag-kultur","tag-muenchen","tag-region-bayern"],"share_on_mastodon":{"url":"","error":""},"_links":{"self":[{"href":"https:\/\/www.europesays.com\/de\/wp-json\/wp\/v2\/posts\/1263783","targetHints":{"allow":["GET"]}}],"collection":[{"href":"https:\/\/www.europesays.com\/de\/wp-json\/wp\/v2\/posts"}],"about":[{"href":"https:\/\/www.europesays.com\/de\/wp-json\/wp\/v2\/types\/post"}],"author":[{"embeddable":true,"href":"https:\/\/www.europesays.com\/de\/wp-json\/wp\/v2\/users\/2"}],"replies":[{"embeddable":true,"href":"https:\/\/www.europesays.com\/de\/wp-json\/wp\/v2\/comments?post=1263783"}],"version-history":[{"count":0,"href":"https:\/\/www.europesays.com\/de\/wp-json\/wp\/v2\/posts\/1263783\/revisions"}],"wp:featuredmedia":[{"embeddable":true,"href":"https:\/\/www.europesays.com\/de\/wp-json\/wp\/v2\/media\/1263784"}],"wp:attachment":[{"href":"https:\/\/www.europesays.com\/de\/wp-json\/wp\/v2\/media?parent=1263783"}],"wp:term":[{"taxonomy":"category","embeddable":true,"href":"https:\/\/www.europesays.com\/de\/wp-json\/wp\/v2\/categories?post=1263783"},{"taxonomy":"post_tag","embeddable":true,"href":"https:\/\/www.europesays.com\/de\/wp-json\/wp\/v2\/tags?post=1263783"}],"curies":[{"name":"wp","href":"https:\/\/api.w.org\/{rel}","templated":true}]}}