{"id":1263815,"date":"2026-08-27T11:31:20","date_gmt":"2026-08-27T11:31:20","guid":{"rendered":"https:\/\/www.europesays.com\/de\/1263815\/"},"modified":"2026-08-27T11:31:20","modified_gmt":"2026-08-27T11:31:20","slug":"transfer-ticker-fc-bayern-verkauft-17-jaehrigen-fuer-fuenf-millionen-euro","status":"publish","type":"post","link":"https:\/\/www.europesays.com\/de\/1263815\/","title":{"rendered":"Transfer-Ticker: FC Bayern verkauft 17-J\u00e4hrigen f\u00fcr f\u00fcnf Millionen Euro"},"content":{"rendered":"<p>Der FC Bayern l\u00e4sst Offensivtalent Wisdom Mike zum FC Br\u00fcgge ziehen. Der 17-J\u00e4hrige unterschrieb in Belgien einen Vertrag bis zum Sommer 2029. Laut \u201eKicker\u201c erh\u00e4lt der Rekordmeister f\u00fcnf Millionen Euro f\u00fcr den Transfer des Teenagers. F\u00fcnfmal kam Mike bisher bei den Profis zum Einsatz.<\/p>\n<p>\u201eWeezy kam mit 13 Jahren an den FC Bayern Campus, hat sich bei uns kontinuierlich weiterentwickelt, feierte nur zwei Tage nach seinem 17. Geburtstag sein Profideb\u00fct und wurde zum deutschen Juniorennationalspieler\u201c, sagte Bayerns Sportdirektor Christoph Freund. \u00dcber den MSV Duisburg und Borussia M\u00f6nchengladbach war Mike im Sommer 2022 zum FC Bayern gewechselt.<\/p>\n<p><img src=\"https:\/\/www.europesays.com\/de\/wp-content\/uploads\/2026\/08\/gyi-2255720549-jpg.jpeg\" class=\"c-picture__image\" alt=\"Wisdom Mike wird f\u00fcr Harry Kane eingewechselt. Nun verl\u00e4sst er die Bayern\" loading=\"lazy\" decoding=\"async\"\/><\/p>\n<p>Wisdom Mike wird f\u00fcr Harry Kane eingewechselt. Nun verl\u00e4sst er die Bayern<\/p>\n<p>Quelle: Getty Images\/Adam Pretty<\/p>\n","protected":false},"excerpt":{"rendered":"Der FC Bayern l\u00e4sst Offensivtalent Wisdom Mike zum FC Br\u00fcgge ziehen. Der 17-J\u00e4hrige unterschrieb in Belgien einen Vertrag&hellip;\n","protected":false},"author":2,"featured_media":1263816,"comment_status":"","ping_status":"","sticky":false,"template":"","format":"standard","meta":{"footnotes":"","_share_on_mastodon":"0"},"categories":[136],"tags":[29,3695,30,188,265,45,1288,251640],"class_list":["post-1263815","post","type-post","status-publish","format-standard","has-post-thumbnail","category-sport","tag-deutschland","tag-erste-liga","tag-germany","tag-liveticker","tag-sport","tag-texttospeech","tag-transfers","tag-transfersummen-ks"],"share_on_mastodon":{"url":"https:\/\/pubeurope.com\/@de\/117167252360332727","error":""},"_links":{"self":[{"href":"https:\/\/www.europesays.com\/de\/wp-json\/wp\/v2\/posts\/1263815","targetHints":{"allow":["GET"]}}],"collection":[{"href":"https:\/\/www.europesays.com\/de\/wp-json\/wp\/v2\/posts"}],"about":[{"href":"https:\/\/www.europesays.com\/de\/wp-json\/wp\/v2\/types\/post"}],"author":[{"embeddable":true,"href":"https:\/\/www.europesays.com\/de\/wp-json\/wp\/v2\/users\/2"}],"replies":[{"embeddable":true,"href":"https:\/\/www.europesays.com\/de\/wp-json\/wp\/v2\/comments?post=1263815"}],"version-history":[{"count":0,"href":"https:\/\/www.europesays.com\/de\/wp-json\/wp\/v2\/posts\/1263815\/revisions"}],"wp:featuredmedia":[{"embeddable":true,"href":"https:\/\/www.europesays.com\/de\/wp-json\/wp\/v2\/media\/1263816"}],"wp:attachment":[{"href":"https:\/\/www.europesays.com\/de\/wp-json\/wp\/v2\/media?parent=1263815"}],"wp:term":[{"taxonomy":"category","embeddable":true,"href":"https:\/\/www.europesays.com\/de\/wp-json\/wp\/v2\/categories?post=1263815"},{"taxonomy":"post_tag","embeddable":true,"href":"https:\/\/www.europesays.com\/de\/wp-json\/wp\/v2\/tags?post=1263815"}],"curies":[{"name":"wp","href":"https:\/\/api.w.org\/{rel}","templated":true}]}}