{"id":1263823,"date":"2026-08-27T11:36:20","date_gmt":"2026-08-27T11:36:20","guid":{"rendered":"https:\/\/www.europesays.com\/de\/1263823\/"},"modified":"2026-08-27T11:36:20","modified_gmt":"2026-08-27T11:36:20","slug":"entsendet-kim-erneut-soldaten-gefaehrliche-allianz-russland-terrorisiert-ukraine-mit-nordkoreas-raketen","status":"publish","type":"post","link":"https:\/\/www.europesays.com\/de\/1263823\/","title":{"rendered":"Entsendet Kim erneut Soldaten?: Gef\u00e4hrliche Allianz: Russland terrorisiert Ukraine mit Nordkoreas Raketen"},"content":{"rendered":"<p>Entsendet Kim erneut Soldaten?Gef\u00e4hrliche Allianz: Russland terrorisiert Ukraine mit Nordkoreas Raketen<\/p>\n<p>27.08.2026, 11:44 Uhr <\/p>\n<p>Artikel anh\u00f6ren(04:27 min)<\/p>\n<p><img decoding=\"async\" class=\"Image_img__fQCi0 Image_Img_16_9__4BLfH widget-picture-inline_maximizable__t_E7h\" loading=\"eager\" fetchpriority=\"high\" src=\"https:\/\/www.europesays.com\/de\/wp-content\/uploads\/2026\/08\/1787830580_978_image.webp\" alt=\"image\"\/>Bei russischen Luftangriffen auf die Region Kiew wurden in der Nacht zwei Menschen verletzt. (Foto: REUTERS)<\/p>\n<p class=\"Typography_text-m__XI0da Typography_weight-bold__uT6mq storyline_lead_text_leadtext__q_wg8\">In der Nacht beschie\u00dft Russland die Ukraine mit Drohnen, Raketen und Marschflugk\u00f6rpern. Auch nordkoreanische Ballistik kommt zum Einsatz. Nach ukrainischen Angaben werden bei den Angriffen mehrere Menschen verletzt. <\/p>\n<p class=\"Typography_text-default__P3otY Typography_weight-normal__pqUbH storyline_paragraph_p__qSR5N\">Russland hat die Ukraine in der Nacht nach ukrainischen Angaben mit Drohnen, Marschflugk\u00f6rpern und Raketen attackiert. Darunter befanden sich demnach auch nordkoreanische Raketen. Der ukrainischen Luftwaffe zufolge setzten die russischen Streitkr\u00e4fte in der vergangenen Nacht neben 258 Drohnen sowie Marschflugk\u00f6rpern auch ballistische Raketen der Typen Iskander-M und KN-23 ein. Bei den KN-23 handelt es sich um nordkoreanische Kurzstreckenraketen. <\/p>\n<p class=\"Typography_text-default__P3otY Typography_weight-normal__pqUbH storyline_paragraph_p__qSR5N\">Seit dem 11. August macht die Luftwaffe allerdings keine genauen Angaben zur Zahl der von Russland bei den alln\u00e4chtlichen Angriffen eingesetzten und von der Ukraine abgewehrten Raketen mehr. Aus dem j\u00fcngsten Bericht geht jedoch hervor, dass die russische Armee in der vergangenen Nacht mindestens sieben ballistische Raketen abfeuerte. <\/p>\n<p class=\"Typography_text-default__P3otY Typography_weight-normal__pqUbH storyline_paragraph_p__qSR5N\">Nach Beh\u00f6rdenangaben wurden bei den russischen Luftangriffen mehrere Menschen verletzt. In der Hauptstadtregion Kiew wurden nach Angaben des Gouverneurs eine 15-J\u00e4hrige und eine 73-J\u00e4hrige leicht verletzt. Russland habe die Region die ganze Nacht lang mit Drohnen und Raketen beschossen, schrieb der Chef der regionalen Verwaltung, Tymur Tkaschenko, am Morgen auf Telegram. In Krywyj Rih, der Heimatstadt des ukrainischen Pr\u00e4sidenten Wolodymyr Selenskyj, wurden nach Beh\u00f6rdenangaben drei Menschen verletzt. In der Regionalhauptstadt Saporischschja und der Umgebung werden sieben Verletzte gemeldet, darunter drei Kinder. <\/p>\n<p class=\"Typography_text-default__P3otY Typography_weight-normal__pqUbH storyline_paragraph_p__qSR5N\">Nordkorea ist ein enger Verb\u00fcndeter Moskaus. In der Vergangenheit hatte Pj\u00f6ngjang bereits mehrfach Soldaten nach Russland entsandt. Diese waren den Russen besonders bei der Abwehr der ukrainischen Offensive in der russischen Grenzregion Kursk von August 2024 bis M\u00e4rz 2025 eine gro\u00dfe Hilfe. <\/p>\n<p class=\"Typography_text-default__P3otY Typography_weight-normal__pqUbH storyline_paragraph_p__qSR5N\">Vor wenigen Wochen meldete Pr\u00e4sident Selenskyj, dass Russland sich auf die Stationierung weiterer Soldaten auf seinem Staatsgebiet vorbereite. &#8222;Das ist das erste Mal, dass sie den Krieg ohne die Unterst\u00fctzung aus Nordkorea gar nicht mehr weiterf\u00fchren k\u00f6nnen&#8220;, sagte der Staatschef damals. Er bezifferte die Zahl der Soldaten mit 30.000 bis 50.000. Auch S\u00fcdkorea berichtete, dass Nordkorea plane, der russischen Armee weitere Soldaten an die Seite zu stellen. Seoul sieht aber keine Anzeichen daf\u00fcr, dass die Entsendung unmittelbar bevorsteht. <\/p>\n<p>Kleine Waffenhilfe f\u00fcr die Ukraine<\/p>\n<p class=\"Typography_text-default__P3otY Typography_weight-normal__pqUbH storyline_paragraph_p__qSR5N\">Erst in der Nacht auf den 11. August hatte Russland unter anderem nordkoreanische Raketen gegen sein Nachbarland eingesetzt. Der Einsatz nordkoreanischer Waffen, die russischen Vorbereitungen auf eine Mobilmachung und die vermehrte Produktion ballistischer Raketen zeigten, dass Russland keinen Frieden anstrebe, mahnte Selenskyj nach der Attacke in sozialen Netzwerken. &#8222;Die Welt muss jetzt reagieren, statt abzuwarten.&#8220; <\/p>\n<p class=\"Typography_text-default__P3otY Typography_weight-normal__pqUbH storyline_paragraph_p__qSR5N\">Kiew fordert von seinen Partnern seit Monaten mehr Abfangraketen des Typs Patriot, um mehr russische Raketen und Marschflugk\u00f6rper abwehren zu k\u00f6nnen. Vor wenigen Tagen teilte Selenskyj w\u00e4hrend einer Pressekonferenz mit seinem estnischen Amtskollegen Alar Karis mit, dass die Ukraine einige Patriot-Raketen erhalten habe. Eine konkrete Zahl nannte er nicht. Sein Land ben\u00f6tige aber weitere Patriot-Raketen, f\u00fcgte Selenskyj hinzu. <\/p>\n<p class=\"Typography_text-default__P3otY Typography_weight-normal__pqUbH storyline_paragraph_p__qSR5N\">Ohne Abfangraketen ist die Ukraine russischen Raketenangriffen weitestgehend schutzlos ausgeliefert. In der vergangenen Nacht konnte die Luftwaffe mit sieben ballistischen Raketen erstmals seit l\u00e4ngerem wieder eine h\u00f6here Zahl an Raketen abfangen. Zusammen mit Verb\u00fcndeten entwickelt die Ukraine derzeit eine europ\u00e4ische Alternative zu den Patriot-Systemen der USA. Das Raketenabwehrsystem namens &#8222;Freyja&#8220; wird aller Voraussicht nach allerdings erst im kommenden Jahr fertiggestellt werden.<\/p>\n<p class=\"Typography_text-s__wu_cm Typography_weight-normal__pqUbH Typography_color-darkgrey__sZEnP article-detail-footer_source__KslPc\">Quelle: ntv.de, lar<\/p>\n","protected":false},"excerpt":{"rendered":"Entsendet Kim erneut Soldaten?Gef\u00e4hrliche Allianz: Russland terrorisiert Ukraine mit Nordkoreas Raketen 27.08.2026, 11:44 Uhr Artikel anh\u00f6ren(04:27 min) Bei&hellip;\n","protected":false},"author":2,"featured_media":1263824,"comment_status":"","ping_status":"","sticky":false,"template":"","format":"standard","meta":{"footnotes":"","_share_on_mastodon":"0"},"categories":[3],"tags":[661,13,24619,14,15,885,16,307,12,10,8,9,11,317,3081,103,104],"class_list":["post-1263823","post","type-post","status-publish","format-standard","has-post-thumbnail","category-welt","tag-angriff-auf-die-ukraine","tag-headlines","tag-luftangriffe","tag-nachrichten","tag-news","tag-nordkorea","tag-politik","tag-russland","tag-schlagzeilen","tag-top-news","tag-top-meldungen","tag-topmeldungen","tag-topnews","tag-ukraine","tag-ukraine-konflikt","tag-welt","tag-world"],"share_on_mastodon":{"url":"https:\/\/pubeurope.com\/@de\/117167274243428091","error":""},"_links":{"self":[{"href":"https:\/\/www.europesays.com\/de\/wp-json\/wp\/v2\/posts\/1263823","targetHints":{"allow":["GET"]}}],"collection":[{"href":"https:\/\/www.europesays.com\/de\/wp-json\/wp\/v2\/posts"}],"about":[{"href":"https:\/\/www.europesays.com\/de\/wp-json\/wp\/v2\/types\/post"}],"author":[{"embeddable":true,"href":"https:\/\/www.europesays.com\/de\/wp-json\/wp\/v2\/users\/2"}],"replies":[{"embeddable":true,"href":"https:\/\/www.europesays.com\/de\/wp-json\/wp\/v2\/comments?post=1263823"}],"version-history":[{"count":0,"href":"https:\/\/www.europesays.com\/de\/wp-json\/wp\/v2\/posts\/1263823\/revisions"}],"wp:featuredmedia":[{"embeddable":true,"href":"https:\/\/www.europesays.com\/de\/wp-json\/wp\/v2\/media\/1263824"}],"wp:attachment":[{"href":"https:\/\/www.europesays.com\/de\/wp-json\/wp\/v2\/media?parent=1263823"}],"wp:term":[{"taxonomy":"category","embeddable":true,"href":"https:\/\/www.europesays.com\/de\/wp-json\/wp\/v2\/categories?post=1263823"},{"taxonomy":"post_tag","embeddable":true,"href":"https:\/\/www.europesays.com\/de\/wp-json\/wp\/v2\/tags?post=1263823"}],"curies":[{"name":"wp","href":"https:\/\/api.w.org\/{rel}","templated":true}]}}