{"id":1263871,"date":"2026-08-27T12:19:11","date_gmt":"2026-08-27T12:19:11","guid":{"rendered":"https:\/\/www.europesays.com\/de\/1263871\/"},"modified":"2026-08-27T12:19:11","modified_gmt":"2026-08-27T12:19:11","slug":"bwh-hotels-central-europe-bayerischer-hof-erweitert-sportangebot-um-padel","status":"publish","type":"post","link":"https:\/\/www.europesays.com\/de\/1263871\/","title":{"rendered":"BWH Hotels Central Europe: Bayerischer Hof erweitert Sportangebot um Padel"},"content":{"rendered":"<p class=\"date\">26.08.2026 \u2013 10:05<\/p>\n<p class=\"customer\">\n                        <a class=\"story-customer\" title=\"weiter zum newsroom von BWH Hotels Central Europe\" href=\"https:\/\/www.presseportal.de\/nr\/180582\" rel=\"nofollow noopener\" target=\"_blank\">BWH Hotels Central Europe<\/a>\n                    <\/p>\n<p><a class=\"glightbox event-trigger\" href=\"https:\/\/cache.pressmailing.net\/thumbnail\/story_hires\/e7cf946d-0947-4e82-b794-32306c8761ad\/Paddel.jpg.jpg\" data-description=\"Bayerischer Hof - BW Premier Collection by Best Western  - erweitert Sportangebot um Padel \u00a9BWH Hotels &#010;\" data-category=\"medialightbox\" data-action=\"click\" data-label=\"single\" data-value=\"6a8e9e49270000fd2cb30104\" rel=\"nofollow noopener\" target=\"_blank\"><img decoding=\"async\" height=\"540\" with=\"720\" src=\"https:\/\/www.europesays.com\/de\/wp-content\/uploads\/2026\/08\/bwh-hotels-central-europe-bayerischer-hof-erweitert-sportangebot-um-padel.jpeg\"   alt=\"BWH Hotels Central Europe: Bayerischer Hof erweitert Sportangebot um Padel\" class=\"single\"\/><\/a><\/p>\n<p><b>PRESSEMITTEILUNG<\/b><\/p>\n<p>BWH Hotels Central Europe:<\/p>\n<p><b>Bayerischer Hof erweitert Sportangebot um Padel<\/b><\/p>\n<p><b>Eschborn, August 2026.<\/b> Ankommen, einchecken und direkt ins sportliche Erlebnis starten: Hotelg\u00e4ste sowie Tagungs- und Veranstaltungsteilnehmende des Bayerischen Hofs in Miesbach &#8211; BW Premier Collection by Best Western &#8211; profitieren nun von einem neuen Freizeitangebot rund um den Trendsport Padel. Durch die Kooperation mit dem Sport- und Fitnesspark nebenan erhalten sie unter anderem Zugang zur Padel-Anlage mit 4 Padel-Pl\u00e4tzen, je zwei Single- und zwei Double-Courts, die f\u00fcr einen Gesamtpreis von 150.000 Euro neu errichtet wurde. Das Buchen der Pl\u00e4tze und das Ausleihen von B\u00e4llen und Schl\u00e4gern kann direkt im Hotel erfolgen. Gleichzeitig stehen in der Halle selbst sowohl ein Leih- als auch ein Verkaufsautomat mit digitaler Bezahlm\u00f6glichkeit zur Verf\u00fcgung. So k\u00f6nnen G\u00e4ste unkompliziert und spontan eine Partie spielen &#8211; ganz gleich, ob als aktive Auszeit w\u00e4hrend des Aufenthalts, als gemeinsames Erlebnis nach einer Tagung oder als sportlicher Programmpunkt eines Events.<\/p>\n<p><b>Sport, Wellness und Events: vielseitige Optionen f\u00fcr Hotel- und Tagungsg\u00e4ste<\/b><\/p>\n<p>Zus\u00e4tzlich zur Padel-Anlage d\u00fcrfen die G\u00e4ste des Bayerischen Hofs kostenlos am Kursangebot im Sport- und Fitnesspark teilnehmen und dessen Wellnessbereich mit drei Saunen und Innen- sowie Au\u00dfen-Ruhebereich nutzen. Auf \u00fcber 4500 Quadratmetern stehen ihnen alle Optionen der Fitness- und Ballsportanlage, darunter neben Padel auch Tennis, Squash und Soccer, von April bis September auch Badminton, zur Verf\u00fcgung offen. Modernste Ger\u00e4te, die KI-gesteuert sind (EGYM), sowie normale Kraft- und Cardio Ausstattung auf dem modernsten Level sind ebenfalls vorhanden und d\u00fcrfen vollumf\u00e4nglich genutzt werden. Auch f\u00fcr Tagungen und Veranstaltungen er\u00f6ffnet der Sportpark attraktive M\u00f6glichkeiten: Padelturniere, Team-Challenges oder Trainingseinheiten lassen sich als aktivierender Programmpunkt integrieren. So eignet sich der Bayerische Hof neben klassischen Meetings auch f\u00fcr Firmenveranstaltungen, Incentives und sportliche Teamevents. Leisureg\u00e4ste genie\u00dfen zugleich einen Aufenthalt, der Bewegung, Begegnung und Erholung verbindet \u201eMit den hoteleigenen Padelpl\u00e4tzen und dem Sportpark schaffen wir ein Angebot, das sich hervorragend in den Aufenthalt einf\u00fcgt &#8211; als Ausgleich nach einer Tagung, gemeinsames Event oder sportliche Freizeitaktivit\u00e4t\u201c, sagt Nikola Apfelb\u00f6ck, Gesch\u00e4ftsf\u00fchrerin des Bayerischen Hofs.<\/p>\n<p>Weitere Informationen unter  <a target=\"_blank\" class=\"uri-ext outbound\" rel=\"noopener nofollow\" href=\"http:\/\/www.bwhhotels.de\/\">BWH Hotels<\/a><\/p>\n<p><b>Pressekontakt: <\/b><br \/>\nBWH Hotels Central Europe GmbH, Frankfurter Strasse 10-14, 65760 Eschborn<a target=\"_blank\" class=\"uri-ext outbound\" rel=\"noopener nofollow\" href=\"http:\/\/www.bwhhotels.de\"><br \/>\n <a target=\"_blank\" class=\"uri-ext outbound\" rel=\"noopener nofollow\" href=\"http:\/\/www.bwhhotels.de\">www.bwhhotels.de<\/a> <a target=\"_blank\" class=\"uri-ext outbound\" rel=\"noopener nofollow\" href=\"https:\/\/www.presseportal.de\/pm\/180582\/mailto:daechert@max-pr.eu\">daechert@max-pr.eu<\/a> (Presseanfragen, Interviews, Hintergrundinfos)<br \/>\nTel. +49 1797696650<br \/>\n<a target=\"_blank\" class=\"uri-ext outbound\" rel=\"noopener nofollow\" href=\"https:\/\/www.presseportal.de\/pm\/180582\/mailto:presse@bwhhotelgroup.de\"> <a target=\"_blank\" class=\"uri-ext outbound\" rel=\"noopener nofollow\" href=\"https:\/\/www.presseportal.de\/pm\/180582\/mailto:presse@bwhhotelgroup.de\">presse@bwhhotels.de<\/a> (Fotomaterial, Pressekonditionen)<br \/>\nTel. +49 (61 96) 47 24 -301<a target=\"_blank\" class=\"uri-ext outbound\" rel=\"noopener nofollow\" href=\"https:\/\/www.presseportal.de\/pm\/180582\/mailto:daechert@max-pr.eu\"><br \/>\n<a target=\"_blank\" class=\"uri-ext outbound\" rel=\"noopener nofollow\" href=\"https:\/\/www.presseportal.de\/pm\/180582\/mailto:daechert@max-pr.eu\"><\/p>\n","protected":false},"excerpt":{"rendered":"26.08.2026 \u2013 10:05 BWH Hotels Central Europe PRESSEMITTEILUNG BWH Hotels Central Europe: Bayerischer Hof erweitert Sportangebot um Padel&hellip;\n","protected":false},"author":2,"featured_media":1263872,"comment_status":"","ping_status":"","sticky":false,"template":"","format":"standard","meta":{"footnotes":"","_share_on_mastodon":"0"},"categories":[3933],"tags":[331,332,3477,548,663,158,3934,3935,13,14,15,178,180,179,181,12],"class_list":["post-1263871","post","type-post","status-publish","format-standard","has-post-thumbnail","category-eu","tag-aktuelle-nachrichten","tag-aktuelle-news","tag-bild","tag-eu","tag-europa","tag-europaeische-union","tag-europe","tag-european-union","tag-headlines","tag-nachrichten","tag-news","tag-presse","tag-pressemeldung","tag-pressemitteilung","tag-pressemitteilungen","tag-schlagzeilen"],"share_on_mastodon":{"url":"","error":""},"_links":{"self":[{"href":"https:\/\/www.europesays.com\/de\/wp-json\/wp\/v2\/posts\/1263871","targetHints":{"allow":["GET"]}}],"collection":[{"href":"https:\/\/www.europesays.com\/de\/wp-json\/wp\/v2\/posts"}],"about":[{"href":"https:\/\/www.europesays.com\/de\/wp-json\/wp\/v2\/types\/post"}],"author":[{"embeddable":true,"href":"https:\/\/www.europesays.com\/de\/wp-json\/wp\/v2\/users\/2"}],"replies":[{"embeddable":true,"href":"https:\/\/www.europesays.com\/de\/wp-json\/wp\/v2\/comments?post=1263871"}],"version-history":[{"count":0,"href":"https:\/\/www.europesays.com\/de\/wp-json\/wp\/v2\/posts\/1263871\/revisions"}],"wp:featuredmedia":[{"embeddable":true,"href":"https:\/\/www.europesays.com\/de\/wp-json\/wp\/v2\/media\/1263872"}],"wp:attachment":[{"href":"https:\/\/www.europesays.com\/de\/wp-json\/wp\/v2\/media?parent=1263871"}],"wp:term":[{"taxonomy":"category","embeddable":true,"href":"https:\/\/www.europesays.com\/de\/wp-json\/wp\/v2\/categories?post=1263871"},{"taxonomy":"post_tag","embeddable":true,"href":"https:\/\/www.europesays.com\/de\/wp-json\/wp\/v2\/tags?post=1263871"}],"curies":[{"name":"wp","href":"https:\/\/api.w.org\/{rel}","templated":true}]}}