{"id":1263890,"date":"2026-08-27T12:33:31","date_gmt":"2026-08-27T12:33:31","guid":{"rendered":"https:\/\/www.europesays.com\/de\/1263890\/"},"modified":"2026-08-27T12:33:31","modified_gmt":"2026-08-27T12:33:31","slug":"pressemitteilung-nr-040-2026-der-leibniz-universitaet-hannover-lebendige","status":"publish","type":"post","link":"https:\/\/www.europesays.com\/de\/1263890\/","title":{"rendered":"Pressemitteilung Nr. 040\/2026 der Leibniz Universit\u00e4t Hannover Lebendige &#8230;"},"content":{"rendered":"<p class=\"date\">27.08.2026 \u2013 13:46<\/p>\n<p class=\"customer\">\n                        <a class=\"story-customer\" title=\"weiter zum newsroom von Leibniz Universit\u00e4t Hannover\" href=\"https:\/\/www.presseportal.de\/nr\/128741\" rel=\"nofollow noopener\" target=\"_blank\">Leibniz Universit\u00e4t Hannover<\/a>\n                    <\/p>\n<p><a class=\"glightbox event-trigger\" href=\"https:\/\/cache.pressmailing.net\/thumbnail\/story_hires\/5559c8fd-1439-43a5-88ee-eeb6ca503bb9\/sommeruni2026_16x9.jpg.jpg\" data-description=\"Hintergrundbild: Motiv aus Johann Jacob M\u00fcller und Joost van Sasse: Ansichten der Herrschaftlichen Schl\u00f6sser und G\u00e4rten vor Hannover, ca. 1725 - wikimedia commons\" data-category=\"medialightbox\" data-action=\"click\" data-label=\"single\" data-value=\"6a902392270000fd2cb6af23\" rel=\"nofollow noopener\" target=\"_blank\"><img decoding=\"async\" height=\"540\" with=\"720\" src=\"https:\/\/www.europesays.com\/de\/wp-content\/uploads\/2026\/08\/pressemitteilung-nr-040-2026-der-leibniz-universit-t-hannover-lebendige-wissenschaften-sommeruni-202.jpeg\"   alt=\"Pressemitteilung Nr. 040\/2026 der Leibniz Universit\u00e4t Hannover   Lebendige Wissenschaften: SommerUni 2026 der Leibniz Universit\u00e4t Hannover startet am 2. September\" class=\"single\"\/><\/a><\/p>\n<p>Pressemitteilung Nr. 040\/2026 der Leibniz Universit\u00e4t Hannover <\/p>\n<p><b>Lebendige Wissenschaften: SommerUni 2026 der Leibniz Universit\u00e4t Hannover startet am 2. September<\/b><\/p>\n<p>Zweiw\u00f6chiges Programm mit vielf\u00e4ltigen Einblicken in die Wissenschaft f\u00fcr alle Interessierten<\/p>\n<p>Humanoide Roboter, ein Blick hinter die Kulissen der Staatsoper, ein Spaziergang durch den gr\u00f6\u00dften zusammenh\u00e4ngenden Stadtwald Europas und die Aktualit\u00e4t der Philosophie Hannah Arendts: Vom 2. bis 17. September macht die SommerUni 2026 ganz Hannover zur B\u00fchne f\u00fcr Wissenschaft. Unter dem Motto \u201eLebendige Wissenschaften\u201d l\u00e4dt die Leibniz Universit\u00e4t Hannover (LUH) in Kooperation mit der Landeshauptstadt Hannover zu Vortr\u00e4gen, Seminaren, Workshops und Exkursionen ein.<\/p>\n<p>Den Auftakt bildet am 2. September um 15 Uhr die Er\u00f6ffnungsveranstaltung im Lichthof des Welfenschlosses. Prof. Dr.-Ing. Holger Blume, Vizepr\u00e4sident f\u00fcr Forschung, Impact und Transformation der LUH, h\u00e4lt das Gru\u00dfwort, bevor zwei Impulsvortr\u00e4ge das Verh\u00e4ltnis von Mensch und K\u00fcnstlicher Intelligenz beleuchten. Den k\u00fcnstlerischen Auftakt setzt die Tanzperformance \u201eAm I\u201d von der hannoverschen Choreografin M\u00f3nica Garc\u00eda Vicente, in der sinnlich erlebbar wird, was zuvor wissenschaftlich diskutiert wurde.<\/p>\n<p>\u201eUnser Ziel ist es, aktuelle Erkenntnisse aus den Geistes-, Natur- und Gesellschaftswissenschaften direkt in den Alltag unserer G\u00e4ste zu holen\u201d, sagt Christina Rohwetter von der Zentralen Einrichtung f\u00fcr Weiterbildung der LUH, die f\u00fcr das Programm der SommerUni zust\u00e4ndig ist. \u201eWir wirken an der Schnittstelle zwischen Universit\u00e4t und Stadt und wollen die Relevanz von Forschung verdeutlichen, B\u00fcrgerbeteiligung st\u00e4rken und f\u00fcr Wissenschaftsfreiheit werben\u201d, so Rohwetter. Wissenschaft ist bei der SommerUni deshalb anschaulich, praxisnah und f\u00fcr alle offen.<\/p>\n<p>Entsprechend vielf\u00e4ltig f\u00e4llt das zweiw\u00f6chige Programm aus: Es reicht von einem Seminar mit Probenbesuch bei der Neuinszenierung von Tschaikowskys \u201ePique Dame\u201d \u00fcber drei Veranstaltungen in den Gartenlandschaften der Stadt bis hin zu einer Dokumentarfilm-Vorf\u00fchrung zu Leibniz&#8216; Spuren im Harzer Bergbau, die anl\u00e4sslich des 350. Jubil\u00e4ums \u201eLeibniz kommt nach Hannover\u201c im Referat f\u00fcr Kommunikation und Marketing der LUH entstanden ist. <\/p>\n<p>Weitere Programmpunkte gibt es etwa zu alter chinesischer Philosophie, Hannah Arendts Philosophie der Freiheit und nieders\u00e4chsischen Bodenfunden aus keltischer, r\u00f6mischer und germanischer Zeit. Auch eine Lyrikwerkstatt, ein \u00dcberblick \u00fcber Quantentechnologien sowie Vortr\u00e4ge zur Frage, wie Regionen ihre K\u00fcche erfinden, und zu nachhaltiger industrieller Transformation stehen auf dem Programm.<\/p>\n<p>Zum Ausklang l\u00e4dt die SommerUni am 17. September ab 16 Uhr zum \u201eKleinen Hoffest\u201d auf dem Campus Schlo\u00dfwender Stra\u00dfe ein.<\/p>\n<p>Die einzelnen Veranstaltungen kosten je nach Format zwischen 12 und 24 Euro; mehrere Programmpunkte, darunter Er\u00f6ffnung und Abschlussfest, sind kostenfrei. Die Teilnehmendenzahl ist bei einigen Exkursionen begrenzt. Anmeldungen sind ausschlie\u00dflich online \u00fcber die Website der SommerUni m\u00f6glich; die Buchung ist verbindlich.<\/p>\n<p>Alle Informationen und Anmeldung:  <a target=\"_blank\" class=\"uri-ext outbound\" rel=\"noopener nofollow\" href=\"https:\/\/www.sommer.uni-hannover.de\/\">https:\/\/www.sommer.uni-hannover.de<\/a><\/p>\n<p>Hinweis an die Redaktion:<\/p>\n<p>F\u00fcr weitere Informationen steht Ihnen Mechtild Freiin v. M\u00fcnchhausen, Pressesprecherin der Leibniz Universit\u00e4t Hannover und Leiterin des Referats f\u00fcr Kommunikation und Marketing, unter Telefon 0511 762 5342 oder per E-Mail unter  <a target=\"_blank\" class=\"uri-ext outbound\" rel=\"noopener nofollow\" href=\"https:\/\/www.presseportal.de\/pm\/128741\/mailto:kommunikation@uni-hannover.de\">kommunikation@uni-hannover.de<\/a> gern zur Verf\u00fcgung.<\/p>\n<p>Mechtild Freiin v. M\u00fcnchhausen, M.A.<br \/>\nLeiterin Kommunikation und Marketing<br \/>\nPressesprecherin<\/p>\n<p>Referat f\u00fcr Kommunikation und Marketing<br \/>\nLeibniz Universit\u00e4t Hannover<br \/>\nWelfengarten 1<br \/>\n30167 Hannover<br \/>\nTel.: 0511\/762-5342<br \/>\nFax: 0511\/762-5391<br \/>\n<a href=\"https:\/\/www.presseportal.de\/pm\/128741\/mailto:kommunikation@uni-hannover.de\" class=\"uri-mailto\" rel=\"nofollow noopener\" target=\"_blank\">kommunikation@uni-hannover.de<\/a><br \/>\n<a target=\"_blank\" class=\"uri-ext outbound\" rel=\"noopener nofollow\" href=\"https:\/\/www.uni-hannover.de\">www.uni-hannover.de<\/a>  <\/p>\n","protected":false},"excerpt":{"rendered":"27.08.2026 \u2013 13:46 Leibniz Universit\u00e4t Hannover Pressemitteilung Nr. 040\/2026 der Leibniz Universit\u00e4t Hannover Lebendige Wissenschaften: SommerUni 2026 der&hellip;\n","protected":false},"author":2,"featured_media":1263891,"comment_status":"","ping_status":"","sticky":false,"template":"","format":"standard","meta":{"footnotes":"","_share_on_mastodon":"0"},"categories":[1836],"tags":[3477,3364,29,30,46,1411,178,180,179,181],"class_list":["post-1263890","post","type-post","status-publish","format-standard","has-post-thumbnail","category-hannover","tag-bild","tag-de","tag-deutschland","tag-germany","tag-hannover","tag-niedersachsen","tag-presse","tag-pressemeldung","tag-pressemitteilung","tag-pressemitteilungen"],"share_on_mastodon":{"url":"","error":""},"_links":{"self":[{"href":"https:\/\/www.europesays.com\/de\/wp-json\/wp\/v2\/posts\/1263890","targetHints":{"allow":["GET"]}}],"collection":[{"href":"https:\/\/www.europesays.com\/de\/wp-json\/wp\/v2\/posts"}],"about":[{"href":"https:\/\/www.europesays.com\/de\/wp-json\/wp\/v2\/types\/post"}],"author":[{"embeddable":true,"href":"https:\/\/www.europesays.com\/de\/wp-json\/wp\/v2\/users\/2"}],"replies":[{"embeddable":true,"href":"https:\/\/www.europesays.com\/de\/wp-json\/wp\/v2\/comments?post=1263890"}],"version-history":[{"count":0,"href":"https:\/\/www.europesays.com\/de\/wp-json\/wp\/v2\/posts\/1263890\/revisions"}],"wp:featuredmedia":[{"embeddable":true,"href":"https:\/\/www.europesays.com\/de\/wp-json\/wp\/v2\/media\/1263891"}],"wp:attachment":[{"href":"https:\/\/www.europesays.com\/de\/wp-json\/wp\/v2\/media?parent=1263890"}],"wp:term":[{"taxonomy":"category","embeddable":true,"href":"https:\/\/www.europesays.com\/de\/wp-json\/wp\/v2\/categories?post=1263890"},{"taxonomy":"post_tag","embeddable":true,"href":"https:\/\/www.europesays.com\/de\/wp-json\/wp\/v2\/tags?post=1263890"}],"curies":[{"name":"wp","href":"https:\/\/api.w.org\/{rel}","templated":true}]}}