{"id":1263894,"date":"2026-08-27T12:35:34","date_gmt":"2026-08-27T12:35:34","guid":{"rendered":"https:\/\/www.europesays.com\/de\/1263894\/"},"modified":"2026-08-27T12:35:34","modified_gmt":"2026-08-27T12:35:34","slug":"ufer-projekte-feiern-15-jahre-gemeinschaftsgaerten","status":"publish","type":"post","link":"https:\/\/www.europesays.com\/de\/1263894\/","title":{"rendered":"Ufer-Projekte feiern 15 Jahre Gemeinschaftsg\u00e4rten"},"content":{"rendered":"\n<p>Nach einer hitzebedingten Verschiebung ist es nun so weit: Der Verein Ufer-Projekte Dresden feiert am kommenden Sonnabend, 29. August, sein 15-j\u00e4hriges Bestehen. Das Sommerfest findet in der Alten G\u00e4rtnerei in Dresden-Pieschen statt. <img fetchpriority=\"high\" decoding=\"async\" src=\"https:\/\/www.europesays.com\/de\/wp-content\/uploads\/2026\/06\/2026-06-12-Gemeinschaftsgarten.jpg\" alt=\"Gemeinschaftsgarten der Ufer-Projekte in Pieschen - Foto: J. Frintert\" width=\"2400\" height=\"1350\" class=\"size-full wp-image-76212\"  \/>Gemeinschaftsgarten der Ufer-Projekte in Pieschen \u2013 Foto: J. Frintert <\/p>\n<p>Urspr\u00fcnglich sollte das Jubil\u00e4um bereits Ende Juni gefeiert werden. Wegen einer Hitzewarnung hatten die Ufer-Projekte die Veranstaltung jedoch verschoben. Nun wird das Fest am 29. August nachgeholt. <\/p>\n<p>Direkt neben den Fl\u00e4chen der Alten G\u00e4rtnerei liegt einer von insgesamt acht Gemeinschaftsg\u00e4rten des Vereins. Ein kleines Tor, ein rotes Schild mit der Aufschrift \u201eGemeinschaftsgarten\u201c, dahinter ein Meer aus Gr\u00fcn mit einzelnen Farbtupfern. Was sich Laien vielleicht als gro\u00dfe, wild bewachsene Unkrautfl\u00e4che pr\u00e4sentiert, ist der Gemeinschaftsgarten in Pieschen. Hier wachsen Bohnen neben Kartoffeln und Mangold \u2013 alles sehr naturnah, und genau das ist Konzept.<\/p>\n<p>Anzeige<\/p>\n<p><a class=\"gofollow\" data-track=\"OTAsNyw2MA==\" href=\"https:\/\/landstreicher-konzerte.de\/konzerte\/kaffkiez-dd-26\" target=\"_blank\" rel=\"noopener nofollow\"><img loading=\"lazy\" decoding=\"async\" src=\"https:\/\/www.europesays.com\/de\/wp-content\/uploads\/2026\/08\/Neustadtticker_Dresden_AugustKAFFKIEZ-1.png\" width=\"300\" height=\"250\" alt=\"Kaffkiez\"\/><\/a> <\/p>\n<p>Erik Miersch aus dem Vorstand der Ufer-Projekte erkl\u00e4rt, dass der erste Gemeinschaftsgarten vor 15 Jahren in der Johannstadt entstanden ist. \u201eDie G\u00e4rten sind \u00f6ffentliche Freir\u00e4ume f\u00fcr Kinder, Eltern sowie Seniorinnen und Senioren\u201c, sagt er. <\/p>\n<p>Hier entstehen Orte f\u00fcr Begegnung, Austausch und Erholung. Gleichzeitig bieten die Fl\u00e4chen Raum f\u00fcr Umweltbildung und gemeinschaftliches Lernen. \u201eAu\u00dferdem wollen wir hier naturnahes G\u00e4rtnern erm\u00f6glichen\u201c, so Miersch. <img loading=\"lazy\" decoding=\"async\" src=\"https:\/\/pieschen-aktuell.de\/wp-content\/uploads\/2026\/06\/2026-06-12-ErikMiersch-jpg.avif\" alt=\"Erik Miersch ist im Vorstand der Ufer-Projekte - Foto: J. Frintert\" width=\"2400\" height=\"1350\" class=\"size-full wp-image-76213\"  \/>Erik Miersch ist im Vorstand der Ufer-Projekte \u2013 Foto: J. Frintert <\/p>\n<p>Engagement f\u00fcr Umwelt und Stadtgesellschaft <\/p>\n<p>Die Ufer-Projekte verstehen ihre Gemeinschaftsg\u00e4rten als offene Orte, an denen Menschen eigene Ideen verwirklichen und praktische Erfahrungen sammeln k\u00f6nnen. \u00d6kologisch bewirtschaftet und gemeinschaftlich gepflegt, bringen die G\u00e4rten Menschen verschiedener Generationen und Hintergr\u00fcnde zusammen. Wissen \u00fcber nachhaltige Ern\u00e4hrung, nat\u00fcrliche Kreisl\u00e4ufe und den verantwortungsvollen Umgang mit st\u00e4dtischen Ressourcen wird hier direkt erlebbar \u2013 ob an Hochbeeten, Kompost oder Bl\u00fchfl\u00e4chen f\u00fcr Insekten. <\/p>\n<p>\u201eDaf\u00fcr und auch f\u00fcr die bestehenden Projekte suchen wir Mitstreiter\u201c, sagt Miersch. Die Nutzung der G\u00e4rten ist grunds\u00e4tzlich kostenlos, empfohlen wird ein j\u00e4hrlicher Beitrag von 100 Euro. <img loading=\"lazy\" decoding=\"async\" src=\"https:\/\/www.europesays.com\/de\/wp-content\/uploads\/2026\/06\/2026-06-12-Gemeinschaftsgarten2.jpg\" alt=\"Naturnaher Anbau im Gemeinschaftsgarten - Foto: J. Frintert\" width=\"2400\" height=\"1350\" class=\"size-full wp-image-76215\"  \/>Naturnaher Anbau im Gemeinschaftsgarten \u2013 Foto: J. Frintert <\/p>\n<p>Programm f\u00fcr Kinder und Erwachsene <\/p>\n<p>Das Sommerfest beginnt bereits um 9 Uhr mit Morgen-Yoga. Im Laufe des Tages gibt es unter anderem F\u00fchrungen durch den Naschgarten, Kinderschminken, Bastelangebote, Schattenmalerei und Themenspazierg\u00e4nge zur Biodiversit\u00e4t. Au\u00dferdem stehen eine Foto-Ausstellung zu 15 Jahren Ufer-Projekte, ein Kleidertausch, Garten-Bingo und die Ausstellung \u201eUFER-Allmende\u201c auf dem Programm. <\/p>\n<p>Musikalisch beginnt das Fest um 13 Uhr mit einem Konzert von Anlindo. Um 15 Uhr folgt das Puppentheater \u201eUrwald im Mumintal\u201c, eine halbe Stunde sp\u00e4ter spielt \u201eKajus Geschichten\u201c. <\/p>\n<p>Geburtstagsfeier und Abendprogramm <\/p>\n<p>Um 17 Uhr beginnt der feierliche Geburtstagsakt zum 15-j\u00e4hrigen Bestehen der Ufer-Projekte. Vorgesehen sind ein Gru\u00dfwort von Stephan Viertel von der Landeshauptstadt Dresden sowie eine Laudatio. Anschlie\u00dfend erz\u00e4hlen Beteiligte bei einer \u201eSpeakers Corner\u201c Geschichten aus den Gemeinschaftsg\u00e4rten. <\/p>\n<p>Ab 18 Uhr gibt es Abendessen aus der Sommerk\u00fcche Wurzelwerk. Um 18.30 Uhr spielt die Band Kobayashi Maru Instrumental Funky Space Rock. Den musikalischen Abschluss \u00fcbernimmt ab 20 Uhr DJ Ilaisa Laut mit Female Hip-Hop, Elektro und Oldie-Bangern. <\/p>\n<p>Den ganzen Tag \u00fcber gibt es im Gartencaf\u00e9 Kaffee, Kuchen, kalte Getr\u00e4nke und weitere Speisen. Die Veranstaltung ist \u00f6ffentlich, der Eintritt ist frei. <\/p>\n<p> <img loading=\"lazy\" decoding=\"async\" src=\"https:\/\/pieschen-aktuell.de\/wp-content\/uploads\/2026\/06\/2026-06-12-Gemeinschaftsgarten3-jpg.avif\" alt=\"Zwischen all dem Gem\u00fcse gibt's auch ein paar wild wachsende Bl\u00fcmchen. Foto: J. Frintert\" width=\"2400\" height=\"1350\" class=\"size-full wp-image-76214\"  \/>Zwischen all dem Gem\u00fcse gibt\u2019s auch ein paar wild wachsende Bl\u00fcmchen. Foto: J. Frintert  <\/p>\n","protected":false},"excerpt":{"rendered":"Nach einer hitzebedingten Verschiebung ist es nun so weit: Der Verein Ufer-Projekte Dresden feiert am kommenden Sonnabend, 29.&hellip;\n","protected":false},"author":2,"featured_media":1115782,"comment_status":"","ping_status":"","sticky":false,"template":"","format":"standard","meta":{"footnotes":"","_share_on_mastodon":"0"},"categories":[1835],"tags":[3364,29,2386,107208,30,37752,859],"class_list":["post-1263894","post","type-post","status-publish","format-standard","has-post-thumbnail","category-dresden","tag-de","tag-deutschland","tag-dresden","tag-gemeinschaftsgarten","tag-germany","tag-pieschen","tag-sachsen"],"share_on_mastodon":{"url":"https:\/\/pubeurope.com\/@de\/117167505520645055","error":""},"_links":{"self":[{"href":"https:\/\/www.europesays.com\/de\/wp-json\/wp\/v2\/posts\/1263894","targetHints":{"allow":["GET"]}}],"collection":[{"href":"https:\/\/www.europesays.com\/de\/wp-json\/wp\/v2\/posts"}],"about":[{"href":"https:\/\/www.europesays.com\/de\/wp-json\/wp\/v2\/types\/post"}],"author":[{"embeddable":true,"href":"https:\/\/www.europesays.com\/de\/wp-json\/wp\/v2\/users\/2"}],"replies":[{"embeddable":true,"href":"https:\/\/www.europesays.com\/de\/wp-json\/wp\/v2\/comments?post=1263894"}],"version-history":[{"count":0,"href":"https:\/\/www.europesays.com\/de\/wp-json\/wp\/v2\/posts\/1263894\/revisions"}],"wp:featuredmedia":[{"embeddable":true,"href":"https:\/\/www.europesays.com\/de\/wp-json\/wp\/v2\/media\/1115782"}],"wp:attachment":[{"href":"https:\/\/www.europesays.com\/de\/wp-json\/wp\/v2\/media?parent=1263894"}],"wp:term":[{"taxonomy":"category","embeddable":true,"href":"https:\/\/www.europesays.com\/de\/wp-json\/wp\/v2\/categories?post=1263894"},{"taxonomy":"post_tag","embeddable":true,"href":"https:\/\/www.europesays.com\/de\/wp-json\/wp\/v2\/tags?post=1263894"}],"curies":[{"name":"wp","href":"https:\/\/api.w.org\/{rel}","templated":true}]}}