{"id":1263899,"date":"2026-08-27T12:39:21","date_gmt":"2026-08-27T12:39:21","guid":{"rendered":"https:\/\/www.europesays.com\/de\/1263899\/"},"modified":"2026-08-27T12:39:21","modified_gmt":"2026-08-27T12:39:21","slug":"leuchtturmprojekt-bremen-bekommt-co2-exportterminal-schon-bald","status":"publish","type":"post","link":"https:\/\/www.europesays.com\/de\/1263899\/","title":{"rendered":"Leuchtturmprojekt: Bremen bekommt CO2-Exportterminal \u2013 schon bald"},"content":{"rendered":"<p>Inbetriebnahme 2031 <\/p>\n<p>Bremen bekommt deutschlandweit erstes CO2-Exportterminal<\/p>\n<p>27.08.2026 &#8211; 14:36 UhrLesedauer: 2 Min.<\/p>\n<p><a href=\"#focus-0\" class=\"transition-colors block text-current relative\" data-sctrack=\"FocusGalleryImage.Reference\"><img fetchpriority=\"high\" data-testid=\"Opener.Image\"   loading=\"eager\" src=\"https:\/\/www.europesays.com\/de\/wp-content\/uploads\/2026\/08\/visualisierung-des-projekts-die-inbetriebnahme-des-ersten-co2-exportterminals-ist-fuer-2031-geplant..jpeg\" alt=\"Visualisierung des Projekts: Die Inbetriebnahme des ersten CO2-Exportterminals ist f\u00fcr 2031 geplant.\" title=\"Visualisierung des Projekts: Die Inbetriebnahme des ersten CO2-Exportterminals ist f\u00fcr 2031 geplant.\" width=\"1074\" height=\"604\" class=\"bg-[url:var(--lqipURL)] bg-cover bg-center flex h-full w-full max-w-full\" style=\"--lqipURL:url('https:\/\/images.t-online.de\/2026\/08\/Rlkuguupm9TV\/63x0:1074x604\/fit-in\/150x0\/filters:blur(25)\/visualisierung-des-projekts-die-inbetriebnahme-des-ersten-co2-exportterminals-ist-fuer-2031-geplant.jpg')\" decoding=\"async\"\/><img loading=\"lazy\" src=\"https:\/\/bremen.t-online.de\/s\/paper\/_next\/static\/media\/zoom-in.f7dae02f.svg\" alt=\"Vergr\u00f6\u00dfern des Bildes\" title=\"Vergr\u00f6\u00dfern des Bildes\" class=\"block h-[calc(var(--height)_\/_16_*_1rem)] w-[calc(var(--width)_\/_16_*_1rem)] max-w-none absolute right-8 bottom-8 rounded-4 bg-snow p-8\" style=\"--width:32;--height:32\" decoding=\"async\"\/><\/a><\/p>\n<p>Visualisierung des Projekts: Die Inbetriebnahme des ersten CO2-Exportterminals ist f\u00fcr 2031 geplant. (Quelle: Messer SE &amp; Co. KGaA)<\/p>\n<p><img loading=\"lazy\" src=\"https:\/\/bremen.t-online.de\/s\/paper\/_next\/static\/media\/audio-volume.6689034c.svg\" alt=\"\" title=\"\" class=\"block h-[calc(var(--height)_\/_16_*_1rem)] w-[calc(var(--width)_\/_16_*_1rem)] max-w-none group-hover:brightness-0 group-hover:invert\" style=\"--width:16;--height:16\" decoding=\"async\"\/>Vorlesen<\/p>\n<p>Aktuelle Zeit:0:00Gesamtdauer:0:00<\/p>\n<p>1x<img loading=\"lazy\" src=\"https:\/\/bremen.t-online.de\/s\/paper\/_next\/static\/media\/font-sizes.32942e33.svg\" alt=\"\" title=\"\" class=\"block h-[calc(var(--height)_\/_16_*_1rem)] w-[calc(var(--width)_\/_16_*_1rem)] max-w-none group-hover:hidden group-aria-expanded:hidden\" style=\"--width:16;--height:16\" decoding=\"async\"\/><img loading=\"lazy\" src=\"https:\/\/bremen.t-online.de\/s\/paper\/_next\/static\/media\/font-sizes-dark-mode.e382645c.svg\" alt=\"\" title=\"\" class=\"block h-[calc(var(--height)_\/_16_*_1rem)] w-[calc(var(--width)_\/_16_*_1rem)] max-w-none hidden group-hover:block group-aria-expanded:block\" style=\"--width:16;--height:16\" decoding=\"async\"\/><img loading=\"lazy\" src=\"https:\/\/bremen.t-online.de\/s\/paper\/_next\/static\/media\/sharing-menu-icon.1eb71368.svg\" alt=\"\" title=\"\" class=\"block h-[calc(var(--height)_\/_16_*_1rem)] w-[calc(var(--width)_\/_16_*_1rem)] max-w-none group-hover:brightness-0 group-hover:invert\" style=\"--width:16;--height:16\" decoding=\"async\"\/>Artikel teilen<\/p>\n<p class=\"font-bold text-18 leading-17 user-text-lg:text-22 user-text-xl:text-24\">Premiere in Bremen: Deutschlands erstes CO2-Exportterminal soll in wenigen Jahren in Betrieb gehen. Nun gibt es die kartellrechtliche Genehmigung.<\/p>\n<p class=\"text-18 leading-17 user-text-lg:text-22 user-text-xl:text-24\">Schon 2031 soll in Bremen das deutschlandweit erste CO2-Exportterminal in Betrieb gehen. Das geplante Joint Venture namens &#8222;CarbonBridge&#8220; hat nun die kartellrechtliche Genehmigung der Europ\u00e4ischen Kommission erhalten. Das geben die beteiligten Firmen Ambrian Energy GmbH und Messer SE &amp; Co. KGaA am Donnerstag bekannt.<\/p>\n<p class=\"text-18 leading-17 user-text-lg:text-22 user-text-xl:text-24\">Das Exportterminal, das auch den Namen &#8222;CarbonBridge&#8220; tragen wird, soll anfangs eine maximale Umschlagskapazit\u00e4t von rund 2,3 Millionen Tonnen pro Jahr erreichen, eine Steigerung auf etwa vier Millionen Tonnen j\u00e4hrlich ist perspektivisch geplant.<\/p>\n<p>Exportterminal gilt als Leuchtturmprojekt<\/p>\n<p class=\"text-18 leading-17 user-text-lg:text-22 user-text-xl:text-24\">&#8222;Das CO2-Exportterminal wurde entwickelt, um den dringenden Bedarf einer funktionsf\u00e4higen Logistikkette f\u00fcr r\u00fcckgewonnenes Kohlendioxid aus CO2-intensiven Branchen, wie etwa der Zement-, Glas- und Stahlindustrie oder der M\u00fcllverbrennung, zu decken&#8220;, hei\u00dft es in der Mitteilung.<\/p>\n<p class=\"text-18 leading-17 user-text-lg:text-22 user-text-xl:text-24\">Die &#8222;CarbonBridge&#8220; erm\u00f6gliche CO2-intensiven Branchen, ihre Umweltbelastung zu reduzieren und die betriebliche Effizienz aufrechtzuerhalten. So solle das Exportterminal zum Leuchtturmprojekt werden, was die CO2-R\u00fcckgewinnung samt Transport und Speicherung in Europa angeht. Das Terminal spiele eine zentrale Rolle f\u00fcr die klimaneutrale Zukunft Deutschlands.<\/p>\n<ul class=\"text-18 leading-17 block pl-24 *:pb-16 *:before:inline-block *:before:size-8 *:before:bg-magenta *:before:mt-0 *:before:mr-12 *:before:mb-2 *:before:-ml-[20px]\">\n<li><strong class=\"font-bold\">Mehr aus Bremen:<\/strong> <a href=\"https:\/\/bremen.t-online.de\/region\/bremen\/id_101369406\/eine-eisige-insel-namens-bremen-zufallsfund-am-ende-der-welt.html\" class=\"transition-colors cursor-pointer no-underline md:hover:text-magenta md:focus:text-magenta border-b border-solid border-current text-salemsfur md:hover:border-magenta\" data-tracking=\"{&quot;action&quot;:&quot;click&quot;,&quot;category&quot;:&quot;intextLink&quot;,&quot;label&quot;:&quot;\/region\/bremen\/id_101369406\/eine-eisige-insel-namens-bremen-zufallsfund-am-ende-der-welt.html&quot;}\" data-sctrack=\"BodyAnchor\" rel=\"nofollow noopener\" target=\"_blank\">Entdeckung durch Zufall \u2013 eisige Insel liegt am Ende der Welt<\/a><\/li>\n<li><strong class=\"font-bold\">S\u00e4ngerin aus Bremerhaven<\/strong>: <a href=\"https:\/\/bremen.t-online.de\/region\/bremen\/id_101403958\/langeooger-strandhaus-von-lale-andersen-aus-bremerhaven-wird-verkauft.html\" class=\"transition-colors cursor-pointer no-underline md:hover:text-magenta md:focus:text-magenta border-b border-solid border-current text-salemsfur md:hover:border-magenta\" data-tracking=\"{&quot;action&quot;:&quot;click&quot;,&quot;category&quot;:&quot;intextLink&quot;,&quot;label&quot;:&quot;\/region\/bremen\/id_101403958\/langeooger-strandhaus-von-lale-andersen-aus-bremerhaven-wird-verkauft.html&quot;}\" data-sctrack=\"BodyAnchor\" rel=\"nofollow noopener\" target=\"_blank\">Strandhaus von Weltber\u00fchmtheit steht zum Verkauf<\/a><\/li>\n<\/ul>\n<p class=\"text-18 leading-17 user-text-lg:text-22 user-text-xl:text-24\">Ambrian Energy mit Sitz in Bremen-H\u00e4fen bringt ein drei Hektar gro\u00dfes Grundst\u00fcck in der Stadt in das Projekt ein. &#8222;Dieser Standort bietet logistische Vorteile, darunter eine bestehende Bahnanbindung f\u00fcr den CO2-Transport per Zug und einen Hafenanleger, der Schiffe mit einer Kapazit\u00e4t von bis zu 30.000 Tonnen aufnehmen kann&#8220;, hei\u00dft es. Das r\u00fcckgewonnene CO2 wird dann zu geologischen Speicherst\u00e4tten in der Nordsee weitertransportiert.<\/p>\n","protected":false},"excerpt":{"rendered":"Inbetriebnahme 2031 Bremen bekommt deutschlandweit erstes CO2-Exportterminal 27.08.2026 &#8211; 14:36 UhrLesedauer: 2 Min. Visualisierung des Projekts: Die Inbetriebnahme&hellip;\n","protected":false},"author":2,"featured_media":1263900,"comment_status":"","ping_status":"","sticky":false,"template":"","format":"standard","meta":{"footnotes":"","_share_on_mastodon":"0"},"categories":[1824],"tags":[261192,2420,261191,12700,3364,29,261190,30,36377,1981,2332,37805],"class_list":["post-1263899","post","type-post","status-publish","format-standard","has-post-thumbnail","category-bremen","tag-ambrian-energy","tag-bremen","tag-carbonbridge","tag-co2","tag-de","tag-deutschland","tag-exportterminal","tag-germany","tag-inbetriebnahme","tag-messer","tag-transport","tag-visualisierung"],"share_on_mastodon":{"url":"https:\/\/pubeurope.com\/@de\/117167522656769623","error":""},"_links":{"self":[{"href":"https:\/\/www.europesays.com\/de\/wp-json\/wp\/v2\/posts\/1263899","targetHints":{"allow":["GET"]}}],"collection":[{"href":"https:\/\/www.europesays.com\/de\/wp-json\/wp\/v2\/posts"}],"about":[{"href":"https:\/\/www.europesays.com\/de\/wp-json\/wp\/v2\/types\/post"}],"author":[{"embeddable":true,"href":"https:\/\/www.europesays.com\/de\/wp-json\/wp\/v2\/users\/2"}],"replies":[{"embeddable":true,"href":"https:\/\/www.europesays.com\/de\/wp-json\/wp\/v2\/comments?post=1263899"}],"version-history":[{"count":0,"href":"https:\/\/www.europesays.com\/de\/wp-json\/wp\/v2\/posts\/1263899\/revisions"}],"wp:featuredmedia":[{"embeddable":true,"href":"https:\/\/www.europesays.com\/de\/wp-json\/wp\/v2\/media\/1263900"}],"wp:attachment":[{"href":"https:\/\/www.europesays.com\/de\/wp-json\/wp\/v2\/media?parent=1263899"}],"wp:term":[{"taxonomy":"category","embeddable":true,"href":"https:\/\/www.europesays.com\/de\/wp-json\/wp\/v2\/categories?post=1263899"},{"taxonomy":"post_tag","embeddable":true,"href":"https:\/\/www.europesays.com\/de\/wp-json\/wp\/v2\/tags?post=1263899"}],"curies":[{"name":"wp","href":"https:\/\/api.w.org\/{rel}","templated":true}]}}