{"id":1263949,"date":"2026-08-27T13:06:26","date_gmt":"2026-08-27T13:06:26","guid":{"rendered":"https:\/\/www.europesays.com\/de\/1263949\/"},"modified":"2026-08-27T13:06:26","modified_gmt":"2026-08-27T13:06:26","slug":"katy-karrenbauer-trauert-um-andreas-hoppe-viel-zu-frueh","status":"publish","type":"post","link":"https:\/\/www.europesays.com\/de\/1263949\/","title":{"rendered":"Katy Karrenbauer trauert um Andreas Hoppe: &#8222;Viel zu fr\u00fch&#8220;"},"content":{"rendered":"<p>\nSie spielten ein Liebespaar\n<\/p>\n<p>Aktualisiert am 27.08.2026, 13:51 Uhr\n<\/p>\n<p><a href=\"https:\/\/i0.web.de\/image\/312\/42655312,pd=2\/katy-karrenbauer-drehte-1990er-jahren-andreas-hopp.jpg\" data-brain-zone=\".42655310.content.lead.1\" data-component-path=\"content.lead.1\" data-component-name=\"article-image\" rel=\"nofollow noopener\" target=\"_blank\"> <\/p>\n<p><img loading=\"lazy\" decoding=\"async\" src=\"https:\/\/www.europesays.com\/de\/wp-content\/uploads\/2026\/08\/katy-karrenbauer-drehte-1990er-jahren-andreas-hopp.jpg\" alt=\"Katy Karrenbauer drehte in den 1990er-Jahren mit Andreas Hoppe.\" width=\"950\" height=\"534\"\/><\/p>\n<p><\/a> <\/p>\n<p>\nKaty Karrenbauer drehte in den 1990er-Jahren mit Andreas Hoppe.<br \/>\n\u00a9\u00a0Imago images\/Eventpress Berndt \/ Imago images\/Panthermedia \/ PBecher\n<\/p>\n<p class=\"content__description\" data-speakable=\"\">Katy Karrenbauer und Andreas Hoppe standen Mitte der 90er gemeinsam f\u00fcr die RTL-Serie &#8222;Notaufnahme&#8220; vor der Kamera. Nach dem Tod des Schauspielers mit 66 Jahren erinnert sich Karrenbauer auf Instagram an die gemeinsame Zeit und nimmt pers\u00f6nlich Abschied.<\/p>\n<p data-speakable=\"\"><a data-component-name=\"link.semantic\" data-brain-zone=\".42655310.content.textlink_1\" data-component-path=\"content.textlink_1\" href=\"https:\/\/web.de\/magazine\/unterhaltung\/thema\/katy-karrenbauer\" rel=\"nofollow noopener\" target=\"_blank\">Katy Karrenbauer<\/a> (63) hat sich <a target=\"_blank\" data-brain-zone=\".42655310.content.textlink_2\" data-component-path=\"content.textlink_2\" data-component-name=\"link.external\" rel=\"noopener nofollow\" href=\"https:\/\/www.instagram.com\/p\/Dcg2DS3suMX\/\">auf Instagram<\/a> von <a data-component-name=\"link.semantic\" data-brain-zone=\".42655310.content.textlink_3\" data-component-path=\"content.textlink_3\" href=\"https:\/\/web.de\/magazine\/unterhaltung\/thema\/andreas-hoppe\" rel=\"nofollow noopener\" target=\"_blank\">Andreas Hoppe<\/a> (1960-2026) verabschiedet. Der Schauspieler, bekannt als Kommissar Mario Kopper aus dem Ludwigshafener &#8222;Tatort&#8220;, ist im Alter von 66 Jahren gestorben. Sein Management <a target=\"_blank\" data-brain-zone=\".42655310.content.textlink_4\" data-component-path=\"content.textlink_4\" data-component-name=\"link.external\" rel=\"noopener nofollow\" href=\"https:\/\/www.swr.de\/unternehmen\/kommunikation\/pressemeldung-andreas-hoppe-100.html\">best\u00e4tigte den Tod dem SWR<\/a>.<\/p>\n<p data-speakable=\"\">&#8222;Ersch\u00fcttert habe ich soeben die Nachricht erhalten, dass du gegangen bist, und ich bin einfach fassungslos und unendlich traurig&#8220;, schrieb Karrenbauer zu einem Schwarz-Wei\u00df-Portr\u00e4t des Kollegen. &#8222;Viel zu fr\u00fch, lieber Andi. Viel viel zu fr\u00fch!&#8220;<\/p>\n<p>Ein Liebespaar im Rettungswagen<\/p>\n<p data-speakable=\"\">Kennengelernt hatten sich die beiden zu Beginn ihrer Fernsehlaufbahn. 1994 standen sie f\u00fcr die von Endemol produzierte RTL-Serie &#8222;Notaufnahme&#8220; gemeinsam vor der Kamera. Karrenbauer spielte die Krankenwagenfahrerin Karo Kaiser, Hoppe den Sanit\u00e4ter an ihrer Seite. Die beiden Figuren waren nicht nur ein Team, sondern auch ein Paar, das in Nordrhein-Westfalen Kranke und Verletzte einsammelte.<\/p>\n<p data-speakable=\"\">Dass die Besetzung so zustande kam, f\u00fchrt Karrenbauer auf Dana Cebulla vom Tiger Cast zur\u00fcck, eine sp\u00e4tere Freundin und Weggef\u00e4hrtin. Sie habe in ihnen das neue Traumpaar gesehen und alles darangesetzt, dass die beiden die Rollen bekamen. &#8222;Und wir bekamen sie! 60 Folgen lang haben wir zusammen gedreht, haben so viel gelacht und uns irre gut verstanden.&#8220;<\/p>\n<p>Letzte Begegnung auf der Berlinale<\/p>\n<p data-speakable=\"\">Danach wechselte Hoppe zum &#8222;Tatort&#8220;. Karrenbauer erinnert an einen Scherz aus dieser Zeit: Anfangs habe er einige Male gesagt, &#8222;wenn mal meine Schwester auftaucht, dann schlage ich dich vor&#8220;. Ihr Kommentar heute: &#8222;Deine Schwester kam leider nie.&#8220;<\/p>\n<p data-speakable=\"\">\u00dcber Hoppes Arbeit an der Seite von <a data-component-name=\"link.semantic\" data-brain-zone=\".42655310.content.textlink_5\" data-component-path=\"content.textlink_5\" href=\"https:\/\/web.de\/magazine\/unterhaltung\/thema\/ulrike-folkerts\" rel=\"nofollow noopener\" target=\"_blank\">Ulrike Folkerts<\/a> (65) schreibt sie, die Menschen h\u00e4tten ihn und sein Spiel geliebt. &#8222;Ihr wart wirklich ein tolles Duo und du mit deiner au\u00dfergew\u00f6hnlichen Optik und Pr\u00e4senz fielst schon allein dadurch auf.&#8220;<\/p>\n<p data-speakable=\"\">Gesehen hatten sich die beiden zuletzt vor rund einem Jahr, kurz auf der <a data-component-name=\"link.semantic\" data-brain-zone=\".42655310.content.textlink_6\" data-component-path=\"content.textlink_6\" href=\"https:\/\/web.de\/magazine\/unterhaltung\/thema\/berlinale\" rel=\"nofollow noopener\" target=\"_blank\">Berlinale<\/a>. Danach kam kein weiteres Treffen mehr zustande. &#8222;Aber wir mochten uns gern und hatten uns immer etwas zu erz\u00e4hlen. So war das. Und so ist das jetzt nicht mehr.&#8220;<\/p>\n<p data-speakable=\"\">Ihren Beitrag beschlie\u00dft Karrenbauer mit einem Gru\u00df: &#8222;Ruhe in Frieden, lieber Andi, und heute winke ich mal ganz kr\u00e4ftig nach &#8218;oben&#8216;, da sind jetzt wirklich viele, die ich schmerzlich vermisse. Du geh\u00f6rst ab jetzt dazu.&#8220; Der Familie und den Freunden des Schauspielers spricht sie ihr Mitgef\u00fchl aus.<\/p>\n<p><img loading=\"lazy\" decoding=\"async\" src=\"https:\/\/www.europesays.com\/de\/wp-content\/uploads\/2026\/08\/66-jahren-ehemaliger-tatort-kommissar-andreas-hopp.jpg\" alt=\"Mit 66 Jahren: Ehemaliger &quot;Tatort&quot;-Kommissar Andreas Hoppe gestorben\" width=\"950\" height=\"534\"\/><\/p>\n<p>\nAktualisiert<br \/>\nam 27.08.2026, 08:06 Uhr\n<\/p>\n<p>\nIn seiner Rolle als Mario Kopper pr\u00e4gte der Schauspieler mehr als 20 Jahre den &#8222;Tatort&#8220;. Nun ist er mit 66 Jahren gestorben. <\/p>\n<p>21 Jahre als Mario Kopper<\/p>\n<p data-speakable=\"\">Bekannt geworden war Hoppe durch den Ludwigshafener &#8222;Tatort&#8220;, in dem er von 1996 bis 2018 an der Seite von Ulrike Folkerts ermittelte. 57 Folgen kamen in dieser Zeit zusammen, zeitweise wohnten Kopper und Folkerts&#8216; Kommissarin Lena Odenthal sogar in einer WG. Anfang 2018 verabschiedete sich Hoppe mit dem Fall &#8222;Tatort &#8211; Kopper&#8220; aus der Reihe.<\/p>\n<p><strong>Empfehlungen der Redaktion<\/strong><\/p>\n<p data-speakable=\"\">Folkerts, die Hoppe seit der gemeinsamen Schauspielschulzeit zwischen 1982 und 1986 kannte, teilte mit: &#8222;Ich bin zutiefst ersch\u00fcttert, dass mein Kollege und Freund Andi verstorben ist.&#8220; Weiter betonte sie: &#8222;Ich kann sagen, ich kannte ihn wirklich gut, und er mich. Wir sind durch dick und d\u00fcnn gegangen, haben aufeinander geachtet, uns gestritten &#8230; Eine tiefe Freundschaft war das &#8230; Ich bin traurig, Andi, das war viel zu fr\u00fch, du warst so ein besonderer Typ.&#8220; Der Sender reagiert mit einer Programm\u00e4nderung: Am Mittwochabend zeigt das SWR Fernsehen um 22 Uhr zum Gedenken noch einmal &#8222;Tatort &#8211; Kopper&#8220;. (jom\/spot)\u00a0<br \/>\n\u00a9 1&amp;1 Mail &amp; Media\/spot on news\n<\/p>\n<p> <script async src=\"\/\/www.instagram.com\/embed.js\"><\/script><\/p>\n","protected":false},"excerpt":{"rendered":"Sie spielten ein Liebespaar Aktualisiert am 27.08.2026, 13:51 Uhr Katy Karrenbauer drehte in den 1990er-Jahren mit Andreas Hoppe.&hellip;\n","protected":false},"author":2,"featured_media":1263950,"comment_status":"","ping_status":"","sticky":false,"template":"","format":"standard","meta":{"footnotes":"","_share_on_mastodon":"0"},"categories":[1776],"tags":[261045,1801,29,214,30,152,3523,61407,261046,1802,215],"class_list":["post-1263949","post","type-post","status-publish","format-standard","has-post-thumbnail","category-prominente","tag-andreas-hoppe","tag-celebrities","tag-deutschland","tag-entertainment","tag-germany","tag-instagram","tag-kamera","tag-katy-karrenbauer","tag-mario-kopper","tag-prominente","tag-unterhaltung"],"share_on_mastodon":{"url":"https:\/\/pubeurope.com\/@de\/117167628773139218","error":""},"_links":{"self":[{"href":"https:\/\/www.europesays.com\/de\/wp-json\/wp\/v2\/posts\/1263949","targetHints":{"allow":["GET"]}}],"collection":[{"href":"https:\/\/www.europesays.com\/de\/wp-json\/wp\/v2\/posts"}],"about":[{"href":"https:\/\/www.europesays.com\/de\/wp-json\/wp\/v2\/types\/post"}],"author":[{"embeddable":true,"href":"https:\/\/www.europesays.com\/de\/wp-json\/wp\/v2\/users\/2"}],"replies":[{"embeddable":true,"href":"https:\/\/www.europesays.com\/de\/wp-json\/wp\/v2\/comments?post=1263949"}],"version-history":[{"count":0,"href":"https:\/\/www.europesays.com\/de\/wp-json\/wp\/v2\/posts\/1263949\/revisions"}],"wp:featuredmedia":[{"embeddable":true,"href":"https:\/\/www.europesays.com\/de\/wp-json\/wp\/v2\/media\/1263950"}],"wp:attachment":[{"href":"https:\/\/www.europesays.com\/de\/wp-json\/wp\/v2\/media?parent=1263949"}],"wp:term":[{"taxonomy":"category","embeddable":true,"href":"https:\/\/www.europesays.com\/de\/wp-json\/wp\/v2\/categories?post=1263949"},{"taxonomy":"post_tag","embeddable":true,"href":"https:\/\/www.europesays.com\/de\/wp-json\/wp\/v2\/tags?post=1263949"}],"curies":[{"name":"wp","href":"https:\/\/api.w.org\/{rel}","templated":true}]}}