{"id":1263960,"date":"2026-08-27T13:13:13","date_gmt":"2026-08-27T13:13:13","guid":{"rendered":"https:\/\/www.europesays.com\/de\/1263960\/"},"modified":"2026-08-27T13:13:13","modified_gmt":"2026-08-27T13:13:13","slug":"bundesliga-so-bereit-sind-die-vereine-fuer-den-saisonauftakt-bild","status":"publish","type":"post","link":"https:\/\/www.europesays.com\/de\/1263960\/","title":{"rendered":"Bundesliga: So bereit sind die Vereine f\u00fcr den Saisonauftakt &#8211; BILD"},"content":{"rendered":"<ol>\n<li><a href=\"https:\/\/news.google.com\/rss\/articles\/CBMivAFBVV95cUxQalNqLUc1dElqQzROcWRUTThGeUU4NndvM0YwTndPLWFZNDhvb1daaS1seGtLS1pOM0pNTU1JVElLUVNrSmNjX3VXV3dPelZkX1FRcUp1dFduVHBIU1N2YkJIM1RKUFk3QlRkY3hhLURvT1dkU01LR0RSMkk5MlhDMFNvYUZWbGo5V05ERFZuNFRPQUd6bG9Kd0p2MXllSkRXN1RWVnh1NFdaeG9ZZjQ0QkR6aDhJS282VTVfYg?oc=5\" target=\"_blank\" rel=\"nofollow noopener\">Bundesliga: So bereit sind die Vereine f\u00fcr den Saisonauftakt<\/a>&nbsp;&nbsp;BILD<\/li>\n<li><a href=\"https:\/\/news.google.com\/rss\/articles\/CBMixgFBVV95cUxPTXRzOG5QZWdmdGdzM2RxQS1WN2M5ejFBMkdVN1RwaDdaU19ZbnhSbTFTYnlMMEpfVFZPa0o3RkoxYzhuN0E1V3Bwemd2R1VuYml6eFZHY1RVak9ycnBuMDE2WmhreGtKaXB1S0JNSU8xT05kUXBIaDZGcW1wUEk3UHVLMTZuNFItRXRPLWp3OURsNmtramppalMwRmh1QWFPZW9hQ2VtM2RXbkJQRGhyUWFPX2ZvWExOZmpDQUlPTmp2eEFDM3c?oc=5\" target=\"_blank\" rel=\"nofollow noopener\">Von bodenlosen Weltmeistern und ungl\u00fccklichen Saarl\u00e4ndern: Zehn Fragen zum Saisonauftakt<\/a>&nbsp;&nbsp;Kicker<\/li>\n<li><a href=\"https:\/\/news.google.com\/rss\/articles\/CBMiygFBVV95cUxPNWc5ME5iaE9NdVZEQnB3QkNuQXdMM0RaX1dPUXpzMWRfcllBVVEyNC1vRGUxNVlXMmhNQlZLLWppeGV3TE9oSC1PN05aY2ZKTWtmTWxmTWpkeVkxd3FpX0pKYzNYUlQyaEc1YnY4aWJpY2NUajVhOVl4M3F2M2lraVRsT1h4aUQxOGhGekpDekNnal9kMjNWbXF2dHZzYmdUbjA1eXNDYjZPMjZUcmFCY2pwZkExeGtOejZjbDh1MXNORnZBZ0FJc0tB?oc=5\" target=\"_blank\" rel=\"nofollow noopener\">Warum Schalke Meister wird und der BVB absteigt \u2013 oder umgekehrt<\/a>&nbsp;&nbsp;RND.de<\/li>\n<li><a href=\"https:\/\/news.google.com\/rss\/articles\/CBMiwwFBVV95cUxOZE94MjM3Yk9RWlZRTV9lcFpzMGtqSzZ3ajZPMmF1cUZZNTJxMVpqTTlNWlBjajBHMGxET2dyLXFyLU5lZy1zeml5VEhrNjhjRW5qYkZRamFzX2FHWHhWeHJEZGFFTjlQbURjMlpENDdEQ0F0NG0xNGprajd4QW1xT0QxaVdYWkJBODMyQlYzam5MaGFOZWJIZE5QbDNXcXVMaFJIR0tKVU1WT0lPdGFTRnpBbVowTmo4cFN1Mlo1M3ZOWkU?oc=5\" target=\"_blank\" rel=\"nofollow noopener\">Bundesliga-Vorschau: So beginnt die neue Spielzeit f\u00fcr die S\u00fcdwest-Klubs<\/a>&nbsp;&nbsp;sportschau.de<\/li>\n<li><a href=\"https:\/\/news.google.com\/rss\/articles\/CBMi4AFBVV95cUxQdFhFS1l2VHoxSWE1Mks2c2V6dXZZcFYwcnphMGgwZE1FU19HVjJhRXRJTE5pUUJZSzJ4UEpFeXl5WmNTdTU4dUFHZUwtck5ralJaMXNLYXBpWjFDMHU4bHlzdGRZN1ZNOG1YOVNBUnJKQUpIcS1ZNWpGWXZZQV9meDhMSjJLbHVfak9CbEVnVExKb0gtdGl3QWVKOGJFNk10TUVab1ZkLThzUzY1R2xId0dsNGhqVkdlMHBwMnRfVjZZLUdOdTVWeDM4R1RNYXZsT2tBelFIQXBhQXg0T281dw?oc=5\" target=\"_blank\" rel=\"nofollow noopener\">Bundesliga-Saison 2026\/2027: Unsere Prognose f\u00fcr die kommenden Spielzeit<\/a>&nbsp;&nbsp;11Freunde<\/li>\n<\/ol>\n","protected":false},"excerpt":{"rendered":"Bundesliga: So bereit sind die Vereine f\u00fcr den Saisonauftakt&nbsp;&nbsp;BILD Von bodenlosen Weltmeistern und ungl\u00fccklichen Saarl\u00e4ndern: Zehn Fragen zum&hellip;\n","protected":false},"author":2,"featured_media":1263961,"comment_status":"","ping_status":"","sticky":false,"template":"","format":"standard","meta":{"footnotes":"","_share_on_mastodon":"0"},"categories":[136],"tags":[623,297,484,1263,5622,888,815,29,460,538,49571,458,18391,30,3150,25014,1262,5134,1655,298,622,265,1576,5079,2915,537],"class_list":["post-1263960","post","type-post","status-publish","format-standard","has-post-thumbnail","category-sport","tag-1-fc-koeln","tag-1-fc-union-berlin","tag-1899-hoffenheim","tag-aufmacher-bereich","tag-bayer-leverkusen","tag-borussia-dortmund","tag-borussia-moenchengladbach","tag-deutschland","tag-eintracht-frankfurt","tag-erste-bundesliga","tag-fc-augsburg-1907","tag-fc-bayern-muenchen","tag-fc-schalke","tag-germany","tag-hamburger-sv","tag-mainz-05","tag-muehlenbeck-marcus","tag-quad-teaser","tag-rb-leipzig","tag-sc-freiburg","tag-sc-paderborn-07","tag-sport","tag-super-a-teaser","tag-sv-elversberg","tag-vfb-stuttgart","tag-werder-bremen"],"share_on_mastodon":{"url":"https:\/\/pubeurope.com\/@de\/117167653333689126","error":""},"_links":{"self":[{"href":"https:\/\/www.europesays.com\/de\/wp-json\/wp\/v2\/posts\/1263960","targetHints":{"allow":["GET"]}}],"collection":[{"href":"https:\/\/www.europesays.com\/de\/wp-json\/wp\/v2\/posts"}],"about":[{"href":"https:\/\/www.europesays.com\/de\/wp-json\/wp\/v2\/types\/post"}],"author":[{"embeddable":true,"href":"https:\/\/www.europesays.com\/de\/wp-json\/wp\/v2\/users\/2"}],"replies":[{"embeddable":true,"href":"https:\/\/www.europesays.com\/de\/wp-json\/wp\/v2\/comments?post=1263960"}],"version-history":[{"count":0,"href":"https:\/\/www.europesays.com\/de\/wp-json\/wp\/v2\/posts\/1263960\/revisions"}],"wp:featuredmedia":[{"embeddable":true,"href":"https:\/\/www.europesays.com\/de\/wp-json\/wp\/v2\/media\/1263961"}],"wp:attachment":[{"href":"https:\/\/www.europesays.com\/de\/wp-json\/wp\/v2\/media?parent=1263960"}],"wp:term":[{"taxonomy":"category","embeddable":true,"href":"https:\/\/www.europesays.com\/de\/wp-json\/wp\/v2\/categories?post=1263960"},{"taxonomy":"post_tag","embeddable":true,"href":"https:\/\/www.europesays.com\/de\/wp-json\/wp\/v2\/tags?post=1263960"}],"curies":[{"name":"wp","href":"https:\/\/api.w.org\/{rel}","templated":true}]}}