{"id":1263971,"date":"2026-08-27T13:19:20","date_gmt":"2026-08-27T13:19:20","guid":{"rendered":"https:\/\/www.europesays.com\/de\/1263971\/"},"modified":"2026-08-27T13:19:20","modified_gmt":"2026-08-27T13:19:20","slug":"schlaechter-von-srebrenica-bosnisch-serbischer-kriegsverbrecher-ratko-mladic-ist-tot","status":"publish","type":"post","link":"https:\/\/www.europesays.com\/de\/1263971\/","title":{"rendered":"&#8222;Schl\u00e4chter von Srebrenica&#8220;: Bosnisch-serbischer Kriegsverbrecher Ratko Mladi\u0107 ist tot"},"content":{"rendered":"<p>&#8222;Schl\u00e4chter von Srebrenica&#8220;Bosnisch-serbischer Kriegsverbrecher Ratko Mladi\u0107 ist tot<img decoding=\"async\" class=\"Image_img__fQCi0 Image_Img_16_9__4BLfH widget-picture-inline_maximizable__t_E7h\" loading=\"eager\" fetchpriority=\"high\" src=\"https:\/\/www.europesays.com\/de\/wp-content\/uploads\/2026\/08\/244293132.webp\" alt=\"244293132\"\/>Mladi\u0107 bei einer Anh\u00f6rung 2021 in Den Haag. (Foto: picture alliance \/ ASSOCIATED PRESS)<\/p>\n<p class=\"Typography_text-m__XI0da Typography_weight-bold__uT6mq storyline_lead_text_leadtext__q_wg8\">Ratko Mladi\u0107 wird 2017 in Den Haag wegen V\u00f6lkermords, Kriegsverbrechen und Verbrechen gegen die Menschlichkeit w\u00e4hrend des Bosnienkrieges zu lebenslanger Haft verurteilt. Dort stirbt er nun.<\/p>\n<p class=\"Typography_text-default__P3otY Typography_weight-normal__pqUbH storyline_paragraph_p__qSR5N\">Der fr\u00fchere bosnisch-serbische Armeechef Ratko Mladic ist nach Informationen serbischer Medien tot. Der wegen Kriegsverbrechen vom Internationalen Strafgerichtshof f\u00fcr das ehemalige Jugoslawien (IStGH) zu lebenslanger Haft verurteilte Mladic starb im Alter von 84 Jahren, wie der serbische Staatssender RTS berichtete. Zuvor habe Mladic mehrere Schlaganf\u00e4lle erlitten.<\/p>\n<p class=\"Typography_text-default__P3otY Typography_weight-normal__pqUbH storyline_paragraph_p__qSR5N\">Serbische Beh\u00f6rden und Mladics Familie hatten sich zuletzt f\u00fcr seine Verlegung in ein serbisches Milit\u00e4rkrankenhaus eingesetzt. Das Haager Gericht lehnte das aber ab. Mladics Sohn Darko Mladic hatte deshalb in der vergangenen Woche von einem &#8222;stillen Mord an meinem Vater&#8220; gesprochen.<\/p>\n<p class=\"Typography_text-default__P3otY Typography_weight-normal__pqUbH storyline_paragraph_p__qSR5N\">Mladic war 2011 nach 16 Jahren auf der Flucht in Serbien festgenommen worden. 2017 wurde er dann wegen V\u00f6lkermords, Kriegsverbrechen und Verbrechen gegen die Menschlichkeit w\u00e4hrend des Bosnienkriegs (1992-1995) zu lebenslanger Haft verurteilt. In dem Krieg wurden fast 100.000 Menschen get\u00f6tet. Das Urteil wurde 2021 letztinstanzlich best\u00e4tigt.<\/p>\n<p class=\"Typography_text-default__P3otY Typography_weight-normal__pqUbH storyline_paragraph_p__qSR5N\">Unter anderem wurde seine Hauptverantwortung f\u00fcr das Massaker von Srebrenica im Juli 1995 festgestellt, bei dem rund 8000 muslimische M\u00e4nner und Jungen ermordet wurden. Damals hatten Mladics Truppen die damalige UN-Schutzzone Srebrenica gest\u00fcrmt und dort Gr\u00e4ueltaten angerichtet. Die Taten gelten als eines der schlimmsten Kriegsverbrechen in Europa seit dem Zweiten Weltkrieg. Umgangssprachlich wird er auch der &#8222;Schl\u00e4chter von Srebrenica&#8220;. Dennoch hat Mladic in Serbien bis heute Verehrer.<\/p>\n<p class=\"Typography_text-s__wu_cm Typography_weight-normal__pqUbH Typography_color-darkgrey__sZEnP article-detail-footer_source__KslPc\">Quelle: ntv.de, ses\/AFP<\/p>\n","protected":false},"excerpt":{"rendered":"&#8222;Schl\u00e4chter von Srebrenica&#8220;Bosnisch-serbischer Kriegsverbrecher Ratko Mladi\u0107 ist totMladi\u0107 bei einer Anh\u00f6rung 2021 in Den Haag. (Foto: picture alliance&hellip;\n","protected":false},"author":2,"featured_media":1263972,"comment_status":"","ping_status":"","sticky":false,"template":"","format":"standard","meta":{"footnotes":"","_share_on_mastodon":"0"},"categories":[5],"tags":[1628,13,7226,14,15,16,56665,12,5157,1719,10,8,9,11,13216],"class_list":["post-1263971","post","type-post","status-publish","format-standard","has-post-thumbnail","category-nachrichten","tag-bosnien-herzegowina","tag-headlines","tag-kriegsverbrechen","tag-nachrichten","tag-news","tag-politik","tag-ratko-mladic","tag-schlagzeilen","tag-serbien","tag-todesfaelle","tag-top-news","tag-top-meldungen","tag-topmeldungen","tag-topnews","tag-voelkermord"],"share_on_mastodon":{"url":"","error":""},"_links":{"self":[{"href":"https:\/\/www.europesays.com\/de\/wp-json\/wp\/v2\/posts\/1263971","targetHints":{"allow":["GET"]}}],"collection":[{"href":"https:\/\/www.europesays.com\/de\/wp-json\/wp\/v2\/posts"}],"about":[{"href":"https:\/\/www.europesays.com\/de\/wp-json\/wp\/v2\/types\/post"}],"author":[{"embeddable":true,"href":"https:\/\/www.europesays.com\/de\/wp-json\/wp\/v2\/users\/2"}],"replies":[{"embeddable":true,"href":"https:\/\/www.europesays.com\/de\/wp-json\/wp\/v2\/comments?post=1263971"}],"version-history":[{"count":0,"href":"https:\/\/www.europesays.com\/de\/wp-json\/wp\/v2\/posts\/1263971\/revisions"}],"wp:featuredmedia":[{"embeddable":true,"href":"https:\/\/www.europesays.com\/de\/wp-json\/wp\/v2\/media\/1263972"}],"wp:attachment":[{"href":"https:\/\/www.europesays.com\/de\/wp-json\/wp\/v2\/media?parent=1263971"}],"wp:term":[{"taxonomy":"category","embeddable":true,"href":"https:\/\/www.europesays.com\/de\/wp-json\/wp\/v2\/categories?post=1263971"},{"taxonomy":"post_tag","embeddable":true,"href":"https:\/\/www.europesays.com\/de\/wp-json\/wp\/v2\/tags?post=1263971"}],"curies":[{"name":"wp","href":"https:\/\/api.w.org\/{rel}","templated":true}]}}