{"id":1263983,"date":"2026-08-27T13:26:15","date_gmt":"2026-08-27T13:26:15","guid":{"rendered":"https:\/\/www.europesays.com\/de\/1263983\/"},"modified":"2026-08-27T13:26:15","modified_gmt":"2026-08-27T13:26:15","slug":"borussia-moenchengladbach-eugen-polanski-erklaert-leopold-befoerderung-sport","status":"publish","type":"post","link":"https:\/\/www.europesays.com\/de\/1263983\/","title":{"rendered":"Borussia M\u00f6nchengladbach: Eugen Polanski erkl\u00e4rt Leopold-Bef\u00f6rderung! | Sport"},"content":{"rendered":"<p><a class=\"skip-content skip-content--link\" href=\"#in-content-skip-link-target-v-0-0\">TTS-Player \u00fcberspringen\u21b5<\/a><a id=\"in-content-skip-link-target-v-0-0\" class=\"skip-content--target-link-hidden skip-content skip-content--target-link\" href=\"#in-content-skip-link-target-v-0-0\">Artikel weiterlesen<\/a><\/p>\n<p data-21134c99=\"0-1889\"><b>Nach dem Wechsel von Nico Elvedi (29) zu Leeds United hatte Gladbach-Coach Eugen Polanski (40) die F\u00fchrungsstruktur der Mannschaft letzte Woche noch einmal angepasst. Kevin Diks (29) \u00fcbernahm das Amt des Vizekapit\u00e4ns und trug nach dem Ausfall von Tim Kleindienst (30) im DFB-Pokal bei Schott Mainz (5:0) bereits die Kapit\u00e4nsbinde. Dazu wurde Neuzugang Enzo Leopold (26) als Nachr\u00fccker in den Mannschaftsrat berufen. Am Donnerstag erkl\u00e4rte Polanski die Leopold-Bef\u00f6rderung.<\/b><\/p>\n<p><img decoding=\"async\" width=\"992\" height=\"558\" alt=\"Eugen Polanski (40, l.) h\u00e4lt viel von Neuzugang Leopold (r.)\" loading=\"lazy\" src=\"https:\/\/www.europesays.com\/de\/wp-content\/uploads\/2026\/08\/9af5596886768d603e2e03efb2ff7c98,6a094435.jpeg\"   class=\"landscape\"\/><\/p>\n<p class=\"fig__caption__text\">Eugen Polanski (40, l.) h\u00e4lt viel von Neuzugang Leopold (r.)<\/p>\n<p>Foto: picture alliance\/fohlenfoto<\/p>\n<p data-21134c99=\"0-1889\">Polanski: \u201eEs war so, dass ich bereits im Trainingslager mit Enzo gesprochen habe. Dass in dem Fall der F\u00e4lle, wenn Nico noch wechselt, ich ihn gerne in den Mannschaftsrat holen w\u00fcrde. Man kann im Mannschaftsrat immer verschiedene Varianten nehmen: junge Spieler, \u00e4ltere Spieler, neue Spieler. Und dann ist der Fall der F\u00e4lle eingetreten. Nico ist gewechselt und es war f\u00fcr mich relativ klar, dass wir es dann genauso umsetzen. Enzo war schon in Hannover Kapit\u00e4n, er kommt von au\u00dfen und er hat den Eindruck gemacht, dass er das kann. Man sieht im Training, wie gewissenhaft er Dinge einfach von sich selbst einfordert \u2013 aber auch von seinen Mitspielern.\u201c<\/p>\n<p data-21134c99=\"0-1889\">Polanski verriet auch, dass Leopold bereits seinen ersten offiziellen Auftritt mit dem Mannschaftsrat hinter sich hat. Der Coach schmunzelnd: \u201eEnzo hat schon Dinge im Mannschaftsrat \u00fcbernommen. Tats\u00e4chlich war der Mannschaftsrat schon bei einem Gespr\u00e4ch mit Rouven Schr\u00f6der, da war Enzo auch schon dabei.\u201c Eins fehlt Leopold in <a href=\"https:\/\/www.bild.de\/sport\/fussball\/borussia-moenchengladbach\/startseite-borussia-moenchengladbach-31074418.bild.html\" class=\"text-link\" rel=\"nofollow noopener\" target=\"_blank\">Gladbach <\/a>allerdings noch \u2013 ein Stammplatz zum <a href=\"https:\/\/www.bild.de\/sport\/fussball\/bundesliga\/bundesliga-startseite-52368768.bild.html\" class=\"text-link\" rel=\"nofollow noopener\" target=\"_blank\">Bundesliga<\/a>-Auftakt im defensiven Mittelfeld. Da haben Samstag (15.30 Uhr, Sky\/RTL) in Leipzig wohl noch Philipp Sander (28) und Kevin St\u00f6ger (33) leicht die Nase vorn. Polanski: \u201eEnzo fehlt noch ein kleines bisschen, er will momentan einfach zu viel. Aber ich bin absolut guter Dinge, dass wir das schnell hinbekommen und der Konkurrenzkampf durch Enzo noch einmal befl\u00fcgelt wird.\u201c<\/p>\n","protected":false},"excerpt":{"rendered":"TTS-Player \u00fcberspringen\u21b5Artikel weiterlesen Nach dem Wechsel von Nico Elvedi (29) zu Leeds United hatte Gladbach-Coach Eugen Polanski (40)&hellip;\n","protected":false},"author":2,"featured_media":1263984,"comment_status":"","ping_status":"","sticky":false,"template":"","format":"standard","meta":{"footnotes":"","_share_on_mastodon":"0"},"categories":[1849],"tags":[815,3364,29,69832,538,548,663,3934,30,13,79132,4455,14,15,1209,100524,12,126094,819],"class_list":["post-1263983","post","type-post","status-publish","format-standard","has-post-thumbnail","category-moenchengladbach","tag-borussia-moenchengladbach","tag-de","tag-deutschland","tag-elvedi-nico","tag-erste-bundesliga","tag-eu","tag-europa","tag-europe","tag-germany","tag-headlines","tag-leopold-enzo","tag-moenchengladbach","tag-nachrichten","tag-news","tag-nordrhein-westfalen","tag-polanski-eugen","tag-schlagzeilen","tag-schroeder-rouven","tag-sport-leuchtturm-essen"],"share_on_mastodon":{"url":"https:\/\/pubeurope.com\/@de\/117167706233861446","error":""},"_links":{"self":[{"href":"https:\/\/www.europesays.com\/de\/wp-json\/wp\/v2\/posts\/1263983","targetHints":{"allow":["GET"]}}],"collection":[{"href":"https:\/\/www.europesays.com\/de\/wp-json\/wp\/v2\/posts"}],"about":[{"href":"https:\/\/www.europesays.com\/de\/wp-json\/wp\/v2\/types\/post"}],"author":[{"embeddable":true,"href":"https:\/\/www.europesays.com\/de\/wp-json\/wp\/v2\/users\/2"}],"replies":[{"embeddable":true,"href":"https:\/\/www.europesays.com\/de\/wp-json\/wp\/v2\/comments?post=1263983"}],"version-history":[{"count":0,"href":"https:\/\/www.europesays.com\/de\/wp-json\/wp\/v2\/posts\/1263983\/revisions"}],"wp:featuredmedia":[{"embeddable":true,"href":"https:\/\/www.europesays.com\/de\/wp-json\/wp\/v2\/media\/1263984"}],"wp:attachment":[{"href":"https:\/\/www.europesays.com\/de\/wp-json\/wp\/v2\/media?parent=1263983"}],"wp:term":[{"taxonomy":"category","embeddable":true,"href":"https:\/\/www.europesays.com\/de\/wp-json\/wp\/v2\/categories?post=1263983"},{"taxonomy":"post_tag","embeddable":true,"href":"https:\/\/www.europesays.com\/de\/wp-json\/wp\/v2\/tags?post=1263983"}],"curies":[{"name":"wp","href":"https:\/\/api.w.org\/{rel}","templated":true}]}}