{"id":1264016,"date":"2026-08-27T13:52:17","date_gmt":"2026-08-27T13:52:17","guid":{"rendered":"https:\/\/www.europesays.com\/de\/1264016\/"},"modified":"2026-08-27T13:52:17","modified_gmt":"2026-08-27T13:52:17","slug":"akw-gravelines-massenhaft-quallen-legen-atomreaktoren-in-frankreich-lahm","status":"publish","type":"post","link":"https:\/\/www.europesays.com\/de\/1264016\/","title":{"rendered":"AKW Gravelines: Massenhaft Quallen legen Atomreaktoren in Frankreich lahm"},"content":{"rendered":"<p class=\"paragraph article__item\">Wegen einer <a href=\"https:\/\/www.zeit.de\/wissen\/2019-11\/quallen-world-atlas-of-jellyfish-medusen-meere-bildband\" target=\"_blank\" rel=\"nofollow noopener\">Quallenschwemme<\/a> sind erneut Reaktorbl\u00f6cke im gr\u00f6\u00dften franz\u00f6sischen Atomkraftwerk Gravelines abgeschaltet worden. Seit der Nacht seien Quallen mit einem Gesamtgewicht von mehr als 200 Tonnen aufgetaucht, sagte eine Sprecherin des franz\u00f6sischen Betreibers EDF der Nachrichtenagentur dpa. Zwei der sechs Reaktorbl\u00f6cke seien vorsorglich komplett heruntergefahren worden, um \u00bbsicherzustellen, dass diese Situation keinerlei Auswirkungen auf die Sicherheit unserer Anlagen hat\u00ab, teilten die Betreiber mit.\n<\/p>\n<p class=\"paragraph article__item\">Die <a href=\"https:\/\/www.zeit.de\/wirtschaft\/2026-08\/hitzewelle-frankreich-atomkraftwerke-strom-energieversorgung\" target=\"_blank\" rel=\"nofollow noopener\">Quallen<\/a> treten laut EDF im Bereich der Filtersysteme der Meerwasserpumpstation auf. Derzeit l\u00e4uft demnach kein Reaktorblock wie vorgesehen, zwei weitere Bl\u00f6cke werden wegen des massenhaften Auftretens der Tiere mit reduzierter Leistung betrieben. Die zwei verbliebenen Einheiten seien ebenfalls abgeschaltet, unter anderem wegen einer Wartungsinspektion.\n<\/p>\n<p>            Fischereiverband hilft beim Fangen der Quallen            <\/p>\n<p class=\"paragraph article__item\">Bereits Mitte des Monats und im August vergangenen Jahres hatten Quallen den Betrieb gest\u00f6rt. Um Quallenplagen fr\u00fch zu erkennen und zu bew\u00e4ltigen, habe das Kernkraftwerk Gravelines \u00dcberwachungs- und Erkennungssysteme eingerichtet, teilte EDF mit. Unterst\u00fctzung bekomme man dabei unter anderem von der Organisation France P\u00eache Durable, sagte eine Unternehmenssprecherin. Sieben Boote seien rund um die Uhr im Bereich des Atomkraftwerks unterwegs, um Quallen zu fangen und sie anschlie\u00dfend weiter drau\u00dfen im Meer wieder auszusetzen.\n<\/p>\n<p class=\"paragraph article__item\">Zu den Ursachen der Quallenschwemme k\u00f6nne man derzeit nichts sagen, teilte die Kraftwerkssprecherin mit. Man arbeite mit verschiedenen Partnern zusammen, um sie besser zu verstehen, hie\u00df es. F\u00fcr das Stromsystem bestehe durch den Vorfall kein Risiko, versicherte die Sprecherin.\n<\/p>\n<p class=\"paragraph article__item\">Gravelines ist eines von knapp 20 Atomkraftwerken in <a class=\"rtr-entity\" href=\"https:\/\/www.zeit.de\/thema\/frankreich\" rel=\"nofollow noopener\" target=\"_blank\">Frankreich<\/a>. Es liegt an der nordfranz\u00f6sischen K\u00fcste, zwischen Calais und Dunkerque.<\/p>\n","protected":false},"excerpt":{"rendered":"Wegen einer Quallenschwemme sind erneut Reaktorbl\u00f6cke im gr\u00f6\u00dften franz\u00f6sischen Atomkraftwerk Gravelines abgeschaltet worden. Seit der Nacht seien Quallen&hellip;\n","protected":false},"author":2,"featured_media":1264017,"comment_status":"","ping_status":"","sticky":false,"template":"","format":"standard","meta":{"footnotes":"","_share_on_mastodon":"0"},"categories":[3974],"tags":[331,332,261203,2520,61493,548,663,3934,3980,156,261204,13,23966,14,15,106169,261205,12,193],"class_list":["post-1264016","post","type-post","status-publish","format-standard","has-post-thumbnail","category-frankreich","tag-aktuelle-nachrichten","tag-aktuelle-news","tag-akw-gravelines","tag-deutsche-presse-agentur","tag-edf","tag-eu","tag-europa","tag-europe","tag-france","tag-frankreich","tag-gravelines","tag-headlines","tag-kernkraftwerk","tag-nachrichten","tag-news","tag-qualle","tag-reaktorblock","tag-schlagzeilen","tag-wissenschaft"],"share_on_mastodon":{"url":"","error":""},"_links":{"self":[{"href":"https:\/\/www.europesays.com\/de\/wp-json\/wp\/v2\/posts\/1264016","targetHints":{"allow":["GET"]}}],"collection":[{"href":"https:\/\/www.europesays.com\/de\/wp-json\/wp\/v2\/posts"}],"about":[{"href":"https:\/\/www.europesays.com\/de\/wp-json\/wp\/v2\/types\/post"}],"author":[{"embeddable":true,"href":"https:\/\/www.europesays.com\/de\/wp-json\/wp\/v2\/users\/2"}],"replies":[{"embeddable":true,"href":"https:\/\/www.europesays.com\/de\/wp-json\/wp\/v2\/comments?post=1264016"}],"version-history":[{"count":0,"href":"https:\/\/www.europesays.com\/de\/wp-json\/wp\/v2\/posts\/1264016\/revisions"}],"wp:featuredmedia":[{"embeddable":true,"href":"https:\/\/www.europesays.com\/de\/wp-json\/wp\/v2\/media\/1264017"}],"wp:attachment":[{"href":"https:\/\/www.europesays.com\/de\/wp-json\/wp\/v2\/media?parent=1264016"}],"wp:term":[{"taxonomy":"category","embeddable":true,"href":"https:\/\/www.europesays.com\/de\/wp-json\/wp\/v2\/categories?post=1264016"},{"taxonomy":"post_tag","embeddable":true,"href":"https:\/\/www.europesays.com\/de\/wp-json\/wp\/v2\/tags?post=1264016"}],"curies":[{"name":"wp","href":"https:\/\/api.w.org\/{rel}","templated":true}]}}