{"id":1264045,"date":"2026-08-27T14:08:21","date_gmt":"2026-08-27T14:08:21","guid":{"rendered":"https:\/\/www.europesays.com\/de\/1264045\/"},"modified":"2026-08-27T14:08:21","modified_gmt":"2026-08-27T14:08:21","slug":"nahverkehr-in-dresden-buergerbegehren-mit-40-000-unterschriften-scheitert","status":"publish","type":"post","link":"https:\/\/www.europesays.com\/de\/1264045\/","title":{"rendered":"Nahverkehr in Dresden: B\u00fcrgerbegehren mit 40.000 Unterschriften scheitert"},"content":{"rendered":"<p>Mehr als 40.000 Unterschriften <\/p>\n<p>B\u00fcrgerbegehren gegen K\u00fcrzungen im Dresdner Nahverkehr gescheitert<\/p>\n<p>27.08.2026 &#8211; 16:02 UhrLesedauer: 2 Min.<\/p>\n<p><a href=\"#focus-0\" class=\"transition-colors block text-current relative\" data-sctrack=\"FocusGalleryImage.Reference\"><img fetchpriority=\"high\" data-testid=\"Opener.Image\"   loading=\"eager\" src=\"https:\/\/www.europesays.com\/de\/wp-content\/uploads\/2026\/08\/dresden-dvb-gelber-strassenbahnzug-der-dvb-in-stadtgebiet-dresdens-am-hauptbahnhof-wiener-platz-dres.jpeg\" alt=\"imago images 0803090005\" title=\"imago images 0803090005\" width=\"4000\" height=\"2250\" class=\"bg-[url:var(--lqipURL)] bg-cover bg-center flex h-full w-full max-w-full\" style=\"--lqipURL:url('https:\/\/images.t-online.de\/2026\/01\/U0uI5GoEuXjs\/0x332:4000x2250\/fit-in\/150x0\/filters:blur(25)\/dresden-dvb-gelber-strassenbahnzug-der-dvb-in-stadtgebiet-dresdens-am-hauptbahnhof-wiener-platz-dresden-sachsen-deutschland-dresden-dvb-yellow-tram-train-of-the-dvb-in-the-city-area-of-dresden-at-the-main-station-wiener-platz-dresden-saxony-germany.jpg')\" decoding=\"async\"\/><img loading=\"lazy\" src=\"https:\/\/dresden.t-online.de\/s\/paper\/_next\/static\/media\/zoom-in.f7dae02f.svg\" alt=\"Vergr\u00f6\u00dfern des Bildes\" title=\"Vergr\u00f6\u00dfern des Bildes\" class=\"block h-[calc(var(--height)_\/_16_*_1rem)] w-[calc(var(--width)_\/_16_*_1rem)] max-w-none absolute right-8 bottom-8 rounded-4 bg-snow p-8\" style=\"--width:32;--height:32\" decoding=\"async\"\/><\/a><\/p>\n<p>Eine Stra\u00dfenbahn f\u00e4hrt die Prager Stra\u00dfe entlang (Archivbild): Rund 40.000 Dresdner wollten die DVB-K\u00fcrzungen per B\u00fcrgerentscheid stoppen. (Quelle: IMAGO\/Sylvio Dittrich\/imago)<\/p>\n<p><img loading=\"lazy\" src=\"https:\/\/dresden.t-online.de\/s\/paper\/_next\/static\/media\/audio-volume.6689034c.svg\" alt=\"\" title=\"\" class=\"block h-[calc(var(--height)_\/_16_*_1rem)] w-[calc(var(--width)_\/_16_*_1rem)] max-w-none group-hover:brightness-0 group-hover:invert\" style=\"--width:16;--height:16\" decoding=\"async\"\/>Vorlesen<\/p>\n<p>Aktuelle Zeit:0:00Gesamtdauer:0:00<\/p>\n<p>1x<img loading=\"lazy\" src=\"https:\/\/dresden.t-online.de\/s\/paper\/_next\/static\/media\/font-sizes.32942e33.svg\" alt=\"\" title=\"\" class=\"block h-[calc(var(--height)_\/_16_*_1rem)] w-[calc(var(--width)_\/_16_*_1rem)] max-w-none group-hover:hidden group-aria-expanded:hidden\" style=\"--width:16;--height:16\" decoding=\"async\"\/><img loading=\"lazy\" src=\"https:\/\/dresden.t-online.de\/s\/paper\/_next\/static\/media\/font-sizes-dark-mode.e382645c.svg\" alt=\"\" title=\"\" class=\"block h-[calc(var(--height)_\/_16_*_1rem)] w-[calc(var(--width)_\/_16_*_1rem)] max-w-none hidden group-hover:block group-aria-expanded:block\" style=\"--width:16;--height:16\" decoding=\"async\"\/><img loading=\"lazy\" src=\"https:\/\/dresden.t-online.de\/s\/paper\/_next\/static\/media\/sharing-menu-icon.1eb71368.svg\" alt=\"\" title=\"\" class=\"block h-[calc(var(--height)_\/_16_*_1rem)] w-[calc(var(--width)_\/_16_*_1rem)] max-w-none group-hover:brightness-0 group-hover:invert\" style=\"--width:16;--height:16\" decoding=\"async\"\/>Artikel teilen<\/p>\n<p class=\"font-bold text-18 leading-17 user-text-lg:text-22 user-text-xl:text-24\">40.000 Dresdner wollten mit ihrer Unterschrift K\u00fcrzungen bei Bus und Bahn abwenden. Nun wurde das B\u00fcrgerbegehren abermals f\u00fcr unzul\u00e4ssig erkl\u00e4rt.<\/p>\n<p class=\"text-18 leading-17 user-text-lg:text-22 user-text-xl:text-24\">Die Landesdirektion Sachsen hat das B\u00fcrgerbegehren gegen die DVB-Angebotsk\u00fcrzungen endg\u00fcltig f\u00fcr unzul\u00e4ssig erkl\u00e4rt. In einem Bescheid best\u00e4tigte die Aufsichtsbeh\u00f6rde am Donnerstag die Entscheidung des Dresdner Stadtrats.<\/p>\n<p class=\"text-18 leading-17 user-text-lg:text-22 user-text-xl:text-24\">Dieser hatte das B\u00fcrgerbegehren &#8222;Dresdner Nahverkehr erhalten&#8220; bereits im Dezember 2025 f\u00fcr unzul\u00e4ssig erkl\u00e4rt. Die Initiative habe nicht ausreichend dargelegt, wie ihr Vorschlag finanziert werden soll, hie\u00df es zur Begr\u00fcndung.<\/p>\n<p>Tausende Unterschriften, trotzdem abgelehnt<\/p>\n<p class=\"text-18 leading-17 user-text-lg:text-22 user-text-xl:text-24\">Der Dresdner Stadtrat hatte im M\u00e4rz 2025 mit dem Doppelhaushalt beschlossen, das DVB-Angebot wegen steigender Kosten und fehlender Zusch\u00fcsse zu k\u00fcrzen. Stadtr\u00e4te der Linken hatten dagegen ein B\u00fcrgerbegehren gestartet. Mehr als 40.000 Dresdner hatten dies letztlich unterschrieben \u2013 fast doppelt so viele wie n\u00f6tig.<\/p>\n<p class=\"text-18 leading-17 user-text-lg:text-22 user-text-xl:text-24\">Der Stadtrat erkl\u00e4rte das Begehren im Dezember 2025 trotzdem f\u00fcr unzul\u00e4ssig. <a href=\"https:\/\/dresden.t-online.de\/region\/dresden\/id_101404046\/dvb-dresden-kritik-an-geplanten-kuerzungen-bei-bus-und-bahn.html\" class=\"transition-colors cursor-pointer no-underline md:hover:text-magenta md:focus:text-magenta border-b border-solid border-current text-salemsfur md:hover:border-magenta\" data-tracking=\"{&quot;action&quot;:&quot;click&quot;,&quot;category&quot;:&quot;intextLink&quot;,&quot;label&quot;:&quot;\/region\/dresden\/id_101404046\/dvb-dresden-kritik-an-geplanten-kuerzungen-bei-bus-und-bahn.html&quot;}\" data-sctrack=\"BodyAnchor\" rel=\"nofollow noopener\" target=\"_blank\">Die drei Initiatoren legten Widerspruch ein.<\/a> Der Stadtrat lehnte ab und gab den Fall an die Landesdirektion weiter.<\/p>\n<p>Vier Millionen Euro Differenz bei den Kosten<\/p>\n<p class=\"text-18 leading-17 user-text-lg:text-22 user-text-xl:text-24\">Die Landesdirektion best\u00e4tigt nun zwei M\u00e4ngel im Kostendeckungsvorschlag. Die Initiatoren beriefen sich zwar auf Zahlen der Stadt \u2013 setzten die Kosten aber bis zu vier Millionen Euro niedriger an als die st\u00e4dtischen Sch\u00e4tzungen, so die Beh\u00f6rde. Und von drei Finanzierungsvorschl\u00e4gen sei nur die Erh\u00f6hung der Gewerbesteuer \u00fcberhaupt denkbar gewesen \u2013 dar\u00fcber entscheide aber allein der Stadtrat.<\/p>\n<p class=\"text-18 leading-17 user-text-lg:text-22 user-text-xl:text-24\">Die Initiatoren hatten genau das mit ihrem Widerspruch angefochten: Wenn die Stadt selbst die Zahlengrundlage liefere, d\u00fcrfe man den B\u00fcrgern nicht vorwerfen, sich darauf verlassen zu haben. Den Initiatoren steht nun der Klageweg offen.<\/p>\n<p class=\"text-18 leading-17 user-text-lg:text-22 user-text-xl:text-24\">Die Entscheidung f\u00e4llt mitten in eine neue Debatte: Laut einer Vorlage der Stadtverwaltung sollen die DVB im kommenden Jahr erneut rund zehn Prozent ihres Angebots streichen. <a href=\"https:\/\/dresden.t-online.de\/region\/dresden\/id_101404046\/dvb-dresden-kritik-an-geplanten-kuerzungen-bei-bus-und-bahn.html\" class=\"transition-colors cursor-pointer no-underline md:hover:text-magenta md:focus:text-magenta border-b border-solid border-current text-salemsfur md:hover:border-magenta\" data-tracking=\"{&quot;action&quot;:&quot;click&quot;,&quot;category&quot;:&quot;intextLink&quot;,&quot;label&quot;:&quot;\/region\/dresden\/id_101404046\/dvb-dresden-kritik-an-geplanten-kuerzungen-bei-bus-und-bahn.html&quot;}\" data-sctrack=\"BodyAnchor\" rel=\"nofollow noopener\" target=\"_blank\">Politiker und Verb\u00e4nde warnen vor einer Abw\u00e4rtsspirale aus sinkenden Fahrgastzahlen und weiteren K\u00fcrzungen.<\/a><\/p>\n","protected":false},"excerpt":{"rendered":"Mehr als 40.000 Unterschriften B\u00fcrgerbegehren gegen K\u00fcrzungen im Dresdner Nahverkehr gescheitert 27.08.2026 &#8211; 16:02 UhrLesedauer: 2 Min. Eine&hellip;\n","protected":false},"author":2,"featured_media":1264046,"comment_status":"","ping_status":"","sticky":false,"template":"","format":"standard","meta":{"footnotes":"","_share_on_mastodon":"0"},"categories":[1835],"tags":[522,246728,28779,3364,29,2386,30,1110,22575,4186,15466,859],"class_list":["post-1264045","post","type-post","status-publish","format-standard","has-post-thumbnail","category-dresden","tag-522","tag-246728","tag-buergerbegehren","tag-de","tag-deutschland","tag-dresden","tag-germany","tag-kuerzung","tag-landesdirektion","tag-nahverkehr","tag-prager-strasse","tag-sachsen"],"share_on_mastodon":{"url":"https:\/\/pubeurope.com\/@de\/117167872941245980","error":""},"_links":{"self":[{"href":"https:\/\/www.europesays.com\/de\/wp-json\/wp\/v2\/posts\/1264045","targetHints":{"allow":["GET"]}}],"collection":[{"href":"https:\/\/www.europesays.com\/de\/wp-json\/wp\/v2\/posts"}],"about":[{"href":"https:\/\/www.europesays.com\/de\/wp-json\/wp\/v2\/types\/post"}],"author":[{"embeddable":true,"href":"https:\/\/www.europesays.com\/de\/wp-json\/wp\/v2\/users\/2"}],"replies":[{"embeddable":true,"href":"https:\/\/www.europesays.com\/de\/wp-json\/wp\/v2\/comments?post=1264045"}],"version-history":[{"count":0,"href":"https:\/\/www.europesays.com\/de\/wp-json\/wp\/v2\/posts\/1264045\/revisions"}],"wp:featuredmedia":[{"embeddable":true,"href":"https:\/\/www.europesays.com\/de\/wp-json\/wp\/v2\/media\/1264046"}],"wp:attachment":[{"href":"https:\/\/www.europesays.com\/de\/wp-json\/wp\/v2\/media?parent=1264045"}],"wp:term":[{"taxonomy":"category","embeddable":true,"href":"https:\/\/www.europesays.com\/de\/wp-json\/wp\/v2\/categories?post=1264045"},{"taxonomy":"post_tag","embeddable":true,"href":"https:\/\/www.europesays.com\/de\/wp-json\/wp\/v2\/tags?post=1264045"}],"curies":[{"name":"wp","href":"https:\/\/api.w.org\/{rel}","templated":true}]}}