{"id":1264065,"date":"2026-08-27T14:19:21","date_gmt":"2026-08-27T14:19:21","guid":{"rendered":"https:\/\/www.europesays.com\/de\/1264065\/"},"modified":"2026-08-27T14:19:21","modified_gmt":"2026-08-27T14:19:21","slug":"duesseldorf-duisburg-uebergriff-auf-22-jaehrige-nach-discobesuch","status":"publish","type":"post","link":"https:\/\/www.europesays.com\/de\/1264065\/","title":{"rendered":"D\u00fcsseldorf\/Duisburg: \u00dcbergriff auf 22-J\u00e4hrige nach Discobesuch"},"content":{"rendered":"<p class=\"text_ohne_einzug richtext text-em-55 !leading-serif mx-6 desktop:mx-0\">  Die 22-J\u00e4hrige ist nach einem Besuch in einer D\u00fcsseldorfer Diskothek in der Nacht zum Sonntag, 16. August, von drei bislang unbekannten M\u00e4nnern vor der Clubt\u00fcre an der Bahnstra\u00dfe in der D\u00fcsseldorfer Stadtmitte angesprochen worden. Das teilte die <a href=\"https:\/\/rp-online.de\/thema\/polizei\/\" rel=\"nofollow noopener\" target=\"_blank\">Polizei<\/a> am Donnerstag mit. Die M\u00e4nner h\u00e4tten ihr angeboten, sie nach Hause zu fahren. Die Frau sei daraufhin in das Auto eingestiegen.<\/p>\n<p class=\"richtext text-em-55 !leading-serif mx-6 desktop:mx-0\">Statt die junge Frau nach Hause zu fahren, seien die M\u00e4nner jedoch nach Duisburg-Rahm gefahren. Ein Beifahrer habe die 22-J\u00e4hrige zun\u00e4chst unsittlich ber\u00fchrt und anschlie\u00dfend erfolglos versucht, ihr in die Hose zu fassen. In einem Waldgebiet am Druchter Weg wurde die Frau aufgefordert, das Auto zu verlassen.<\/p>\n<p class=\"richtext text-em-55 !leading-serif mx-6 desktop:mx-0\">Als sie neben dem Wagen gestanden habe, soll der Beifahrer nach ihrer Handtasche gegriffen haben. Gleichzeitig habe der Fahrer das Auto in Bewegung gesetzt. Da die 22-J\u00e4hrige weiterhin ihre Tasche festgehalten habe, sei sie mehrere Meter von dem Fahrzeug mitgezogen worden. Die Unbekannten fl\u00fcchteten samt Handtasche in unbekannte Richtung.<\/p>\n<p class=\"richtext text-em-55 !leading-serif mx-6 desktop:mx-0\">Zeugen wurden auf die Verletzte aufmerksam und verst\u00e4ndigten einen Rettungswagen, der die verletzte und geschockte Frau zur Behandlung in ein Krankenhaus brachte.<\/p>\n<p class=\"richtext text-em-55 !leading-serif mx-6 desktop:mx-0\">Den alarmierten Polizisten beschrieb die 22-J\u00e4hrige einen der M\u00e4nner wie folgt: etwa 21 Jahre alt, 1,76 bis 1,78 Meter gro\u00df, wei\u00dfe Anzughose, schwarzes Shirt\/schwarzer Blouson, dunkle Haare, dunkle Augen. Bei dem Fahrzeug habe es sich um einen dunklen Wagen gehandelt.<\/p>\n<p class=\"richtext text-em-55 !leading-serif mx-6 desktop:mx-0\">Das Kriminalkommissariat 13 hat die Ermittlungen aufgenommen und sucht Zeuginnen und Zeugen, die Angaben zu den drei unbekannten M\u00e4nnern, dem Fahrzeug oder dem Tatgeschehen machen k\u00f6nnen. Von Interesse sind insbesondere Personen, die in der Nacht im Bereich der Bahnstra\u00dfe in der D\u00fcsseldorfer Stadtmitte oder am sp\u00e4teren Tatort am Druchter Weg in Duisburg-Rahm Beobachtungen gemacht haben.<\/p>\n<p class=\"italic richtext text-em-55 !leading-serif mx-6 desktop:mx-0\">Hinweise nimmt die Polizei <a href=\"https:\/\/rp-online.de\/thema\/duisburg\/\" rel=\"nofollow noopener\" target=\"_blank\">Duisburg<\/a> unter 0203 2800 entgegen.<\/p>\n","protected":false},"excerpt":{"rendered":"Die 22-J\u00e4hrige ist nach einem Besuch in einer D\u00fcsseldorfer Diskothek in der Nacht zum Sonntag, 16. August, von&hellip;\n","protected":false},"author":2,"featured_media":1264066,"comment_status":"","ping_status":"","sticky":false,"template":"","format":"standard","meta":{"footnotes":"","_share_on_mastodon":"0"},"categories":[1831],"tags":[513,3364,29,3715,3405,3679,514,30,5402,28059,1209,175922,437,5530,18753,4996],"class_list":["post-1264065","post","type-post","status-publish","format-standard","has-post-thumbnail","category-duesseldorf","tag-auto","tag-de","tag-deutschland","tag-duisburg","tag-duesseldorf","tag-duesseldorfer","tag-fahrzeug","tag-germany","tag-maenner","tag-maennern","tag-nordrhein-westfalen","tag-rahm","tag-sucht","tag-unbekannte","tag-versucht","tag-zeugen"],"share_on_mastodon":{"url":"https:\/\/pubeurope.com\/@de\/117167912985247413","error":""},"_links":{"self":[{"href":"https:\/\/www.europesays.com\/de\/wp-json\/wp\/v2\/posts\/1264065","targetHints":{"allow":["GET"]}}],"collection":[{"href":"https:\/\/www.europesays.com\/de\/wp-json\/wp\/v2\/posts"}],"about":[{"href":"https:\/\/www.europesays.com\/de\/wp-json\/wp\/v2\/types\/post"}],"author":[{"embeddable":true,"href":"https:\/\/www.europesays.com\/de\/wp-json\/wp\/v2\/users\/2"}],"replies":[{"embeddable":true,"href":"https:\/\/www.europesays.com\/de\/wp-json\/wp\/v2\/comments?post=1264065"}],"version-history":[{"count":0,"href":"https:\/\/www.europesays.com\/de\/wp-json\/wp\/v2\/posts\/1264065\/revisions"}],"wp:featuredmedia":[{"embeddable":true,"href":"https:\/\/www.europesays.com\/de\/wp-json\/wp\/v2\/media\/1264066"}],"wp:attachment":[{"href":"https:\/\/www.europesays.com\/de\/wp-json\/wp\/v2\/media?parent=1264065"}],"wp:term":[{"taxonomy":"category","embeddable":true,"href":"https:\/\/www.europesays.com\/de\/wp-json\/wp\/v2\/categories?post=1264065"},{"taxonomy":"post_tag","embeddable":true,"href":"https:\/\/www.europesays.com\/de\/wp-json\/wp\/v2\/tags?post=1264065"}],"curies":[{"name":"wp","href":"https:\/\/api.w.org\/{rel}","templated":true}]}}