{"id":1264075,"date":"2026-08-27T14:25:18","date_gmt":"2026-08-27T14:25:18","guid":{"rendered":"https:\/\/www.europesays.com\/de\/1264075\/"},"modified":"2026-08-27T14:25:18","modified_gmt":"2026-08-27T14:25:18","slug":"arte-beim-gamescom-city-festival-und-bei-der-gamescom-2026","status":"publish","type":"post","link":"https:\/\/www.europesays.com\/de\/1264075\/","title":{"rendered":"ARTE beim gamescom city Festival und bei der gamescom 2026"},"content":{"rendered":"<p class=\"date\">27.08.2026 \u2013 16:05<\/p>\n<p class=\"customer\">\n                        <a class=\"story-customer\" title=\"weiter zum newsroom von ARTE G.E.I.E.\" href=\"https:\/\/www.presseportal.de\/nr\/9021\" rel=\"nofollow noopener\" target=\"_blank\">ARTE G.E.I.E.<\/a>\n                    <\/p>\n<p><a class=\"glightbox-pseudo event-trigger\" href=\"https:\/\/cache.pressmailing.net\/thumbnail\/story_hires\/09f83123-8170-436c-b3db-fad6420c6161\/Cover-art-Landscape.jpg.jpg\" data-description=\"Visual zum Videospel &quot;The Amusement&quot; \/ Weiterer Text \u00fcber ots und www.presseportal.de\/nr\/9021 \/ Die Verwendung dieses Bildes f\u00fcr redaktionelle Zwecke ist unter Beachtung aller mitgeteilten Nutzungsbedingungen zul\u00e4ssig und dann auch honorarfrei. Ver\u00f6ffentlichung ausschlie\u00dflich mit Bildrechte-Hinweis.\" data-category=\"medialightbox\" data-action=\"click\" data-label=\"single\" data-value=\"6a9040c1270000fd2cb7eae5\" rel=\"nofollow noopener\" target=\"_blank\"><img decoding=\"async\" height=\"540\" with=\"720\" src=\"https:\/\/www.europesays.com\/de\/wp-content\/uploads\/2026\/08\/arte-beim-gamescom-city-festival-und-bei-der-gamescom-2026.jpeg\"   alt=\"ARTE beim gamescom city Festival und bei der gamescom 2026\" class=\"single\"\/><\/a><\/p>\n<p><a data-category=\"citylink-story-view\" data-action=\"click\" data-label=\"Citylink in Meldungsansicht\" class=\"story-city event-trigger\" href=\"https:\/\/www.presseportal.de\/regional\/Stra%DFburg\" title=\"News aus Stra\u00dfburg \" rel=\"nofollow noopener\" target=\"_blank\">Stra\u00dfburg<\/a> (ots)<\/p>\n<p><b>Auch diesen Sommer ist ARTE wieder unterwegs und kommt mit einem vielf\u00e4ltigen Programmangebot direkt zum Publikum. Nach Tourstops bei der Nature One, dem franz\u00f6sische Hellfest oder dem Summer Breeze ist ARTE am 28. und 29. August zu Gast auf dem gamescom City Festival in K\u00f6ln und sorgt mit seiner Karaoke-Liveband f\u00fcr gute Stimmung. Auch auf der gamescom ist ARTE pr\u00e4sent, stellt neue Videospielproduktionen vor und diskutiert auf einem Panel \u00fcber die internationale Zusammenarbeit in der Gaming-Branche. <\/b><\/p>\n<p> Am kommenden Samstag, den 29. August hei\u00dft es ab 16.45 Uhr auf der B\u00fchne am Hohenzollernring &#8222;B\u00fchne frei&#8220; f\u00fcr alle, die tr\u00e4llern, singen oder einen Song schmettern m\u00f6chten. Moderiert von Bianca Hauda und mit dem passenden Sound der ARTE Karaoke-Liveband kann allein oder mit Freunden auf der B\u00fchne performt werden. Von Disco-Klassikern, Pop-Hits oder pers\u00f6nlichen Lieblingssongs ist dabei alles geboten. Wer singen m\u00f6chte, kann sich bis Showbeginn am ARTE-Stand anmelden oder noch w\u00e4hrend des Karaokes spontan zum B\u00fchnenaufgang kommen. <\/p>\n<p> Auch abseits der Karaoke-Show k\u00f6nnen Festivalbesucherinnen und -besucher ARTE hautnah erleben. Der &#8222;ARTE Summer Tour&#8220; Pop-Up-Stand bietet die M\u00f6glichkeit, spielerisch das vielf\u00e4ltige Programmangebot zu erkunden und in die Welt der ARTE Videospiele einzutauchen. <\/p>\n<p> Das ARTE-Team ist an beiden Festivaltagen von 14 bis 21 Uhr vor Ort. Wir freuen uns \u00fcber zahlreiches Erscheinen! Der Eintritt zum gamescom city Festival ist frei. <\/p>\n<p> Einen Abstecher macht ARTE auch in diesem Jahr wieder auf der Videospiel-Messe gamescom und beteiligt sich am vom Institut Fran\u00e7ais Deutschland organisierten Panel zum Thema &#8222;Building Franco-German Video Game Collaborations: The Story Behind The Amusement&#8220;. Dabei geht es darum, die M\u00f6glichkeiten und praktischen Herausforderungen internationaler Zusammenarbeit in der Videospiel-Industrie zu beleuchten. Anhand von &#8222;The Amusement&#8220;, einem narrativen VR-Spiel, das in Koproduktion von ARTE und Curvature Games entstanden ist, gibt das Panel spannende Einblicke in deutsch-franz\u00f6sische Zusammenarbeit im Gaming-Bereich. <\/p>\n<p class=\"contact-headline\">Pressekontakt:<\/p>\n<p class=\"contact-text\">Irina Lehnert<br \/>Referentin f\u00fcr Presse und PR<br \/><a href=\"https:\/\/www.presseportal.de\/pm\/9021\/mailto:irina.lehnert@arte.tv\" class=\"uri-mailto\" rel=\"nofollow noopener\" target=\"_blank\">irina.lehnert@arte.tv<\/a><br \/>+33 3 90 14 2151<\/p>\n<p class=\"originator\">Original-Content von: ARTE G.E.I.E., \u00fcbermittelt durch news aktuell<\/p>\n","protected":false},"excerpt":{"rendered":"27.08.2026 \u2013 16:05 ARTE G.E.I.E. Stra\u00dfburg (ots) Auch diesen Sommer ist ARTE wieder unterwegs und kommt mit einem&hellip;\n","protected":false},"author":2,"featured_media":1264076,"comment_status":"","ping_status":"","sticky":false,"template":"","format":"standard","meta":{"footnotes":"","_share_on_mastodon":"0"},"categories":[1828],"tags":[3477,29,5683,5436,261216,30,1420,62,1209,178,180,179,181,210157],"class_list":["post-1264075","post","type-post","status-publish","format-standard","has-post-thumbnail","category-koeln","tag-bild","tag-deutschland","tag-games","tag-gamescom","tag-gamescom-city-festival","tag-germany","tag-koeln","tag-medien","tag-nordrhein-westfalen","tag-presse","tag-pressemeldung","tag-pressemitteilung","tag-pressemitteilungen","tag-programmangebot"],"share_on_mastodon":{"url":"https:\/\/pubeurope.com\/@de\/117167938328403529","error":""},"_links":{"self":[{"href":"https:\/\/www.europesays.com\/de\/wp-json\/wp\/v2\/posts\/1264075","targetHints":{"allow":["GET"]}}],"collection":[{"href":"https:\/\/www.europesays.com\/de\/wp-json\/wp\/v2\/posts"}],"about":[{"href":"https:\/\/www.europesays.com\/de\/wp-json\/wp\/v2\/types\/post"}],"author":[{"embeddable":true,"href":"https:\/\/www.europesays.com\/de\/wp-json\/wp\/v2\/users\/2"}],"replies":[{"embeddable":true,"href":"https:\/\/www.europesays.com\/de\/wp-json\/wp\/v2\/comments?post=1264075"}],"version-history":[{"count":0,"href":"https:\/\/www.europesays.com\/de\/wp-json\/wp\/v2\/posts\/1264075\/revisions"}],"wp:featuredmedia":[{"embeddable":true,"href":"https:\/\/www.europesays.com\/de\/wp-json\/wp\/v2\/media\/1264076"}],"wp:attachment":[{"href":"https:\/\/www.europesays.com\/de\/wp-json\/wp\/v2\/media?parent=1264075"}],"wp:term":[{"taxonomy":"category","embeddable":true,"href":"https:\/\/www.europesays.com\/de\/wp-json\/wp\/v2\/categories?post=1264075"},{"taxonomy":"post_tag","embeddable":true,"href":"https:\/\/www.europesays.com\/de\/wp-json\/wp\/v2\/tags?post=1264075"}],"curies":[{"name":"wp","href":"https:\/\/api.w.org\/{rel}","templated":true}]}}