{"id":1264106,"date":"2026-08-27T14:44:15","date_gmt":"2026-08-27T14:44:15","guid":{"rendered":"https:\/\/www.europesays.com\/de\/1264106\/"},"modified":"2026-08-27T14:44:15","modified_gmt":"2026-08-27T14:44:15","slug":"verband-gegen-fifa-praesidenten-uefa-plant-strafanzeige-gegen-gianni-infantino-sport","status":"publish","type":"post","link":"https:\/\/www.europesays.com\/de\/1264106\/","title":{"rendered":"Verband gegen Fifa-Pr\u00e4sidenten: Uefa plant Strafanzeige gegen Gianni Infantino! | Sport"},"content":{"rendered":"<p><a class=\"skip-content skip-content--link\" href=\"#in-content-skip-link-target-v-0-0\">TTS-Player \u00fcberspringen\u21b5<\/a><a id=\"in-content-skip-link-target-v-0-0\" class=\"skip-content--target-link-hidden skip-content skip-content--target-link\" href=\"#in-content-skip-link-target-v-0-0\">Artikel weiterlesen<\/a><\/p>\n<p data-21134c99=\"0-2212\"><b>Die Uefa bereitet eine Strafanzeige gegen Fifa-Pr\u00e4sident Gianni Infantino (56) vor Schweizer Gerichten vor. Das berichtet die Nachrichtenagentur AP. Der Hintergrund soll Infantinos gescheiterter Plan sein, k\u00fcnftige Gewinne aus der <\/b><a href=\"https:\/\/www.bild.de\/sport\/fussball\/fussball\/home-15769054.bild.html\" class=\"text-link\" rel=\"nofollow noopener\" target=\"_blank\"><b>Fu\u00dfball<\/b><\/a><b>-Weltmeisterschaft an private Investoren zu verkaufen.<\/b><\/p>\n<p data-21134c99=\"0-2212\">Die Uefa teilte am Donnerstag mit, dass die Anw\u00e4lte des europ\u00e4ischen Fu\u00dfball-Verbands bei einem Gericht in Manhattan Unterlagen eingereicht haben, um m\u00f6gliche Beweise von der New Yorker Investmentgesellschaft \u201eThrive Capital Management\u201c anzufordern. Diese wurde von Joshua Kushner, dem Bruder von Trump-Schwiegersohn Jared, gegr\u00fcndet.<\/p>\n<p data-21134c99=\"0-2212\">\u201eThrive\u201c und Kushner sollten als Hauptinvestoren fungieren und beabsichtigten, der Fifa 4,2 Milliarden Dollar f\u00fcr einen 20-prozentigen Anteil an der Tochtergesellschaft \u201eFifa Forward Enterprise\u201c (FFE) zu zahlen, die die kommerziellen Veranstaltungen des Fu\u00dfball-Weltverbands, einschlie\u00dflich der <a href=\"https:\/\/www.bild.de\/sport\/fussball\/fifa-wm-2026-QNToDBgFYEJ5vy2KN6mE\" class=\"text-link\" rel=\"nofollow noopener\" target=\"_blank\">WM<\/a>, betreiben sollte.<\/p>\n<p data-21134c99=\"0-2212\">In einem 56-seitigen Dokument der Uefa-Anw\u00e4lte, das der Nachrichtenagentur Associated Press vorliegt, hei\u00dft es: \u201eDie Uefa und ihre Rechtsberater ziehen ein Schweizer Strafverfahren gegen Infantino und m\u00f6glicherweise weitere Fifa-Funktion\u00e4re wegen strafrechtlicher Misswirtschaft gem\u00e4\u00df Artikel 158 des Schweizerischen Strafgesetzbuches in Betracht.\u201c<\/p>\n<p>Infantino droht bei Schuldspruch eine Freiheitsstrafe von bis zu drei Jahren<\/p>\n<p data-21134c99=\"0-2212\">Das Dokument deutet an, dass der Betrag von 4,2 Milliarden Dollar ein \u201ebetr\u00fcgerisch unter dem Marktwert liegender Preis sein k\u00f6nnte, der von Infantino zu seinem eigenen Vorteil vorangetrieben wurde\u201c. Weiter hei\u00dft es, dass bei einem entsprechenden Schuldspruch <a href=\"https:\/\/www.bild.de\/sport\/fussball\/fussball-legende-verteidigt-gianni-infantino-hat-nichts-falsch-gemacht-6a8e9726511d4fd3bc4e4244\" class=\"text-link\" rel=\"nofollow noopener\" target=\"_blank\">Infantino<\/a> eine Freiheitsstrafe von bis zu drei Jahren drohen k\u00f6nnte. Der Fifa-Pr\u00e4sident gab den Verkaufsplan der WM nach heftiger Kritik f\u00fchrender Vertreter des Weltfu\u00dfballs, darunter auch der Uefa, am 1. August auf.<\/p>\n<p data-21134c99=\"0-2212\">Die rechtlichen Unterlagen beantragen au\u00dferdem eine gerichtliche Anordnung, durch die Joshua Kushners \u201eFonds Thrive Capital\u201c verpflichtet werden soll, s\u00e4mtliche Dokumente und elektronischen Daten im Zusammenhang mit FFE offenzulegen. Zudem wird beantragt, dass \u201eThrive\u201c und Kushner per gerichtlicher Vorladung zu Aussagen verpflichtet werden.<\/p>\n","protected":false},"excerpt":{"rendered":"TTS-Player \u00fcberspringen\u21b5Artikel weiterlesen Die Uefa bereitet eine Strafanzeige gegen Fifa-Pr\u00e4sident Gianni Infantino (56) vor Schweizer Gerichten vor. Das&hellip;\n","protected":false},"author":2,"featured_media":1264107,"comment_status":"","ping_status":"","sticky":false,"template":"","format":"standard","meta":{"footnotes":"","_share_on_mastodon":"0"},"categories":[136],"tags":[1263,29,5695,30,39445,265,1681],"class_list":["post-1264106","post","type-post","status-publish","format-standard","has-post-thumbnail","category-sport","tag-aufmacher-bereich","tag-deutschland","tag-fifa","tag-germany","tag-infantino-gianni","tag-sport","tag-uefa"],"share_on_mastodon":{"url":"https:\/\/pubeurope.com\/@de\/117168010988941017","error":""},"_links":{"self":[{"href":"https:\/\/www.europesays.com\/de\/wp-json\/wp\/v2\/posts\/1264106","targetHints":{"allow":["GET"]}}],"collection":[{"href":"https:\/\/www.europesays.com\/de\/wp-json\/wp\/v2\/posts"}],"about":[{"href":"https:\/\/www.europesays.com\/de\/wp-json\/wp\/v2\/types\/post"}],"author":[{"embeddable":true,"href":"https:\/\/www.europesays.com\/de\/wp-json\/wp\/v2\/users\/2"}],"replies":[{"embeddable":true,"href":"https:\/\/www.europesays.com\/de\/wp-json\/wp\/v2\/comments?post=1264106"}],"version-history":[{"count":0,"href":"https:\/\/www.europesays.com\/de\/wp-json\/wp\/v2\/posts\/1264106\/revisions"}],"wp:featuredmedia":[{"embeddable":true,"href":"https:\/\/www.europesays.com\/de\/wp-json\/wp\/v2\/media\/1264107"}],"wp:attachment":[{"href":"https:\/\/www.europesays.com\/de\/wp-json\/wp\/v2\/media?parent=1264106"}],"wp:term":[{"taxonomy":"category","embeddable":true,"href":"https:\/\/www.europesays.com\/de\/wp-json\/wp\/v2\/categories?post=1264106"},{"taxonomy":"post_tag","embeddable":true,"href":"https:\/\/www.europesays.com\/de\/wp-json\/wp\/v2\/tags?post=1264106"}],"curies":[{"name":"wp","href":"https:\/\/api.w.org\/{rel}","templated":true}]}}