{"id":1264128,"date":"2026-08-27T14:56:20","date_gmt":"2026-08-27T14:56:20","guid":{"rendered":"https:\/\/www.europesays.com\/de\/1264128\/"},"modified":"2026-08-27T14:56:20","modified_gmt":"2026-08-27T14:56:20","slug":"konzert-von-katie-melua-am-schloss-rheydt","status":"publish","type":"post","link":"https:\/\/www.europesays.com\/de\/1264128\/","title":{"rendered":"Konzert von Katie Melua am Schloss Rheydt"},"content":{"rendered":"<p class=\"text_ohne_einzug richtext text-em-55 !leading-serif mx-6 desktop:mx-0\">Das ausverkaufte Konzert der georgisch-britischen Musikerin <a href=\"https:\/\/rp-online.de\/thema\/katie-melua\/\" rel=\"nofollow noopener\" target=\"_blank\">Katie Melua<\/a> am Donnerstag, 27.\u2005August, in <a href=\"https:\/\/rp-online.de\/thema\/moenchengladbach\/\" rel=\"nofollow noopener\" target=\"_blank\">M\u00f6nchengladbach<\/a> startet eine halbe Stunde fr\u00fcher. Darauf weist G\u00fcnter vom Dorp, Veranstalter der Sommermusik <a href=\"https:\/\/rp-online.de\/thema\/schloss-rheydt\/\" rel=\"nofollow noopener\" target=\"_blank\">Schloss Rheydt<\/a>, hin. \u201eAufgrund der aktuellen Wetterlage ziehen wir den Ablauf heute etwas vor\u201c, erkl\u00e4rt er. Der Einlass beginnt demnach bereits um 18\u2005Uhr, der Konzertbeginn ist f\u00fcr 20\u2005Uhr angesetzt.<\/p>\n<p class=\"richtext text-em-55 !leading-serif mx-6 desktop:mx-0\">\u201eBitte plant eure Anreise entsprechend und gebt die Info gerne auch an Freunde und Bekannte weiter, die heute dabei sind\u201c, wendet sich vom Dorp an die Besucher. Und: \u201eWir beobachten die Wetterlage nat\u00fcrlich weiterhin und informieren euch, falls es noch \u00c4nderungen geben sollte.\u201c<\/p>\n<p class=\"richtext text-em-55 !leading-serif mx-6 desktop:mx-0\">Die Wettervorhersage prognostiziert f\u00fcr Donnerstagabend leichten Regen und ein m\u00f6gliches <a href=\"https:\/\/rp-online.de\/thema\/gewitter\/\" rel=\"nofollow noopener\" target=\"_blank\">Gewitter<\/a>. Auch nachts sind Schauer und Gewitter m\u00f6glich. Bis zum fr\u00fchen Nachmittag ist davon aber noch nichts zu sehen: Leicht bew\u00f6lkter Himmel und Sonnenschein bringen M\u00f6nchengladbach derzeit einen sch\u00f6nen Sommertag mit etwa 30\u2005Grad Celsius.<\/p>\n<p>Das ist die Sommermusik Schloss Rheydt      <\/p>\n<p class=\"richtext text-em-55 !leading-serif mx-6 desktop:mx-0\">Zum mittlerweile 20.\u2005Mal steigt im historischen Innenhof von Schloss Rheydt die Veranstaltungsreihe. An meist lauen Sommerabenden treten dann teils international bekannte Musiker und Bands auf. Die Veranstalter achten dabei auf eine vielf\u00e4ltige Mischung. Zum Auftakt der diesj\u00e4hrigen Sommermusik trat Kostenpflichtiger Inhalt <a href=\"https:\/\/rp-online.de\/nrw\/staedte\/moenchengladbach\/moenchengladbach-tony-hadleyvon-spandau-ballet-startet-sommermusik-schloss-rheydt_aid-153260783\" rel=\"nofollow noopener\" target=\"_blank\">der britische Pops\u00e4nger Tony Hadley<\/a> auf, es folgten unter anderem ein Kostenpflichtiger Inhalt <a href=\"https:\/\/rp-online.de\/nrw\/staedte\/moenchengladbach\/culcha-candela-begeistert-bei-sommermusik-schloss-rheydt-2026_aid-153260747\" rel=\"nofollow noopener\" target=\"_blank\">Konzert von Culcha Candela<\/a>, ein <a href=\"https:\/\/rp-online.de\/nrw\/staedte\/moenchengladbach\/one-night-in-sweden-abba-tribute-show-am-schloss-rheydt-in-moenchengladbach-sommermusik_aid-153260811\" rel=\"nofollow noopener\" target=\"_blank\">Abba-Tribute-Abend<\/a> und ein <a href=\"https:\/\/rp-online.de\/nrw\/staedte\/moenchengladbach\/moenchengladbach-konzert-von-heritage-sinfonietta-aus-roermond_aid-153260883\" rel=\"nofollow noopener\" target=\"_blank\">Klassik-Open-Air mit einem Kammerorchester der Nachbarstadt Roermond.<\/a> In den n\u00e4chsten Tagen gibt es noch Auftritte von K\u00f6bes Underground (Freitag, 28. August) und Giovanni Zarrella (Sonntag, 30. August) sowie den \u201eFun and Friends\u201c-Abend (Samstag, 29.\u2005August).<\/p>\n<p class=\"italic richtext text-em-55 !leading-serif mx-6 desktop:mx-0\"><strong class=\"font-bold dark:text-white-solid\">Info <\/strong>Alle Infos zur Sommermusik Schloss Rheydt gibt es online unter <a href=\"https:\/\/www.voilakonzerte.de\/\" target=\"_blank\" rel=\"nofollow noopener\">www.voilakonzerte.de<\/a>. Einzig f\u00fcr den \u201eFun and Friends\u201c-Abend gibt es noch Restkarten an der Abendkasse. Der Vorverkauf f\u00fcr Konzerte 2027 l\u00e4uft bereits.<\/p>\n","protected":false},"excerpt":{"rendered":"Das ausverkaufte Konzert der georgisch-britischen Musikerin Katie Melua am Donnerstag, 27.\u2005August, in M\u00f6nchengladbach startet eine halbe Stunde fr\u00fcher.&hellip;\n","protected":false},"author":2,"featured_media":1264129,"comment_status":"","ping_status":"","sticky":false,"template":"","format":"standard","meta":{"footnotes":"","_share_on_mastodon":"0"},"categories":[1849],"tags":[3364,29,548,663,3934,30,13,237233,1310,4455,14,15,1209,29330,12,13597,2257],"class_list":["post-1264128","post","type-post","status-publish","format-standard","has-post-thumbnail","category-moenchengladbach","tag-de","tag-deutschland","tag-eu","tag-europa","tag-europe","tag-germany","tag-headlines","tag-katie-melua","tag-konzert","tag-moenchengladbach","tag-nachrichten","tag-news","tag-nordrhein-westfalen","tag-rheydt","tag-schlagzeilen","tag-schloss","tag-wetterlage"],"share_on_mastodon":{"url":"https:\/\/pubeurope.com\/@de\/117168058318822201","error":""},"_links":{"self":[{"href":"https:\/\/www.europesays.com\/de\/wp-json\/wp\/v2\/posts\/1264128","targetHints":{"allow":["GET"]}}],"collection":[{"href":"https:\/\/www.europesays.com\/de\/wp-json\/wp\/v2\/posts"}],"about":[{"href":"https:\/\/www.europesays.com\/de\/wp-json\/wp\/v2\/types\/post"}],"author":[{"embeddable":true,"href":"https:\/\/www.europesays.com\/de\/wp-json\/wp\/v2\/users\/2"}],"replies":[{"embeddable":true,"href":"https:\/\/www.europesays.com\/de\/wp-json\/wp\/v2\/comments?post=1264128"}],"version-history":[{"count":0,"href":"https:\/\/www.europesays.com\/de\/wp-json\/wp\/v2\/posts\/1264128\/revisions"}],"wp:featuredmedia":[{"embeddable":true,"href":"https:\/\/www.europesays.com\/de\/wp-json\/wp\/v2\/media\/1264129"}],"wp:attachment":[{"href":"https:\/\/www.europesays.com\/de\/wp-json\/wp\/v2\/media?parent=1264128"}],"wp:term":[{"taxonomy":"category","embeddable":true,"href":"https:\/\/www.europesays.com\/de\/wp-json\/wp\/v2\/categories?post=1264128"},{"taxonomy":"post_tag","embeddable":true,"href":"https:\/\/www.europesays.com\/de\/wp-json\/wp\/v2\/tags?post=1264128"}],"curies":[{"name":"wp","href":"https:\/\/api.w.org\/{rel}","templated":true}]}}