{"id":1264175,"date":"2026-08-27T15:26:24","date_gmt":"2026-08-27T15:26:24","guid":{"rendered":"https:\/\/www.europesays.com\/de\/1264175\/"},"modified":"2026-08-27T15:26:24","modified_gmt":"2026-08-27T15:26:24","slug":"1-fc-union-berlin-aufstiegsheld-sebastian-polter-kehrt-nach-deutschland-zurueck","status":"publish","type":"post","link":"https:\/\/www.europesays.com\/de\/1264175\/","title":{"rendered":"1. FC Union Berlin: Aufstiegsheld Sebastian Polter kehrt nach Deutschland zur\u00fcck"},"content":{"rendered":"<p class=\"text-black text-[17px] leading-7 font-normal font-merriweather\">\n              Den 2. November 2019 werden alle Fans des <a href=\"https:\/\/www.berliner-zeitung.de\/category\/union\" rel=\"nofollow noopener\" target=\"_blank\">1. FC Union Berlin<\/a> niemals vergessen. Erst recht nicht diejenigen, die an diesem Tag im Stadion An der Alten F\u00f6rsterei waren. Im ersten Bundesliga-Derby gegen Hertha BSC siegten die K\u00f6penicker mit 1:0. Sebastian Polter, zehn Minuten vor Ende der regul\u00e4ren Spielzeit erst eingewechselt, erzielte mit einem verwandelten Strafsto\u00df in der 90. Minute den spielentscheidenden Treffer. <\/p>\n<p>Sieben Jahre ist das bald her, es war gleichzeitig das letzte Tor von Polter im Union-Trikot. \u00dcber Fortuna Sittard, Bochum, Schalke und Braunschweig zog es ihn zuletzt zu Partizan Belgrad nach Serbien. Dort ist nach einem halben Jahr aber schon wieder Schluss. Am Donnerstag verk\u00fcndete Oberligist SV Wilhelmshaven die Verpflichtung des inzwischen 35-J\u00e4hrigen \u2013 als Spielertrainer.\n            <\/p>\n<p>              <a href=\"https:\/\/www.berliner-zeitung.de\/article\/10333609\" class=\"flex gap-4 items-start group\" rel=\"nofollow noopener\" target=\"_blank\"><\/p>\n<p>                    <img decoding=\"async\" src=\"https:\/\/www.europesays.com\/de\/wp-content\/uploads\/2026\/08\/27cd4819-2720-4e6d-bef0-342a0b543cde.jpg\" alt=\"\u201eIch will im Tor bleiben!\u201c \u2013 Raab erneuert bei Union Kampfansage an R\u00f6nnow\" class=\"w-full h-full object-cover aspect-[3\/2]\"\/><\/p>\n<p>                        Torh\u00fcterduell<\/p>\n<p>                      \u201eIch will im Tor bleiben!\u201c \u2013 Raab erneuert bei Union Kampfansage an R\u00f6nnow<\/p>\n<p>              <\/a><\/p>\n<p class=\"text-black text-[17px] leading-7 font-normal font-merriweather\">\n              F\u00fcr Polter ist die R\u00fcckkehr in den Norden Deutschlands eine Herzensangelegenheit. Weit bevor er Union mit damals neun Toren in die Fu\u00dfball-Bundesliga gef\u00fchrt hatte, begann er seine Karriere in Wilhelmshaven. <\/p>\n<p>\u201eIch habe in meiner Karriere viele Vereine kennengelernt und zahlreiche Gespr\u00e4che gef\u00fchrt. Deshalb kann ich sehr gut einsch\u00e4tzen, wenn ein Klub professionell arbeitet und eine klare Vorstellung von seiner Zukunft hat. Genau dieses Gef\u00fchl hatte ich vom ersten Gespr\u00e4ch mit den Verantwortlichen des SV Wilhelmshaven an. Der Verein ist auf dem richtigen Weg und hat mir \u00fcberzeugend aufgezeigt, was hier in den kommenden Jahren entstehen soll. Ansonsten w\u00e4re ich nicht hier\u201c, sagte Polter bei seiner Vorstellung.\n            <\/p>\n<p>            Wilhelmshaven ist makellos gestartet<\/p>\n<p class=\"text-black text-[17px] leading-7 font-normal font-merriweather\">\n              K\u00fcnftig soll er gemeinsam mit dem bisherigen Trainer Bi Le Tran die Geschicke leiten. Der geb\u00fcrtige Vietnamese hatte die Mannschaft erst in diesem Sommer \u00fcbernommen und aus den ersten drei Ligaspielen drei Siege geholt. Dar\u00fcber hinaus hatte sich die Mannschaft im Landespokal Niedersachsen f\u00fcr die n\u00e4chste Runde qualifiziert.<\/p>\n<p>\u201eAls ich von der M\u00f6glichkeit geh\u00f6rt habe, Sebastian zu verpflichten, war ich sofort Feuer und Flamme. Wir sind mit der bisherigen Arbeit von Bi Le Tran sehr zufrieden und gewinnen mit Sebastian nun zus\u00e4tzlich einen Mann, der seine Erfahrung aus mehr als 15 Jahren im Profifu\u00dfball einbringen kann. Beide werden k\u00fcnftig gemeinsam und auf Augenh\u00f6he die sportlichen Geschicke des SV Wilhelmshaven f\u00fchren\u201c, lie\u00df sich Dr. Hans Herrnberger, Vorstand des SV Wilhelmshaven, in einer Pressemitteilung zitieren.\n            <\/p>\n<p>                  <img decoding=\"async\" src=\"https:\/\/www.europesays.com\/de\/wp-content\/uploads\/2026\/08\/32ab0c27-9783-4b5f-97d8-9b558428d0a3.jpg\"   alt=\"Zuletzt war Sebastian Polter (r.) f\u00fcr Partizan Belgrad am Ball.\" class=\"w-full h-full object-cover cursor-pointer\" loading=\"lazy\" data-original-url=\"\" data-caption=\"Zuletzt war Sebastian Polter (r.) f\u00fcr Partizan Belgrad am Ball.\" data-source=\"IMAGO\/Srdjan Stevanovic \u00a9\" data-link-href=\"\"\/><\/p>\n<p class=\"font-roboto text-sm leading-[22px] font-normal not-italic text-gray-800 text-left flex-[3]\">Zuletzt war Sebastian Polter (r.) f\u00fcr Partizan Belgrad am Ball.\n                  <\/p>\n<p class=\"text-left md:text-right font-roboto text-xs leading-[18px] font-normal not-italic text-gray-700 flex-1 mt-1 md:mt-0\">\n                    \u00a9 IMAGO\/Srdjan Stevanovic \u00a9<\/p>\n<p class=\"text-black text-[17px] leading-7 font-normal font-merriweather\">\n              Das Ziel des Klubs ist eindeutig formuliert: Am Saisonende soll der Aufstieg in die Regionalliga Nord und damit die R\u00fcckkehr in den semiprofessionellen Fu\u00dfball gelingen. \u201eIch bin wahnsinnig hei\u00df darauf, auch abseits des Platzes Dinge anzuschieben, Abl\u00e4ufe weiter zu professionalisieren und dabei zu helfen, den SVW wieder zu einer echten Marke mit Strahlkraft f\u00fcr die gesamte Region zu machen\u201c, hat Polter auch neben dem sportlichen Betrieb gro\u00dfe Ambitionen. <\/p>\n<p>F\u00fcr den 1. FC Union Berlin hatte Sebastian Polter mit Abstand seine meisten Partien im Profibereich absolviert. In 104 Pflichtspielen trug er das Trikot der Eisernen, erzielte 46 Tore und bereitete 16 weitere vor. Klub und Spieler hatten sich am Ende der Saison 2019\/20 getrennt. Zuvor hatte er inmitten der Corona-Pandemie einen vom Verein geforderten Gehaltsverzicht abgelehnt.<\/p>\n<p>                    <img decoding=\"async\" src=\"https:\/\/www.berliner-zeitung.de\/images\/blz\/send-mail.svg\" alt=\"Send feedback\"\/><\/p>\n<p>Lesen Sie mehr zum Thema<\/p>\n","protected":false},"excerpt":{"rendered":"Den 2. November 2019 werden alle Fans des 1. FC Union Berlin niemals vergessen. Erst recht nicht diejenigen,&hellip;\n","protected":false},"author":2,"featured_media":1264176,"comment_status":"","ping_status":"","sticky":false,"template":"","format":"standard","meta":{"footnotes":"","_share_on_mastodon":"0"},"categories":[2],"tags":[297,331,3924,332,3922,3364,29,30,13,3140,14,3923,15,3921,122208,12,70548,5157,261223],"class_list":["post-1264175","post","type-post","status-publish","format-standard","has-post-thumbnail","category-deutschland","tag-1-fc-union-berlin","tag-aktuelle-nachrichten","tag-aktuelle-nachrichten-aus-deutschland","tag-aktuelle-news","tag-aktuelle-news-aus-deutschland","tag-de","tag-deutschland","tag-germany","tag-headlines","tag-hertha-bsc-berlin","tag-nachrichten","tag-nachrichten-aus-deutschland","tag-news","tag-news-aus-deutschland","tag-partizan-belgrad","tag-schlagzeilen","tag-sebastian-polter","tag-serbien","tag-sv-wilhelmshaven"],"share_on_mastodon":{"url":"https:\/\/pubeurope.com\/@de\/117168179444117524","error":""},"_links":{"self":[{"href":"https:\/\/www.europesays.com\/de\/wp-json\/wp\/v2\/posts\/1264175","targetHints":{"allow":["GET"]}}],"collection":[{"href":"https:\/\/www.europesays.com\/de\/wp-json\/wp\/v2\/posts"}],"about":[{"href":"https:\/\/www.europesays.com\/de\/wp-json\/wp\/v2\/types\/post"}],"author":[{"embeddable":true,"href":"https:\/\/www.europesays.com\/de\/wp-json\/wp\/v2\/users\/2"}],"replies":[{"embeddable":true,"href":"https:\/\/www.europesays.com\/de\/wp-json\/wp\/v2\/comments?post=1264175"}],"version-history":[{"count":0,"href":"https:\/\/www.europesays.com\/de\/wp-json\/wp\/v2\/posts\/1264175\/revisions"}],"wp:featuredmedia":[{"embeddable":true,"href":"https:\/\/www.europesays.com\/de\/wp-json\/wp\/v2\/media\/1264176"}],"wp:attachment":[{"href":"https:\/\/www.europesays.com\/de\/wp-json\/wp\/v2\/media?parent=1264175"}],"wp:term":[{"taxonomy":"category","embeddable":true,"href":"https:\/\/www.europesays.com\/de\/wp-json\/wp\/v2\/categories?post=1264175"},{"taxonomy":"post_tag","embeddable":true,"href":"https:\/\/www.europesays.com\/de\/wp-json\/wp\/v2\/tags?post=1264175"}],"curies":[{"name":"wp","href":"https:\/\/api.w.org\/{rel}","templated":true}]}}