{"id":1264192,"date":"2026-08-27T15:36:41","date_gmt":"2026-08-27T15:36:41","guid":{"rendered":"https:\/\/www.europesays.com\/de\/1264192\/"},"modified":"2026-08-27T15:36:41","modified_gmt":"2026-08-27T15:36:41","slug":"dresden-leipzig-chemnitz-die-schoensten-konzerte-im-september-2026-2","status":"publish","type":"post","link":"https:\/\/www.europesays.com\/de\/1264192\/","title":{"rendered":"Dresden, Leipzig, Chemnitz: Die sch\u00f6nsten Konzerte im September 2026"},"content":{"rendered":"<p>        <img decoding=\"async\" src=\"https:\/\/www.europesays.com\/de\/wp-content\/uploads\/2026\/08\/nichtseattle-106.webp\" alt=\"Eine junge Frau\" title=\"Katharina Kollmann ist Nichtseattle | Noel Richter\" class=\"responsive\"\/><\/p>\n<p>AUDIO: Diese Konzerte sollten Sie im September 2026 nicht verpassen (6 Min)<\/p>\n<p class=\"topline\">Tipps f\u00fcr Live-Musik<\/p>\n<p>\n                Stand: 27.08.2026 13:29 Uhr<\/p>\n<p class=\"preface\">Der September 2026 bietet in Sachsen zahlreiche Konzert-Highlights: Von Liedermacherin Dota in Dresden \u00fcber die Indie-K\u00fcnstlerin Nichtseattle beim Sound Of Bronkow-Festival und Psychedelic Rock von Motorpsycho in Leipzig bis zu Rapper Grim104, Pianist Lambert und Klez.E in Leipzig, Chemnitz und Dresden. Unsere handverlesenen Tipps f\u00fcr Konzerte werden regelm\u00e4\u00dfig aktualisiert, damit Ihnen kein Highlight entgeht.<\/p>\n<p class=\"textauthor\">von Juliane Streich und Cornelia Winkler, MDR KULTUR<\/p>\n<p>    The Notwist: Atmosph\u00e4risch, experimentell, einzigartig<\/p>\n<p class=\"\"><strong>F\u00fcr Kurzentschlossene: <\/strong>The Notwist z\u00e4hlen seit mehr als 30 Jahren zu den einflussreichsten Indie-Bands Deutschlands. Die Band um die Br\u00fcder Markus und Micha Acher aus Weilheim in Oberbayern schafft einen facettenreichen Breitwandsound, in dem melancholischer Pop, funkelnde Elektronik, hypnotischer Krautrock und schwebende Balladen zusammenflie\u00dfen. Dabei waren The Notwist in den Jahrzehnten immer experimentell und haben sich immer wieder neu definiert. Ihrer Musik erlauben sie, sich in immer neue, oft unerwartete Richtungen zu entwickeln \u2013 wie sie das auch bei Live-Auftritten tun. Im August sind sie mit ihrem neuen Album &#8222;News From Planet Zombie&#8220; auf Tour und machen auch Halt in der Dresdner Reithalle.<\/p>\n<p>\n            <strong>Video:<\/strong><br \/>\n            Musiker des Monats: The Notwist (1 Min)\n        <\/p>\n<p>                    Mehr Informationen zum Konzert<\/p>\n<p>Freitag, 28. August 2026, 20 Uhr<\/p>\n<p>Reithalle<br \/>Werner-Hartmann-Strasse 2<br \/>01099 Dresden<\/p>\n<p>    Die H\u00f6chste Eisenbahn: Indie-Pop f\u00fcr Kopf und Herz<\/p>\n<p class=\"\"><strong>F\u00fcr Kurzentschlossene: <\/strong>Sechs Jahre haben Fans der Indie-Pop-Band Die H\u00f6chste Eisenbahn auf neue Musik gewartet. Doch auf der faulen Haut lagen die vier Berliner w\u00e4hrend dieser Zeit nicht: Felix Weigt ist unter die Podcaster gegangen, Max Schr\u00f6der hat mit Olli Schulz Musik gemacht, Francesco Wilking mit der Crucchi Gang und Moritz Kr\u00e4mer hat mit &#8222;Die traurigen Hummer&#8220; ein neues Soloalbum ver\u00f6ffentlicht und mit &#8222;Die feige Sch\u00f6nheit&#8220; einen Film. Au\u00dferdem haben Wilking und Kr\u00e4mer das Indiepop-Supergroup-Bandprojekt Arthur &amp; Vanessa ins Leben gerufen. Im Winter 2025 haben die Vier wieder als H\u00f6chste Eisenbahn Fahrt aufgenommen. Das aktuelle Album tr\u00e4gt den Titel &#8222;Wenn wir uns wieder sehen schreien wir uns wieder an&#8220;. F\u00fcr Geschrei ist die Band mit ihrem melodievollen und poetischen Alltagsgeschichten eher weniger bekannt, das Wiedersehen ist dennoch wundersch\u00f6n \u2013 \u00fcberzeugen kann man sich davon beim Open-Air-Konzert in Leipzig.<\/p>\n<p>                    <a href=\"https:\/\/www.europesays.com\/de\/wp-content\/uploads\/2026\/07\/die-hoechste-eisenbahn-108.webp\" class=\"zoomimage\" title=\"Bild vergr\u00f6\u00dfern\"><\/p>\n<p>        <img decoding=\"async\" src=\"https:\/\/www.europesays.com\/de\/wp-content\/uploads\/2026\/07\/die-hoechste-eisenbahn-108.webp\" alt=\"Die Band Die h\u00f6chste Eisenbahn posiert vor einer gelben Wand\" title=\"Sind mit ihrem Album &quot;Wenn wir uns wieder sehen schreien wir uns wieder an&quot; open air im Clara-Zetkin-Park Leipzig zu erleben: Die H\u00f6chste Eisenbahn | Joachim Gern\" class=\"responsive\" loading=\"lazy\"\/><\/p>\n<p>                    <\/a><\/p>\n<p>                    Sind mit ihrem Album &#8222;Wenn wir uns wieder sehen schreien wir uns wieder an&#8220; open air im Clara-Zetkin-Park Leipzig zu erleben: Die H\u00f6chste Eisenbahn<\/p>\n<p>                    Mehr Informationen zum Konzert<\/p>\n<p>Freitag, 28. August 2026, 20 Uhr <\/p>\n<p>Parkb\u00fchne Geyserhaus<br \/>Kleiststra\u00dfe 52<br \/>04157 Leipzig<\/p>\n<p>    Young Rebel Set: Indie-Folk-Hymnen f\u00fcr die Seele<\/p>\n<p class=\"\"><strong>F\u00fcr Kurzentschlossene: <\/strong>Mit Young Rebel Set kehrt eine Band zur\u00fcck, die sich um die 2010er-Jahre mit ehrlichem Folk- und Heartland-Rock eine treue Fangemeinde erspielt hat. Die Briten aus Stockton-on-Tees stehen f\u00fcr gro\u00dfe Melodien, raue Emotionen und Songs voller Alltagspoesie. Ihr Deb\u00fctalbum &#8222;Curse Our Love&#8220; (2011) und Songs wie &#8222;If I was&#8220; oder &#8222;Lion&#8217;s Mouth&#8220; machte sie zu einer der spannendsten britischen Indie-Bands ihrer Generation. Nach der Aufl\u00f6sung 2015 und dem Tod von Frontmann Matthew Chipchase im Jahr 2019 schien die Geschichte der Band beendet. 2025 kehrte Young Rebel Set jedoch mit neuer Besetzung und neuer Musik auf die B\u00fchne zur\u00fcck \u2013 nicht als Nostalgieprojekt, sondern als Fortsetzung ihrer musikalischen Reise \u2013 live zu erleben im August in Leipzig und Dresden.<\/p>\n<p>                    <a href=\"https:\/\/www.europesays.com\/de\/wp-content\/uploads\/2026\/07\/young-rebel-set-100.webp\" class=\"zoomimage\" title=\"Bild vergr\u00f6\u00dfern\"><\/p>\n<p>        <img decoding=\"async\" src=\"https:\/\/www.europesays.com\/de\/wp-content\/uploads\/2026\/07\/young-rebel-set-100.webp\" alt=\"Schatten einer sechsk\u00f6pfigen Band im Gegenlicht\" title=\"Das wohl sch\u00f6nste Comeback f\u00fcr Indie-Fans der 2010er-Jahre: Young Rebel Set | Matthew Henderson-Newbury\" class=\"responsive\" loading=\"lazy\"\/><\/p>\n<p>                    <\/a><\/p>\n<p>                    Das wohl sch\u00f6nste Comeback f\u00fcr Indie-Fans der 2010er-Jahre: Young Rebel Set<\/p>\n<p>                    Mehr Informationen zum Konzert<\/p>\n<p>Donnerstag, 27. August 2026, 20 Uhr <\/p>\n<p>Beatpol<br \/>Altbriesnitz 2a<br \/>01157 Dresden<\/p>\n<p>Freitag, 28. August 2026, 20 Uhr <\/p>\n<p>Naumanns Tanzlokal<br \/>Karl Heine Str. 32<br \/>04229 Leipzig<\/p>\n<p class=\"\"><strong>Sie wollen Kulturtipps ganz bequem per Messenger aufs Handy bekommen? Wir haben da was: unseren kostenlosen <\/strong><a href=\"https:\/\/www.mdr.de\/kultur\/whatsapp-channel-kultur-erleben-100~splash.html\" title=\"MDR KULTUR bei WhatsApp: &quot;KULTUR erleben&quot;\" data-url=\"https:\/\/whatsapp.com\/channel\/0029VbB2BsjK0IBq8qHAw12R\" class=\"extlink-preface\" data-type=\"external\" rel=\"nofollow noopener\" target=\"_blank\"><strong>WhatsApp-Kanal &#8222;KULTUR erleben&#8220;<\/strong><\/a><strong>. Folgen Sie uns und erhalten Sie Geheimtipps f\u00fcr Konzerte, Empfehlungen f\u00fcr Ausstellungen, Ausflugsziele und mehr.<\/strong><\/p>\n<p>    Tocotronic feiern ihre &#8222;Golden Years&#8220;<\/p>\n<p class=\"\"><strong>F\u00fcr Kurzentschlossene: <\/strong>Tocotronic geh\u00f6ren zu den pr\u00e4genden Vertretern der Hamburger Schule, jener einflussreichen deutschen Indie-Bewegung der 90er-Jahre, die intelligente, oft gesellschaftskritische Texte mit Gitarrenrock verband. Die Hamburger Band um Dirk Lotzow schafft es, pers\u00f6nliche Erfahrungen, politische Haltung und eing\u00e4ngige Melodien zusammenzuf\u00fchren. Mit Songs wie &#8222;Pure Vernunft darf niemals siegen&#8220; oder &#8222;Ich m\u00f6chte Teil einer Jugendbewegung sein&#8220; haben sie den Sound und das Lebensgef\u00fchl mehrerer Generationen gepr\u00e4gt. Mit ihrer aktuellen Platte &#8222;Golden Years&#8220; mit Songs \u00fcber das Altern, die Angst vor dem Tod und das Wiederanfangen beweisen Tocotronic einmal mehr, warum sie zu den pr\u00e4gendsten deutschsprachigen Rockbands der vergangenen drei Jahrzehnte z\u00e4hlen. Damit ist das Trio open Air in Dresden im Tante Ju zu Gast. Auf einige Klassiker und Mitsing-Parolen kann man sich hier aber sicher auch wieder freuen.<\/p>\n<p>                    <a href=\"https:\/\/www.europesays.com\/de\/wp-content\/uploads\/2026\/07\/tocotronic-150.webp\" class=\"zoomimage\" title=\"Bild vergr\u00f6\u00dfern\"><\/p>\n<p>        <img decoding=\"async\" src=\"https:\/\/www.europesays.com\/de\/wp-content\/uploads\/2026\/07\/tocotronic-150.webp\" alt=\"Dirk von Lowtzow mit Gitarre auf der B\u00fchne, die Arme in die Luft gerissen. Im Hintergrund ein Banner mit der Aufschrift Golden Years\" title=\"Feiern in Dresden beim Open Air im Tante Ju ihre &quot;Golden Years&quot;: Tocotronic |  IMAGO \/ Votos-Roland Owsnitzki\" class=\"responsive\" loading=\"lazy\"\/><\/p>\n<p>                    <\/a><\/p>\n<p>                    Feiern in Dresden beim Open Air im Tante Ju ihre &#8222;Golden Years&#8220;: Tocotronic<\/p>\n<p>                    Mehr Informationen zum Konzert<\/p>\n<p>Freitag, 28. August 2026, 20 Uhr <\/p>\n<p>Tante JU &#8211; Open Air<br \/>An der Schleife 1<br \/>01099 Dresden<\/p>\n<p>    Liedermacherin mit Haltung: Dota<\/p>\n<p class=\"\"><a href=\"https:\/\/www.mdr.de\/kultur\/musik\/rudolstadt-festival-weltmusikpreis-ruth-,dota-kehr-124.html\" title=\"Ruth-Preis 2026 f\u00fcr Dota Kehr: 5 Gr\u00fcnde f\u00fcr ihre ungew\u00f6hnlich poetischen Songs\" rel=\"nofollow noopener\" target=\"_blank\">Dota<\/a> hat ein neues Album. &#8222;Springbrunnen&#8220; hei\u00dft es und das Sch\u00f6ne ist: Es k\u00f6nnte genauso die erste Dota-Platte ever sein. Man vermisst nichts, was man an Dota mag, aber die Musik ist noch minimalistischer, noch kontrastreicher. Die Texte gehen noch direkter ins Herz der Finsternis, sind noch hingebungsvoller suchend, auch im Unklaren noch klarer. Seit \u00fcber 20 Jahren macht sie schon Musik, anfangs noch Stra\u00dfenmusik als Kleingeldprinzessin und mit den Stadtpiraten, inzwischen hei\u00dft ihre Band so wie der Spitzname der S\u00e4ngerin Dorothea Kehr: Dota. Dabei ist sich die Berliner Liedermacherin stets treu geblieben. Gemeinsam mit ihrer Band sucht sie den Dialog und konfrontiert sich auch gerne mit der eigenen Ratlosigkeit, nimmt sich selbst auf die Schippe und vor allem bei all der Ernsthaftigkeit niemals zu ernst.<\/p>\n<p>                    <a href=\"https:\/\/www.europesays.com\/de\/wp-content\/uploads\/2026\/08\/roots-folk-festival-dota-kehr-100.webp\" class=\"zoomimage\" title=\"Bild vergr\u00f6\u00dfern\"><\/p>\n<p>        <img decoding=\"async\" src=\"https:\/\/www.europesays.com\/de\/wp-content\/uploads\/2026\/08\/roots-folk-festival-dota-kehr-100.webp\" alt=\"S\u00e4ngerin und Liedermacherin Dota Kehr mit Gitarre hinter einem Mikrofon\" title=\"S\u00e4ngerin und Liedermacherin Dota spielt am 5. September auf dem Konzertplatz Wei\u00dfer Hirsch in Dresden.  | picture alliance\/dpa\/dpa-Zentralbild | Patrick Pleul\" class=\"responsive\" loading=\"lazy\"\/><\/p>\n<p>                    <\/a><\/p>\n<p>                    S\u00e4ngerin und Liedermacherin Dota spielt am 5. September auf dem Konzertplatz Wei\u00dfer Hirsch in Dresden. <\/p>\n<p>                    Mehr Informationen zum Konzert<\/p>\n<p>Samstag, 5. September 20266, 19.30 Uhr<\/p>\n<p>Konzertplatz Wei\u00dfer Hirsch<br \/>Stechgrundstra\u00dfe \/ hinter dem Parkhotel <br \/>01324 Dresden<\/p>\n<p>        <img decoding=\"async\" src=\"https:\/\/www.europesays.com\/de\/wp-content\/uploads\/2026\/08\/dota-164.webp\" alt=\"Die Musikerinnen Dota Kehr und Wencke Wollny im MDR Kultur Studio beim Rudolstadt Festival\" title=\"Die Musikerinnen Dota Kehr und Wencke Wollny im MDR Kultur Studio beim Rudolstadt Festival | Hendryk Proske\" class=\"responsive\" loading=\"lazy\"\/><\/p>\n<p>        <img decoding=\"async\" src=\"https:\/\/www.europesays.com\/de\/wp-content\/uploads\/2026\/08\/dota-kehr-110.webp\" alt=\"Eine Frau mit blonden langen Haaren mit Gitarre in der Hand singt l\u00e4chelnd auf einer erleuchteten B\u00fchne\" title=\"Eine Frau mit blonden langen Haaren mit Gitarre in der Hand singt l\u00e4chelnd auf einer erleuchteten B\u00fchne | IMAGO \/ opokupix\" class=\"responsive\" loading=\"lazy\"\/><\/p>\n<p>Ruth-Preistr\u00e4gerin<\/p>\n<p>Beim Rudolstadt Festival 2026 erh\u00e4lt Musikerin Dota Kehr f\u00fcr ihre Vertonungen der Gedichte von Mascha Kal\u00e9ko den Weltmusikpreis Ruth. F\u00fcnf Gr\u00fcnde, die poetischen und eindringlichen Songs der Liedermacherin zu entdecken.<\/p>\n<p>    Spannende Indiegitarrensongs: Nichtseattle<\/p>\n<p class=\"\">Der K\u00fcnstlername von Katharina Kollmann macht schon klar, wo man sie verorten kann: In der deutschen Indie-Gitarren-Landschaft \u2013 schlie\u00dflich zitiert sie mit &#8222;Nichtseattle&#8220; einen alten Tocotronic-Song. Aber trotz E-Gitarre und deutschen Texten klingt die Ost-Berlinerin ganz anders als die herk\u00f6mmlichen Indiebands. Ihre Songs sind selten wie Hit-Singles aufgebaut \u2013 manche sind fast acht Minuten lang, aber voller Spannungsb\u00f6gen: Meditativ stimmt sie ihre Bariton-Gitarren-Riffs an und spielt sich dann doch in Rage, um danach wieder ganz ruhig zu werden. In ihren Texten betreibt sie Milieustudien, die wie Alltagsbeobachtungen klingen. Beim The Sound of Bronow-Festival, auf dem unter anderem auch Digger Barnes, Jungst\u00f6tter und Das Paradies spielen, wird sie ihr neues Album &#8222;Gro\u00dfe Liebe&#8220; vorstellen.<\/p>\n<p>                    <a href=\"https:\/\/www.europesays.com\/de\/wp-content\/uploads\/2026\/08\/nichtseattle-112.webp\" class=\"zoomimage\" title=\"Bild vergr\u00f6\u00dfern\"><\/p>\n<p>        <img decoding=\"async\" src=\"https:\/\/www.europesays.com\/de\/wp-content\/uploads\/2026\/08\/nichtseattle-112.webp\" alt=\"Eine junge Frau\" title=\"Katharina Kollmann ist Nichtseattle und eines unserer Konzert-Highlights im September. | Noel Richter\" class=\"responsive\" loading=\"lazy\"\/><\/p>\n<p>                    <\/a><\/p>\n<p>                    Katharina Kollmann ist Nichtseattle und eines unserer Konzert-Highlights im September.<\/p>\n<p>                    Mehr Informationen zum Konzert<\/p>\n<p>The Sound Of Bronkow<\/p>\n<p>4. bis 6. September 2026<br \/>Societaetstheater<br \/>An der Dreik\u00f6nisgkirche 1a<br \/>01097 Dresden<\/p>\n<p>Nichtseattle spielt am Sonntag, 6. September.<\/p>\n<p>        <img decoding=\"async\" src=\"https:\/\/www.europesays.com\/de\/wp-content\/uploads\/2026\/08\/nichtseattle-106.webp\" alt=\"Eine junge Frau\" title=\"Eine junge Frau | Noel Richter\" class=\"responsive\" loading=\"lazy\"\/><\/p>\n<p>    Psychedelic Rock ohne Genregrenzen: Motorpsycho<\/p>\n<p class=\"\">&#8222;Wir scheren uns nicht um Musikstile&#8220;, sagt die Band Motorpsycho und das h\u00f6rt man ihrer Musik auch an. Laut Bassist Bent S\u00e6ther spielen sie Hardrock mit einem psychedelischem Dreh. Aber auch mal Jazz und etwas Folk. Selbst Country m\u00f6chte man nicht ausschlie\u00dfen. Und der Hardrock sei nicht klassisch, sondern dem Sound der sp\u00e4ten 60er-, fr\u00fchen 70er-Jahre verpflichtet. Andere nennen es Psychedelic Rock. Wor\u00fcber sich aber alle einig sind: Die Norweger sind eine fantastische Live-Band, deren Konzerte von der Intensit\u00e4t als auch von der L\u00e4nge her den \u00fcblichen Rahmen sprengen, wie man auch im Conne Island in Leipzig merken wird.<\/p>\n<p>                    <a href=\"https:\/\/www.europesays.com\/de\/wp-content\/uploads\/2026\/08\/motorpsycho-104.webp\" class=\"zoomimage\" title=\"Bild vergr\u00f6\u00dfern\"><\/p>\n<p>        <img decoding=\"async\" src=\"https:\/\/www.europesays.com\/de\/wp-content\/uploads\/2026\/08\/motorpsycho-104.webp\" alt=\"Motorpsycho: EIn b\u00e4rtiger Mann mit Gitarre\" title=\"Motorpsycho aus Norwegen | IMAGO\/Gonzales Photo\" class=\"responsive\" loading=\"lazy\"\/><\/p>\n<p>                    <\/a><\/p>\n<p>                    Motorpsycho aus Norwegen<\/p>\n<p>                    Mehr Informationen zum Konzert<\/p>\n<p>Donnerstag, 10. September 2026, 20 Uhr<\/p>\n<p>Conne Island<br \/>Koburger Str. 3<br \/>04277 Leipzig<\/p>\n<p>    Indie-Sounds f\u00fcr eine Welt im Umbruch: Culk<\/p>\n<p class=\"\">Culk z\u00e4hlen zu den spannendsten Acts der deutschsprachigen Indie-Szene. Die Wiener Band klingt ein bisschen so wie die coolen Bands der New Yorker Underground-Szene der 80er-Jahre, also nach einer Welt zwischen L\u00e4rm, Kunst und radikalem Ausdruck. S\u00e4ngerin Sophie L\u00f6w hat daf\u00fcr de passende Stimme, mit der sie \u00fcber Existenz- und Zukunfts\u00e4ngste, Sinnsuche und Identit\u00e4tsfragen singt, in Songs mit so sch\u00f6nen Titeln wie &#8222;wei\u00df nur wer ich nicht bin&#8220; oder &#8222;kaputte speaker&#8220;. In Jena stellen Culk ihr viertes Album &#8222;Smogstar&#8220; vor. Ein Album f\u00fcr den Schwebezustand zwischen Euphorie und \u00dcberforderung, das die passenden Shoegaze- und Postpunk-Sounds f\u00fcr eine Welt im Umbruch liefert.<\/p>\n<p>                    <a href=\"https:\/\/www.europesays.com\/de\/wp-content\/uploads\/2026\/08\/culk-102.webp\" class=\"zoomimage\" title=\"Bild vergr\u00f6\u00dfern\"><\/p>\n<p>        <img decoding=\"async\" src=\"https:\/\/www.europesays.com\/de\/wp-content\/uploads\/2026\/08\/culk-102.webp\" alt=\"Die Band Culk\" title=\"Culk aus Wien sind am 11. September im Conne Island in Leipzig live zu erleben. | Sophie Loew\" class=\"responsive\" loading=\"lazy\"\/><\/p>\n<p>                    <\/a><\/p>\n<p>                    Culk aus Wien sind am 11. September im Conne Island in Leipzig live zu erleben.<\/p>\n<p>                    Mehr Informationen zum Konzert<\/p>\n<p>Freitag, 11. September 2026, 20 Uhr<\/p>\n<p>Conne Island<br \/>Koburger Stra\u00dfe 3<br \/>04277 Leipzig<\/p>\n<p>    Rap mit Wut und Ekstase: Grim104<\/p>\n<p class=\"\">Ber\u00fchmt und ber\u00fcchtigt wurde Grim104 als Teil des Duos Zugezogen Maskulin, wo er zusammen mit <a href=\"https:\/\/www.mdr.de\/kultur\/staffel-drei-manosphere-,podcast-springerstiefel-dritte-staffel-tipp-100.html\" title=\"&quot;Alpha oder Opfer?&quot;: 5 Gr\u00fcnde, die dritte Staffel des Podcasts &quot;Springerstiefel&quot; zu h\u00f6ren\" rel=\"nofollow noopener\" target=\"_blank\">Hendrik Bolz<\/a> gesellschaftskritische Songs zum Abgehen rappte. Nun ist er solo unterwegs und sein neues Album &#8222;No Country For Old Grim&#8220; ist eine irrwitzige, finstere Collage aus all dem Wahnsinn, der in den letzten Jahren sowohl das Weltgeschehen als auch unser pers\u00f6nliches Empfinden beeinflusst hat. Dabei gibt Grim104 dem immer st\u00e4rker werdenden Gef\u00fchl von politischer und wirtschaftlicher Unsicherheit den passenden, w\u00fctenden Soundtrack. Wut und Ekstase pr\u00e4gen auch seine rohen Live-Shows, in der immer wieder melancholische und irrwitzige Lichter aufblitzen. Ein wilder Tanz auf Messers Schneide!<\/p>\n<p>                    <a href=\"https:\/\/www.europesays.com\/de\/wp-content\/uploads\/2026\/08\/grim-100.webp\" class=\"zoomimage\" title=\"Bild vergr\u00f6\u00dfern\"><\/p>\n<p>        <img decoding=\"async\" src=\"https:\/\/www.europesays.com\/de\/wp-content\/uploads\/2026\/08\/grim-100.webp\" alt=\"Rapper Grim104\" title=\"Grim104 kommt f\u00fcr ein Konzert in die Scheune Dresden. | IMAGO \/ Funke Foto Services | J\u00f6rg Carstensen\" class=\"responsive\" loading=\"lazy\"\/><\/p>\n<p>                    <\/a><\/p>\n<p>                    Grim104 kommt f\u00fcr ein Konzert in die Scheune Dresden.<\/p>\n<p>                    Mehr Informationen zum Konzert<\/p>\n<p>Sonntag, 20. September 2026, 20 Uhr<\/p>\n<p>Scheune<br \/>Alaunstra\u00dfe 36 \u2013 40<br \/>01099 Dresden<\/p>\n<p>    Neoklassik mit Maske: Lambert<\/p>\n<p class=\"\">Lambert wurde 2014 dadurch bekannt, dass er auf Youtube mit einer geh\u00f6rnten Maske coole Indiesongs wundersch\u00f6n auf dem Klavier interpretierte. Die Maske \u2013 \u00fcbrigens keine Antilope, sondern eine sardische Stiermaske \u2013 ist geblieben, das Wundersch\u00f6ne auch. Doch der in Berlin lebende K\u00fcnstler, der sein Gesicht, seinen Namen und weitere Infos nicht preisgeben will, hat sich seitdem weiterentwickelt. Inzwischen spielt er in einem Trio und Jazz, moderne Klassik und elektronische Elemente. Nun ist sein neuntes Studioalbum erschienen: &#8222;I Am Not Lambert&#8220; ist sein erstes Album mit Gesangsparts, also mit richtigen Songs, wenn man so will. Vielleicht nimmt er sogar die Maske ab.<\/p>\n<p>                    <a href=\"https:\/\/www.europesays.com\/de\/wp-content\/uploads\/2026\/08\/lambert-102.webp\" class=\"zoomimage\" title=\"Bild vergr\u00f6\u00dfern\"><\/p>\n<p>        <img decoding=\"async\" src=\"https:\/\/www.europesays.com\/de\/wp-content\/uploads\/2026\/08\/lambert-102.webp\" alt=\"Ein Mann mit Maske am Klavier\" title=\"Lambert ist im September bei Konzerten in Leipzig und Dresden zu erleben. | IMAGO \/ Martin M\u00fcller\" class=\"responsive\" loading=\"lazy\"\/><\/p>\n<p>                    <\/a><\/p>\n<p>                    Lambert ist im September bei Konzerten in Leipzig und Dresden zu erleben.<\/p>\n<p>                    Mehr Informationen zu den Konzerten<\/p>\n<p>Sonntag, 20. September 2026, 20 Uhr<\/p>\n<p>UT Connewitz<br \/>Wolfgang-Heinze-Stra\u00dfe 12a<br \/>04277 Leipzig<\/p>\n<p>Dienstag, 29. September 2026, 20:15 Uhr<br \/>Die Tonne im Kurl\u00e4nder Palais<br \/>Tzschirnerplatz 3-5<br \/>01067 Dresden<\/p>\n<p>    Gemeinsam gegen die Furcht: Klez.E<\/p>\n<p class=\"\">Wer sich gerade die Frage stellt: &#8222;Was tun, wenn alles zusammenbricht?&#8220;, der oder dem sei ein Konzert von Klez.E empfohlen. Denn die Indie-Band aus Berlin hat eine gute Antwort darauf gefunden: n\u00e4her zusammenr\u00fccken \u2013 gemeinsam gegen die Angst. Nicht umsonst hei\u00df ihr neues, sechstes Album auch &#8222;Einmal mehr mit Dir gegen die Furcht&#8220;. Ein schmerzhaftes, sch\u00f6nes, pers\u00f6nliches Album voller &#8222;Melancholia&#8220;. Und dass Klez.E schon mal als deutsche The Cure bezeichnet wurden, passt nicht nur, weil eines ihrer Alben &#8222;Desintegration&#8220; hie\u00df, sondern weil Tobias Siebert und seine Band der Dunkelheit \u00e4hnlich sch\u00f6ne Musik abgewinnen k\u00f6nnen wie Robert Smith.<\/p>\n<p>                    <a href=\"https:\/\/www.europesays.com\/de\/wp-content\/uploads\/2026\/08\/kleze-104.webp\" class=\"zoomimage\" title=\"Bild vergr\u00f6\u00dfern\"><\/p>\n<p>        <img decoding=\"async\" src=\"https:\/\/www.europesays.com\/de\/wp-content\/uploads\/2026\/08\/kleze-104.webp\" alt=\"Ein Mann mit Gitarre\" title=\"Tobias Siebert ist der S\u00e4nger von Klez.E | imago images\/POP-EYE\" class=\"responsive\" loading=\"lazy\"\/><\/p>\n<p>                    <\/a><\/p>\n<p>                    Tobias Siebert ist der S\u00e4nger von Klez.E<\/p>\n<p>                    Mehr Informationen zu den Konzerten<\/p>\n<p>Dienstag, 22. September, 20 Uhr<br \/>Moritzbastei <br \/>Kurt-Masur-Platz 1<br \/>04109 Leipzig<\/p>\n<p>Samstag, 26. September 2026, 20 Uhr<br \/>Weltecho<br \/>Annaberger Str. 24<br \/>09111 Chemnitz<\/p>\n<p>Dienstag, 29. September 2026, 20 Uhr<br \/>OstPol<br \/>K\u00f6nigsbr\u00fccker Stra\u00dfe 47<br \/>01099 Dresden<\/p>\n<p>Mehr Musik und Konzerte entdecken<\/p>\n<p>        <img decoding=\"async\" src=\"https:\/\/www.europesays.com\/de\/wp-content\/uploads\/2026\/08\/highfield-170.webp\" alt=\"Publikum vor der Green Stage beim Highfield Festival am Freitag, St\u00f6rmthaler See\" title=\"Publikum vor der Green Stage beim Highfield Festival am Freitag, St\u00f6rmthaler See | picture alliance \/ PIC ONE | Ben Kriemann\" class=\"responsive\" loading=\"lazy\"\/><\/p>\n<p>        <img decoding=\"async\" src=\"https:\/\/www.europesays.com\/de\/wp-content\/uploads\/2026\/08\/urlaub-ddr-108.webp\" alt=\"Menschen geniessen ihren Urlaub am Strand der Ostsee.\" title=\"Menschen geniessen ihren Urlaub am Strand der Ostsee. | IMAGO \/ Frank Sorge\" class=\"responsive\" loading=\"lazy\"\/><\/p>\n<p>        <img decoding=\"async\" src=\"https:\/\/www.europesays.com\/de\/wp-content\/uploads\/2026\/06\/stefanie-kloss-104.webp\" alt=\"Stefanie Klo\u00df\" title=\"Stefanie Klo\u00df | IMAGO \/ Future Image\" class=\"responsive\" loading=\"lazy\"\/><\/p>\n<p>        <img decoding=\"async\" src=\"https:\/\/www.europesays.com\/de\/wp-content\/uploads\/2026\/06\/vinyl-102.webp\" alt=\"Nirvana Schallplatten\" title=\"Nirvana Schallplatten | imago\/Kraft\" class=\"responsive\" loading=\"lazy\"\/><\/p>\n","protected":false},"excerpt":{"rendered":"AUDIO: Diese Konzerte sollten Sie im September 2026 nicht verpassen (6 Min) Tipps f\u00fcr Live-Musik Stand: 27.08.2026 13:29&hellip;\n","protected":false},"author":2,"featured_media":1264193,"comment_status":"","ping_status":"","sticky":false,"template":"","format":"standard","meta":{"footnotes":"","_share_on_mastodon":"0"},"categories":[1835],"tags":[2770,3364,29,2386,30,1310,71,68300,810,1703,546,859,16965,1467],"class_list":["post-1264192","post","type-post","status-publish","format-standard","has-post-thumbnail","category-dresden","tag-chemnitz","tag-de","tag-deutschland","tag-dresden","tag-germany","tag-konzert","tag-leipzig","tag-live-musik","tag-musik","tag-pop","tag-rock","tag-sachsen","tag-singer-songwriter","tag-tipps"],"share_on_mastodon":{"url":"https:\/\/pubeurope.com\/@de\/117168220487610259","error":""},"_links":{"self":[{"href":"https:\/\/www.europesays.com\/de\/wp-json\/wp\/v2\/posts\/1264192","targetHints":{"allow":["GET"]}}],"collection":[{"href":"https:\/\/www.europesays.com\/de\/wp-json\/wp\/v2\/posts"}],"about":[{"href":"https:\/\/www.europesays.com\/de\/wp-json\/wp\/v2\/types\/post"}],"author":[{"embeddable":true,"href":"https:\/\/www.europesays.com\/de\/wp-json\/wp\/v2\/users\/2"}],"replies":[{"embeddable":true,"href":"https:\/\/www.europesays.com\/de\/wp-json\/wp\/v2\/comments?post=1264192"}],"version-history":[{"count":0,"href":"https:\/\/www.europesays.com\/de\/wp-json\/wp\/v2\/posts\/1264192\/revisions"}],"wp:featuredmedia":[{"embeddable":true,"href":"https:\/\/www.europesays.com\/de\/wp-json\/wp\/v2\/media\/1264193"}],"wp:attachment":[{"href":"https:\/\/www.europesays.com\/de\/wp-json\/wp\/v2\/media?parent=1264192"}],"wp:term":[{"taxonomy":"category","embeddable":true,"href":"https:\/\/www.europesays.com\/de\/wp-json\/wp\/v2\/categories?post=1264192"},{"taxonomy":"post_tag","embeddable":true,"href":"https:\/\/www.europesays.com\/de\/wp-json\/wp\/v2\/tags?post=1264192"}],"curies":[{"name":"wp","href":"https:\/\/api.w.org\/{rel}","templated":true}]}}