{"id":1264204,"date":"2026-08-27T15:45:22","date_gmt":"2026-08-27T15:45:22","guid":{"rendered":"https:\/\/www.europesays.com\/de\/1264204\/"},"modified":"2026-08-27T15:45:22","modified_gmt":"2026-08-27T15:45:22","slug":"dortmund-kind-1-faellt-aus-fenster-mutter-springt-hinterher-regional","status":"publish","type":"post","link":"https:\/\/www.europesays.com\/de\/1264204\/","title":{"rendered":"Dortmund: Kind (1) f\u00e4llt aus Fenster\u00a0\u2013 Mutter springt hinterher | Regional"},"content":{"rendered":"<p><a class=\"skip-content skip-content--link\" href=\"#in-content-skip-link-target-v-0-0\">TTS-Player \u00fcberspringen\u21b5<\/a><a id=\"in-content-skip-link-target-v-0-0\" class=\"skip-content--target-link-hidden skip-content skip-content--target-link\" href=\"#in-content-skip-link-target-v-0-0\">Artikel weiterlesen<\/a><\/p>\n<p data-780e759e=\"0-1157\">Dortmund (Nordrhein-Westfalen) \u2013 <b>Ein Junge (1) kletterte am Vormittag unbemerkt auf ein Fensterbrett im ersten Obergeschoss eines Mehrfamilienhauses \u2013 und st\u00fcrzte in die Tiefe. Als die Mutter das Ungl\u00fcck bemerkte, sprang sie ihrem Kind hinterher. Beide kamen in eine Klinik, das Kleinkind wurde schwer verletzt.<\/b><\/p>\n<p data-780e759e=\"0-1157\">Zu dem dramatischen Unfall in der Nordstadt von <a href=\"https:\/\/www.bild.de\/regional\/dortmund\/home-tEfE9FBcspDqbA9qV8Aj\" class=\"text-link\" rel=\"nofollow noopener\" target=\"_blank\">Dortmund<\/a> kam es gegen 09.30 Uhr, wie die Feuerwehr best\u00e4tigte. Beide st\u00fcrzten auf den B\u00fcrgersteig vor dem Mehrfamilienhaus in der Mallinckrodtstra\u00dfe. Die Mutter kam mit leichten Verletzungen davon. <\/p>\n<p><img decoding=\"async\" width=\"992\" height=\"558\" alt=\"Das Kind durchbrach offenbar ein Fliegengitter\" loading=\"lazy\" src=\"https:\/\/www.europesays.com\/de\/wp-content\/uploads\/2026\/08\/dd383230e4e2828f5db43f7bffccc003,1d55b52f.jpeg\"   class=\"landscape\"\/><\/p>\n<p class=\"fig__caption__text\">Das Kind durchbrach offenbar ein Fliegengitter<\/p>\n<p>Foto: news4 Video-Line<\/p>\n<p data-780e759e=\"0-1157\">Das Kleinkind wurde allerdings schwer verletzt. Rettungskr\u00e4fte behandelten den Jungen vor Ort und brachten ihn im Anschluss ins Krankenhaus. Laut Polizei soll der Eineinhalbj\u00e4hrige nicht in Lebensgefahr schweben.<\/p>\n<p>Viele Angeh\u00f6rige versammelten sich vor Ort<\/p>\n<p data-780e759e=\"0-1157\">Die Polizei geht von einem <a href=\"https:\/\/www.bild.de\/news\/aktuelles\/verkehrsunfall\/verkehrsunfaelle-alle-infos-76680804.bild.html\" class=\"text-link\" rel=\"nofollow noopener\" target=\"_blank\">Unfall<\/a> aus. Wie das Kind unbemerkt auf das Fensterbrett kam, ist noch unklar. Vor dem Haus versammelten sich viele aufgel\u00f6ste Familienangeh\u00f6rige, berichtete ein Polizeisprecher. Die Feuerwehr betreute sie seelsorgerisch. Um die Lage zu beruhigen, sperrte die Polizei zeitweise die Stra\u00dfe vor dem Haus ab.<\/p>\n","protected":false},"excerpt":{"rendered":"TTS-Player \u00fcberspringen\u21b5Artikel weiterlesen Dortmund (Nordrhein-Westfalen) \u2013 Ein Junge (1) kletterte am Vormittag unbemerkt auf ein Fensterbrett im ersten&hellip;\n","protected":false},"author":2,"featured_media":1264205,"comment_status":"","ping_status":"","sticky":false,"template":"","format":"standard","meta":{"footnotes":"","_share_on_mastodon":"0"},"categories":[1833],"tags":[3364,29,217,985,30,1114,1209,121,17692,138370,2624],"class_list":["post-1264204","post","type-post","status-publish","format-standard","has-post-thumbnail","category-dortmund","tag-de","tag-deutschland","tag-dortmund","tag-feuerwehr","tag-germany","tag-kinder","tag-nordrhein-westfalen","tag-polizei","tag-sturz","tag-team-first","tag-unfaelle"],"share_on_mastodon":{"url":"https:\/\/pubeurope.com\/@de\/117168252722066367","error":""},"_links":{"self":[{"href":"https:\/\/www.europesays.com\/de\/wp-json\/wp\/v2\/posts\/1264204","targetHints":{"allow":["GET"]}}],"collection":[{"href":"https:\/\/www.europesays.com\/de\/wp-json\/wp\/v2\/posts"}],"about":[{"href":"https:\/\/www.europesays.com\/de\/wp-json\/wp\/v2\/types\/post"}],"author":[{"embeddable":true,"href":"https:\/\/www.europesays.com\/de\/wp-json\/wp\/v2\/users\/2"}],"replies":[{"embeddable":true,"href":"https:\/\/www.europesays.com\/de\/wp-json\/wp\/v2\/comments?post=1264204"}],"version-history":[{"count":0,"href":"https:\/\/www.europesays.com\/de\/wp-json\/wp\/v2\/posts\/1264204\/revisions"}],"wp:featuredmedia":[{"embeddable":true,"href":"https:\/\/www.europesays.com\/de\/wp-json\/wp\/v2\/media\/1264205"}],"wp:attachment":[{"href":"https:\/\/www.europesays.com\/de\/wp-json\/wp\/v2\/media?parent=1264204"}],"wp:term":[{"taxonomy":"category","embeddable":true,"href":"https:\/\/www.europesays.com\/de\/wp-json\/wp\/v2\/categories?post=1264204"},{"taxonomy":"post_tag","embeddable":true,"href":"https:\/\/www.europesays.com\/de\/wp-json\/wp\/v2\/tags?post=1264204"}],"curies":[{"name":"wp","href":"https:\/\/api.w.org\/{rel}","templated":true}]}}