{"id":1264227,"date":"2026-08-27T15:59:17","date_gmt":"2026-08-27T15:59:17","guid":{"rendered":"https:\/\/www.europesays.com\/de\/1264227\/"},"modified":"2026-08-27T15:59:17","modified_gmt":"2026-08-27T15:59:17","slug":"nachbarstreit-um-baeume-prozess-mit-uli-hoeness-in-muenchen","status":"publish","type":"post","link":"https:\/\/www.europesays.com\/de\/1264227\/","title":{"rendered":"Nachbarstreit um B\u00e4ume: Prozess mit Uli Hoene\u00df in M\u00fcnchen"},"content":{"rendered":"<p>Die Pflanzung von zwei B\u00e4umen auf seinem Grundst\u00fcck in Bad Wiessee hat dem Ehrenpr\u00e4sidenten des FC Bayern, Uli Hoene\u00df, jetzt einen Gerichtstermin eingebracht. Seine Nachbarn hatten Klage eingereicht.<\/p>\n<p>Die beiden Linden, um die es geht, hatten <a href=\"https:\/\/www.br.de\/nachrichten\/sport\/fc-bayern-fussball-stars-melden-sich-nach-diagnose-von-jamal-musiala-darunter-jude-bellingham,VSg7jcb\" rel=\"nofollow noopener\" target=\"_blank\">Uli Hoene\u00df <\/a>und seine Frau Susi im Mai neben drei anderen B\u00e4umen einpflanzen lassen, die dort schon seit 20 Jahren stehen und Schatten f\u00fcr die Schafe eines Landwirts spenden, wie sie betonen. Einer der alten B\u00e4ume muss wegen Sch\u00e4den gef\u00e4llt werden, ein weiterer ist schon weg. Die Linden sollen der Ersatz sein. Dar\u00fcber habe man das Ehepaar im Nachbarhaus auch schon im Februar informiert.<\/p>\n<p>Grunddienstbarkeit soll B\u00e4ume verbieten<\/p>\n<p>Die fr\u00fcheren, mittlerweile verstorbenen Nachbarn &#8211; laut Hoene\u00df &#8222;tolle Leute &#8211; h\u00e4tten nie ein Problem mit der Bepflanzung an dieser Stelle gehabt. Auch die Nachkommen &#8211; der Sohn und die Schwiegertochter \u2013 h\u00e4tten all die Jahre nie etwas gegen die B\u00e4ume gesagt, so der FCB-Ehrenpr\u00e4sident.<\/p>\n<p>Nun berufen sich die jetzigen Nachbarn aber auf eine sogenannte Grunddienstbarkeit aus dem Jahr 1975. Demnach darf Hoene\u00df die Fl\u00e4che, auf der jetzt B\u00e4ume eingesetzt wurden, weder bebauen noch bepflanzen. Es h\u00e4tten dort also auch fr\u00fcher schon keine B\u00e4ume stehen d\u00fcrfen.   <\/p>\n<p>Nachbarn f\u00fcrchten um Immobilienwert<\/p>\n<p>Diese w\u00fcrden auch den Wert der Immobilie beeintr\u00e4chtigen, erkl\u00e4rten die Kl\u00e4ger \u00fcber ihren Anwalt. Ohne B\u00e4ume w\u00e4re es schlie\u00dflich ein &#8222;Anwesen mit unverbaubarem Blick\u201c auf den <a href=\"https:\/\/www.br.de\/nachrichten\/bayern\/historisches-ausflugsschiff-verrottet-weiter-im-tegernsee,VSHJNXT\" rel=\"nofollow noopener\" target=\"_blank\">Tegernsee.<\/a> Die Sichtachse und die Grunddienstbarkeit stellten einen Verm\u00f6genswert dar. Hoene\u00df und sein Anwalt bezweifeln allerdings, dass die B\u00e4ume tats\u00e4chlich auf der von der Grunddienstbarkeit erfassten Fl\u00e4che stehen.<\/p>\n<p>Uli Hoene\u00df vermutet Schikane<\/p>\n<p>Auch sonst reagierte Hoene\u00df vor Gericht sichtlich erbost. Die Argumente der Nachbarn seien &#8222;totaler Bl\u00f6dsinn\u201c, so der 74-J\u00e4hrige. Die B\u00e4ume w\u00fcrden ihnen den Blick auch keineswegs versperren: &#8222;Den Blick auf den Tegernsee gibt es nicht.&#8220; Den verhindere ein Wall, &#8222;der ist nicht durchsichtig\u201c. Er vermutet &#8222;Schikane\u201c.<\/p>\n<p>Die Nachbarn beteuerten \u00fcber ihren Anwalt dagegen, dass sie dem Ehepaar Hoene\u00df nicht das Leben schwermachen oder &#8222;k\u00fcnstlichen \u00c4rger&#8220; verursachen wollten. Sie vermuten ihrerseits, dass Uli und Susi Hoene\u00df mit den B\u00e4umen nur den Blick von au\u00dfen auf ihre Terrasse verhindern wollten, was diese wiederum entschieden zur\u00fcckwiesen.   <\/p>\n<p>G\u00fctliche Einigung gescheitert<\/p>\n<p>Vergeblich bem\u00fchte sich die Richterin um eine g\u00fctliche Einigung in dem Zivilverfahren. Verschiedene Varianten wurden diskutiert. Mal war von einer Versetzung der B\u00e4ume um 15 Meter, dann wieder von der Beseitigung zumindest eines Jungbaums oder der Wahl einer anderen Baumart die Rede. Doch die Fronten sind verh\u00e4rtet, auch eine Beratungspause brachte keine L\u00f6sung.  <\/p>\n<p>N\u00e4chster Gerichtstermin in einem Monat<\/p>\n<p>Nach gut eineinhalb Stunden ging man unverrichteter Dinge auseinander. Wird der Nachbarschaftsstreit nicht noch au\u00dfergerichtlich beigelegt, wird in gut einem Monat weiterverhandelt. Dann geht es allerdings zun\u00e4chst nur um einen Eilantrag der Nachbarn, die darin eine einstweilige Verf\u00fcgung zur Beseitigung der beiden Jungb\u00e4ume fordern. Bis es zu einem m\u00f6glichen Hauptsacheverfahren k\u00f6nnten noch zwei Jahre vergehen, wie in der Verhandlung deutlich wurde.<\/p>\n","protected":false},"excerpt":{"rendered":"Die Pflanzung von zwei B\u00e4umen auf seinem Grundst\u00fcck in Bad Wiessee hat dem Ehrenpr\u00e4sidenten des FC Bayern, Uli&hellip;\n","protected":false},"author":2,"featured_media":1264228,"comment_status":"","ping_status":"","sticky":false,"template":"","format":"standard","meta":{"footnotes":"","_share_on_mastodon":"0"},"categories":[1827],"tags":[136431,772,29,458,2690,30,1015,1268,2182],"class_list":["post-1264227","post","type-post","status-publish","format-standard","has-post-thumbnail","category-muenchen","tag-bad-wiessee","tag-bayern","tag-deutschland","tag-fc-bayern-muenchen","tag-gericht","tag-germany","tag-justiz","tag-muenchen","tag-uli-hoeness"],"share_on_mastodon":{"url":"https:\/\/pubeurope.com\/@de\/117168305900533022","error":""},"_links":{"self":[{"href":"https:\/\/www.europesays.com\/de\/wp-json\/wp\/v2\/posts\/1264227","targetHints":{"allow":["GET"]}}],"collection":[{"href":"https:\/\/www.europesays.com\/de\/wp-json\/wp\/v2\/posts"}],"about":[{"href":"https:\/\/www.europesays.com\/de\/wp-json\/wp\/v2\/types\/post"}],"author":[{"embeddable":true,"href":"https:\/\/www.europesays.com\/de\/wp-json\/wp\/v2\/users\/2"}],"replies":[{"embeddable":true,"href":"https:\/\/www.europesays.com\/de\/wp-json\/wp\/v2\/comments?post=1264227"}],"version-history":[{"count":0,"href":"https:\/\/www.europesays.com\/de\/wp-json\/wp\/v2\/posts\/1264227\/revisions"}],"wp:featuredmedia":[{"embeddable":true,"href":"https:\/\/www.europesays.com\/de\/wp-json\/wp\/v2\/media\/1264228"}],"wp:attachment":[{"href":"https:\/\/www.europesays.com\/de\/wp-json\/wp\/v2\/media?parent=1264227"}],"wp:term":[{"taxonomy":"category","embeddable":true,"href":"https:\/\/www.europesays.com\/de\/wp-json\/wp\/v2\/categories?post=1264227"},{"taxonomy":"post_tag","embeddable":true,"href":"https:\/\/www.europesays.com\/de\/wp-json\/wp\/v2\/tags?post=1264227"}],"curies":[{"name":"wp","href":"https:\/\/api.w.org\/{rel}","templated":true}]}}