{"id":1264229,"date":"2026-08-27T16:00:17","date_gmt":"2026-08-27T16:00:17","guid":{"rendered":"https:\/\/www.europesays.com\/de\/1264229\/"},"modified":"2026-08-27T16:00:17","modified_gmt":"2026-08-27T16:00:17","slug":"skurriler-prozess-in-muenchen-uli-hoeness-von-nachbarn-wegen-2-lindenbaeumen-verklagt-regional","status":"publish","type":"post","link":"https:\/\/www.europesays.com\/de\/1264229\/","title":{"rendered":"Skurriler Prozess in M\u00fcnchen: Uli Hoene\u00df von Nachbarn wegen 2 Lindenb\u00e4umen verklagt | Regional"},"content":{"rendered":"<p>Es ist ein Prozess, wie es ihn wahrscheinlich nur in Deutschland geben kann. Uli Hoene\u00df (74), Ehrenpr\u00e4sident des FC Bayern M\u00fcnchen, und seine Ehefrau Susi werden von ihren Nachbarn vor Gericht gezerrt. Der skurrile Grund: zwei junge Lindenb\u00e4ume, die im Mai 2026 vor dem Hoene\u00df-Anwesen in Bad Wiessee am Tegernsee gepflanzt worden sind. <\/p>\n<p><b>Was dahintersteckt und warum der Ehrenpr\u00e4sident des FC Bayern von \u201ereiner Schikane\u201c spricht, lesen Sie mit BILDplus.<\/b><\/p>\n","protected":false},"excerpt":{"rendered":"Es ist ein Prozess, wie es ihn wahrscheinlich nur in Deutschland geben kann. Uli Hoene\u00df (74), Ehrenpr\u00e4sident des&hellip;\n","protected":false},"author":2,"featured_media":1264230,"comment_status":"","ping_status":"","sticky":false,"template":"","format":"standard","meta":{"footnotes":"","_share_on_mastodon":"0"},"categories":[1827],"tags":[9180,772,29,458,30,14491,12301,2553,1268,1269,138370,12457],"class_list":["post-1264229","post","type-post","status-publish","format-standard","has-post-thumbnail","category-muenchen","tag-baeume","tag-bayern","tag-deutschland","tag-fc-bayern-muenchen","tag-germany","tag-hoeness-uli","tag-keim-karl","tag-landgericht-muenchen","tag-muenchen","tag-prozess","tag-team-first","tag-tegernsee"],"share_on_mastodon":{"url":"https:\/\/pubeurope.com\/@de\/117168310098147704","error":""},"_links":{"self":[{"href":"https:\/\/www.europesays.com\/de\/wp-json\/wp\/v2\/posts\/1264229","targetHints":{"allow":["GET"]}}],"collection":[{"href":"https:\/\/www.europesays.com\/de\/wp-json\/wp\/v2\/posts"}],"about":[{"href":"https:\/\/www.europesays.com\/de\/wp-json\/wp\/v2\/types\/post"}],"author":[{"embeddable":true,"href":"https:\/\/www.europesays.com\/de\/wp-json\/wp\/v2\/users\/2"}],"replies":[{"embeddable":true,"href":"https:\/\/www.europesays.com\/de\/wp-json\/wp\/v2\/comments?post=1264229"}],"version-history":[{"count":0,"href":"https:\/\/www.europesays.com\/de\/wp-json\/wp\/v2\/posts\/1264229\/revisions"}],"wp:featuredmedia":[{"embeddable":true,"href":"https:\/\/www.europesays.com\/de\/wp-json\/wp\/v2\/media\/1264230"}],"wp:attachment":[{"href":"https:\/\/www.europesays.com\/de\/wp-json\/wp\/v2\/media?parent=1264229"}],"wp:term":[{"taxonomy":"category","embeddable":true,"href":"https:\/\/www.europesays.com\/de\/wp-json\/wp\/v2\/categories?post=1264229"},{"taxonomy":"post_tag","embeddable":true,"href":"https:\/\/www.europesays.com\/de\/wp-json\/wp\/v2\/tags?post=1264229"}],"curies":[{"name":"wp","href":"https:\/\/api.w.org\/{rel}","templated":true}]}}