{"id":1264237,"date":"2026-08-27T16:04:29","date_gmt":"2026-08-27T16:04:29","guid":{"rendered":"https:\/\/www.europesays.com\/de\/1264237\/"},"modified":"2026-08-27T16:04:29","modified_gmt":"2026-08-27T16:04:29","slug":"zwei-tote-bei-gewalttat-an-schule-bei-berlin-suedtirol-news","status":"publish","type":"post","link":"https:\/\/www.europesays.com\/de\/1264237\/","title":{"rendered":"Zwei Tote bei Gewalttat an Schule bei Berlin \u2013 S\u00fcdtirol News"},"content":{"rendered":"<p>Die Polizei sicherte den Tatort <\/p>\n<p>Donnerstag, 27. August 2026 | 17:33 Uhr<\/p>\n<p>                        <a href=\"https:\/\/www.europesays.com\/de\/wp-content\/uploads\/2026\/08\/die-polizei-sicherte-den-tatort-1.jpg.webp\" class=\"image-item\" data-sub-html=\"APA\/APA\/dpa\/Manuel Genolet\"><img decoding=\"async\"  fetchpriority=\"high\" alt=\"Die Polizei sicherte den Tatort\" src=\"https:\/\/www.europesays.com\/de\/wp-content\/uploads\/2026\/08\/die-polizei-sicherte-den-tatort-1.jpg.webp\"\/><\/p>\n<p>APA\/APA\/dpa\/Manuel Genolet<\/p>\n<p><\/a><\/p>\n<p>Von: importer<\/p>\n<p>Bei einer Gewalttat an einer Schule nahe Berlin sind nach Informationen der Deutschen Presse Agentur eine Frau und ein Mann get\u00f6tet worden. Ein Verd\u00e4chtiger wurde vorl\u00e4ufig festgenommen. Die Opfer starben demnach an einer Schule am Docemus-Schulcampus in Gosen-Neu Zittau in Ostbrandenburg, einem Ort mit rund 3.500 Einwohnern. Dabei verdichteten sich Hinweise, dass es sich um eine Beziehungstat handelte.<\/p>\n<p>Die \u201cM\u00e4rkische Allgemeine\u201d berichtete, der mutma\u00dfliche T\u00e4ter solle 19 Jahre alt und der Ex-Freund einer Sch\u00fclerin handeln, die ums Leben kam. Die Ermittler gingen demnach nicht davon aus, dass noch eine Gefahr in der Schule bestehe. Weitere Details zu den Todesopfern und zu dem Verd\u00e4chtigen gab es zun\u00e4chst nicht.<\/p>\n<p><strong>Gewalttat auf Schulcampus \u2013 Polizei sichert Tatort<\/strong><\/p>\n<p>Auf der Plattform X schrieb die Polizei Brandenburg zuvor von einem Einsatz gemeinsam mit dem Rettungsdienst. Nach einer Gewalttat sei eine m\u00e4nnliche Person vorl\u00e4ufig festgenommen werden, die nach gegenw\u00e4rtigen Erkenntnissen mit der Tat im Zusammenhang stehe. \u201cWir sichern aktuell den Tatort.\u201d<\/p>\n<p>Die Tat ereignete sich auf dem Schulcampus des privaten Tr\u00e4gers Docemus umgeben von Wald und Seen am Rande von Gosen-Neu Zittau. Dort befinden sich Gymnasium, Oberschule und Fachoberschule. Nach diesem Modell sollen die Gemeinsamkeiten gef\u00f6rdert werden, die Durchl\u00e4ssigkeit zwischen den einzelnen Schulformen wird betont.<\/p>\n","protected":false},"excerpt":{"rendered":"Die Polizei sicherte den Tatort Donnerstag, 27. August 2026 | 17:33 Uhr APA\/APA\/dpa\/Manuel Genolet Von: importer Bei einer&hellip;\n","protected":false},"author":2,"featured_media":1264238,"comment_status":"","ping_status":"","sticky":false,"template":"","format":"standard","meta":{"footnotes":"","_share_on_mastodon":"0"},"categories":[1825],"tags":[1941,1939,296,1937,19322,29,30,1940,1938],"class_list":["post-1264237","post","type-post","status-publish","format-standard","has-post-thumbnail","category-berlin","tag-aktuelle-nachrichten-aus-berlin","tag-aktuelle-news-aus-berlin","tag-berlin","tag-berlin-news","tag-chronik","tag-deutschland","tag-germany","tag-nachrichten-aus-berlin","tag-news-aus-berlin"],"share_on_mastodon":{"url":"https:\/\/pubeurope.com\/@de\/117168327371572720","error":""},"_links":{"self":[{"href":"https:\/\/www.europesays.com\/de\/wp-json\/wp\/v2\/posts\/1264237","targetHints":{"allow":["GET"]}}],"collection":[{"href":"https:\/\/www.europesays.com\/de\/wp-json\/wp\/v2\/posts"}],"about":[{"href":"https:\/\/www.europesays.com\/de\/wp-json\/wp\/v2\/types\/post"}],"author":[{"embeddable":true,"href":"https:\/\/www.europesays.com\/de\/wp-json\/wp\/v2\/users\/2"}],"replies":[{"embeddable":true,"href":"https:\/\/www.europesays.com\/de\/wp-json\/wp\/v2\/comments?post=1264237"}],"version-history":[{"count":0,"href":"https:\/\/www.europesays.com\/de\/wp-json\/wp\/v2\/posts\/1264237\/revisions"}],"wp:featuredmedia":[{"embeddable":true,"href":"https:\/\/www.europesays.com\/de\/wp-json\/wp\/v2\/media\/1264238"}],"wp:attachment":[{"href":"https:\/\/www.europesays.com\/de\/wp-json\/wp\/v2\/media?parent=1264237"}],"wp:term":[{"taxonomy":"category","embeddable":true,"href":"https:\/\/www.europesays.com\/de\/wp-json\/wp\/v2\/categories?post=1264237"},{"taxonomy":"post_tag","embeddable":true,"href":"https:\/\/www.europesays.com\/de\/wp-json\/wp\/v2\/tags?post=1264237"}],"curies":[{"name":"wp","href":"https:\/\/api.w.org\/{rel}","templated":true}]}}