{"id":126425,"date":"2025-05-20T21:31:11","date_gmt":"2025-05-20T21:31:11","guid":{"rendered":"https:\/\/www.europesays.com\/de\/126425\/"},"modified":"2025-05-20T21:31:11","modified_gmt":"2025-05-20T21:31:11","slug":"fans-klauen-rasen-verein-muss-zahlen","status":"publish","type":"post","link":"https:\/\/www.europesays.com\/de\/126425\/","title":{"rendered":"Fans klauen Rasen \u2013 Verein muss zahlen"},"content":{"rendered":"<p>Euphorie wegen Aufstieg <\/p>\n<p>So teuer wird der Fan-Rasenklau f\u00fcr den 1. FC K\u00f6ln offenbar<\/p>\n<p>20.05.2025 &#8211; 22:52 UhrLesedauer: 2 Min.<\/p>\n<p><a href=\"#focus-0\" class=\"transition-colors duration-200 focus-within:text-magenta block text-current relative\" data-sctrack=\"FocusGalleryImage.Reference\"><img fetchpriority=\"high\" data-testid=\"Opener.Image\" style=\"--lqipURL:url('https:\/\/images.t-online.de\/2025\/05\/te0NC1jL6wZq\/106x151:3455x1944\/fit-in\/150x0\/filters:blur(25)\/18-052025-fussball-2-bundesliga-34-spieltag-saison-2024-2025-1-fc-koeln-1-fc-kaiserslautern-platzsturm-beim-1-fc-koeln-nach-dem-aufstieg-die-fans-haben-sich-rasen-als-erinnerung-mitgenommen-xrhr-foto-tkx-18-05-2025-football-2-bundesliga-matchday-34-season-2024-2025-1-fc-koeln-1-fc-kaiserslautern-storming-the-pitch-at-1-fc-koeln-after-promotion-the-fans-took-some-grass-with-them-as-a-souvenir-xrhr-photo-tkx-copyright-rhr-fotox-rhr-foto-tk.jpg')\"   loading=\"eager\" src=\"https:\/\/www.europesays.com\/de\/wp-content\/uploads\/2025\/05\/1747776670_331_18-052025-fussball-2-bundesliga-34-spieltag-saison-2024-2025-1-fc-koeln-1-fc-kaiserslautern-platzstu.jpeg\" alt=\"imago images 1062181980\" title=\"imago images 1062181980\" width=\"3455\" height=\"1944\" class=\"bg-[url:var(--lqipURL)] bg-cover bg-center flex w-full max-w-full h-full\" decoding=\"async\"\/><img style=\"--width:32;--height:32\" loading=\"lazy\" src=\"https:\/\/www.europesays.com\/de\/wp-content\/uploads\/2025\/05\/zoom-in.f7dae02f.svg.svg+xml\" alt=\"Vergr\u00f6\u00dfern des Bildes\" title=\"Vergr\u00f6\u00dfern des Bildes\" class=\"&#10;        block&#10;        h-[calc(var(--height)_\/_16_*_1rem)]&#10;        w-[calc(var(--width)_\/_16_*_1rem)]&#10;        max-w-none&#10;        absolute bottom-8 right-8 rounded-4 bg-snow p-8\" decoding=\"async\"\/><\/a><\/p>\n<p>Eine K\u00f6lner Anh\u00e4ngerin brachte &#8222;ihren&#8220; Rasen am Wochenende bequem in der Handtasche nachhause (Archivfoto): Die Aktion wird den Effzeh einiges kosten. (Quelle: IMAGO\/RHR-FOTO\/imago)<\/p>\n<p class=\"font-bold text-18 leading-17\">Nach dem Aufstiegsjubel im Rheinenergiestadion zahlt der 1. FC K\u00f6ln die Zeche. Laut einem Bericht f\u00e4llt die Rechnung nicht zu knapp aus.<\/p>\n<p class=\"text-18 leading-17\">Neben den gr\u00fcnen Erinnerungsst\u00fccken nahmen sich die FC-Fans bei ihrem Platzsturm offenbar auch andere Erinnerungsst\u00fccke mit: etwa Teile des Tornetzes oder die Trinkflasche von FC-Torwart <a class=\"transition-colors duration-200 cursor-pointer text-inherit no-underline text-salemsfur md:hover:text-magenta md:hover:border-magenta md:focus:text-magenta border-current border-b border-solid break-words\" href=\"https:\/\/www.t-online.de\/themen\/marvin-schwaebe\/\" data-sctrack=\"BodyAnchor\" target=\"_blank\" rel=\"noopener\">Marvin Schw\u00e4be<\/a>. Auf Bildern im Netz sind sogar Klebezettel mit Elfmetersch\u00fctzen-Notizen zu erkennen.<\/p>\n<p class=\"text-18 leading-17\">Die Rechnung f\u00fcr den Rasenklau muss derweil der <a class=\"transition-colors duration-200 cursor-pointer text-inherit no-underline text-salemsfur md:hover:text-magenta md:hover:border-magenta md:focus:text-magenta border-current border-b border-solid break-words\" href=\"https:\/\/www.t-online.de\/themen\/1-fc-koeln\/\" data-sctrack=\"BodyAnchor\" target=\"_blank\" rel=\"noopener\">1. FC K\u00f6ln<\/a> stemmen: Wie FC-Gesch\u00e4ftsf\u00fchrer Philipp T\u00fcroff am Dienstag mitteilte, bel\u00e4uft sich der Schaden auf &#8222;mehr als 40.000 Euro&#8220;. Das berichtete der &#8222;K\u00f6lner Stadt-Anzeiger&#8220; (KStA) am Abend in seiner E-Paper-Ausgabe.<\/p>\n<p class=\"text-18 leading-17\">Als Mieter des Stadions muss der Effzeh nun f\u00fcr die Instandsetzung aufkommen. Dies hatten die K\u00f6lner Sportst\u00e4tten, eine Tochterfirma der Stadt <a class=\"transition-colors duration-200 cursor-pointer text-inherit no-underline text-salemsfur md:hover:text-magenta md:hover:border-magenta md:focus:text-magenta border-current border-b border-solid break-words\" href=\"https:\/\/www.t-online.de\/region\/koeln\/\" data-sctrack=\"BodyAnchor\" target=\"_blank\" rel=\"noopener\">K\u00f6ln<\/a>, die f\u00fcr die Vermarktung und Vermietung des Rhein-Energie-Stadions zust\u00e4ndig ist, dem Bericht zufolge bereits am Montag klargestellt.<\/p>\n<p class=\"text-18 leading-17\">&#8222;Wir haben nichts \u00fcbrig&#8220;, kommentierte T\u00fcroff gegen\u00fcber dem &#8222;KStA&#8220; die nun f\u00e4llige Zahlung angesichts der ohnehin knappen Kassen des Vereins. Ein komplett neuer Rasen wird im Rheinenergiestadion erst nach dem Sommer verlegt \u2013 <a class=\"transition-colors duration-200 cursor-pointer text-inherit no-underline text-salemsfur md:hover:text-magenta md:hover:border-magenta md:focus:text-magenta border-current border-b border-solid break-words\" href=\"https:\/\/www.t-online.de\/region\/koeln\/id_100597632\/kendrick-lamar-tickets-und-infos-zum-konzert-in-koeln.html\" data-sctrack=\"BodyAnchor\" target=\"_blank\" rel=\"noopener\">finanziert durch die Einnahmen aus dem Konzert des US-Rappers Kendrick Lamar<\/a>. F\u00fcr diese Veranstaltung m\u00fcsse der Rasen ohnehin entfernt werden, wie ein Sprecher der Sportst\u00e4tten erkl\u00e4rte.<\/p>\n<p class=\"text-18 leading-17\">F\u00fcr den Bundesligaauftakt soll dann wieder erstklassiger Rasen im Rheinenergiestadion liegen.<\/p>\n","protected":false},"excerpt":{"rendered":"Euphorie wegen Aufstieg So teuer wird der Fan-Rasenklau f\u00fcr den 1. FC K\u00f6ln offenbar 20.05.2025 &#8211; 22:52 UhrLesedauer:&hellip;\n","protected":false},"author":2,"featured_media":126426,"comment_status":"","ping_status":"","sticky":false,"template":"","format":"standard","meta":{"footnotes":""},"categories":[1828],"tags":[623,3176,5876,47346,29,9163,1104,30,1420,1209,14701,43174,5821],"class_list":{"0":"post-126425","1":"post","2":"type-post","3":"status-publish","4":"format-standard","5":"has-post-thumbnail","7":"category-koeln","8":"tag-1-fc-koeln","9":"tag-3176","10":"tag-aufstieg","11":"tag-aufstiegsjubel","12":"tag-deutschland","13":"tag-ebay","14":"tag-euphorie","15":"tag-germany","16":"tag-koeln","17":"tag-nordrhein-westfalen","18":"tag-rasen","19":"tag-rheinenergiestadion","20":"tag-souvenir"},"share_on_mastodon":{"url":"https:\/\/pubeurope.com\/@de\/114542299330759993","error":""},"_links":{"self":[{"href":"https:\/\/www.europesays.com\/de\/wp-json\/wp\/v2\/posts\/126425","targetHints":{"allow":["GET"]}}],"collection":[{"href":"https:\/\/www.europesays.com\/de\/wp-json\/wp\/v2\/posts"}],"about":[{"href":"https:\/\/www.europesays.com\/de\/wp-json\/wp\/v2\/types\/post"}],"author":[{"embeddable":true,"href":"https:\/\/www.europesays.com\/de\/wp-json\/wp\/v2\/users\/2"}],"replies":[{"embeddable":true,"href":"https:\/\/www.europesays.com\/de\/wp-json\/wp\/v2\/comments?post=126425"}],"version-history":[{"count":0,"href":"https:\/\/www.europesays.com\/de\/wp-json\/wp\/v2\/posts\/126425\/revisions"}],"wp:featuredmedia":[{"embeddable":true,"href":"https:\/\/www.europesays.com\/de\/wp-json\/wp\/v2\/media\/126426"}],"wp:attachment":[{"href":"https:\/\/www.europesays.com\/de\/wp-json\/wp\/v2\/media?parent=126425"}],"wp:term":[{"taxonomy":"category","embeddable":true,"href":"https:\/\/www.europesays.com\/de\/wp-json\/wp\/v2\/categories?post=126425"},{"taxonomy":"post_tag","embeddable":true,"href":"https:\/\/www.europesays.com\/de\/wp-json\/wp\/v2\/tags?post=126425"}],"curies":[{"name":"wp","href":"https:\/\/api.w.org\/{rel}","templated":true}]}}