{"id":1264273,"date":"2026-08-27T16:27:48","date_gmt":"2026-08-27T16:27:48","guid":{"rendered":"https:\/\/www.europesays.com\/de\/1264273\/"},"modified":"2026-08-27T16:27:48","modified_gmt":"2026-08-27T16:27:48","slug":"hza-ac-aachener-zoll-prueft-sicherheitsdienste-und-gastronomiebetriebe-auf","status":"publish","type":"post","link":"https:\/\/www.europesays.com\/de\/1264273\/","title":{"rendered":"HZA-AC: Aachener Zoll pr\u00fcft Sicherheitsdienste und Gastronomiebetriebe auf &#8230;"},"content":{"rendered":"<p class=\"date\">27.08.2026 \u2013 16:08<\/p>\n<p class=\"customer\">\n                        <a class=\"story-customer\" title=\"weiter zum newsroom von Hauptzollamt Aachen\" href=\"https:\/\/www.presseportal.de\/blaulicht\/nr\/121239\" rel=\"nofollow noopener\" target=\"_blank\">Hauptzollamt Aachen<\/a>\n                    <\/p>\n<p><a class=\"glightbox event-trigger\" href=\"https:\/\/cache.pressmailing.net\/thumbnail\/story_hires\/0879eea7-72ef-4456-8f46-62794b3950e8\/FKS_Symbolbild.jpg.jpg\" data-description=\"Symbolbild \/ Quelle: Zoll\" data-category=\"medialightbox\" data-action=\"click\" data-label=\"single\" data-value=\"6a9044d1270000fd2cb800aa\" rel=\"nofollow noopener\" target=\"_blank\"><img decoding=\"async\" height=\"540\" with=\"720\" src=\"https:\/\/www.europesays.com\/de\/wp-content\/uploads\/2026\/08\/hza-ac-aachener-zoll-pr-ft-sicherheitsdienste-und-gastronomiebetriebe-auf-reit-weltmeisterschaft-zah.jpeg\"   alt=\"HZA-AC: Aachener Zoll pr\u00fcft Sicherheitsdienste und Gastronomiebetriebe auf Reit-Weltmeisterschaft \/ Zahlreiche Besch\u00e4ftigte mit schwerwiegenden Vorstrafen\" class=\"single\"\/><\/a><\/p>\n<p><a data-category=\"citylink-story-view\" data-action=\"click\" data-label=\"Citylink in Meldungsansicht\" class=\"story-city event-trigger\" href=\"https:\/\/www.presseportal.de\/regional\/Aachen\" title=\"News aus Aachen \" rel=\"nofollow noopener\" target=\"_blank\">Aachen<\/a> (ots)<\/p>\n<p>Besch\u00e4ftigte der Finanzkontrolle Schwarzarbeit (FKS) des Hauptzollamts Aachen pr\u00fcften am 13., 21. und 23. August 2026 die Besch\u00e4ftigungsverh\u00e4ltnisse von Sicherheitsdienstleistern und Gastronomen, die w\u00e4hrend der Reit-Weltmeisterschaft in Aachen im Einsatz waren. Ziel der Ma\u00dfnahmen war es, verst\u00e4rkt gegen Schwarzarbeit und illegale Besch\u00e4ftigung vorzugehen.<\/p>\n<p>Mit insgesamt 25 Einsatzkr\u00e4ften des Zolls, unterst\u00fctzt durch sechs Besch\u00e4ftigte des Ordnungsamtes der Stadt Aachen, wurden an drei Tagen umfangreiche Pr\u00fcfungen durchgef\u00fchrt. Im Fokus stand die Einhaltung des Mindestlohns nach dem Mindestlohngesetz und die Beachtung sozialversicherungsrechtlicher Pflichten sowie der unrechtm\u00e4\u00dfige Bezug von Sozialleistungen. Im Rahmen der Ma\u00dfnahmen wurden insgesamt 285 Besch\u00e4ftigte von 47 Unternehmen zu ihren Arbeitsverh\u00e4ltnissen befragt.<\/p>\n<p>Eine erste Auswertung der Daten f\u00fchrte zu dem Verdacht, dass Arbeitgeber in 25 F\u00e4llen sozialversicherungsrechtliche Beitr\u00e4ge nicht oder unvollst\u00e4ndig an die zust\u00e4ndigen Einzugsstellen, beispielsweise Krankenkassen, abgef\u00fchrt haben. 63 Sachverhalte geben Anlass zur Annahme, dass Arbeitnehmerinnen und Arbeitnehmer zu Unrecht Sozialleistungen beziehen.<\/p>\n<p>In weiteren 36 F\u00e4llen liegen diverse Verst\u00f6\u00dfe vor, unter anderem im Zusammenhang mit dem Bewacher- und dem Gewerberegister.<\/p>\n<p>In sechs F\u00e4llen stellten die Einsatzkr\u00e4fte zudem Verst\u00f6\u00dfe gegen die im Schwarzarbeitsbek\u00e4mpfungsgesetz geregelte Mitf\u00fchrungs- und Vorlagepflicht von Ausweisdokumenten fest.<\/p>\n<p>Im Rahmen der Pr\u00fcfma\u00dfnahmen trafen die Beamtinnen und Beamten auf den Parkpl\u00e4tzen des Reitsportgel\u00e4ndes zahlreiche Mitarbeitende von Wach- und Sicherheitsunternehmen an, die erheblich vorbestraft waren.<\/p>\n<p>Bei Auswertung der durchgef\u00fchrten Personenbefragungen sowie Pr\u00fcfung der Gesch\u00e4ftsunterlagen stellte der Aachener Zoll zudem teilweise komplexe Subunternehmerstrukturen mit bis zu f\u00fcnf aufeinanderfolgenden Auftragsebenen fest.<\/p>\n<p>Die Ermittlungen dauern an.<\/p>\n<p class=\"contact-headline\">R\u00fcckfragen bitte an:<\/p>\n<p class=\"contact-text\">Hauptzollamt Aachen<br \/>Sabine Kr\u00e4mer<br \/>Telefon: 0241\/9091-2080<br \/>E-Mail: <a href=\"https:\/\/www.presseportal.de\/blaulicht\/pm\/121239\/mailto:presse.hza-aachen@zoll.bund.de\" class=\"uri-mailto\" rel=\"nofollow noopener\" target=\"_blank\">presse.hza-aachen@zoll.bund.de<\/a><br \/><a target=\"_blank\" class=\"uri-ext outbound\" rel=\"noopener nofollow\" href=\"https:\/\/www.zoll.de\">www.zoll.de<\/a><\/p>\n<p class=\"originator\">Original-Content von: Hauptzollamt Aachen, \u00fcbermittelt durch news aktuell<\/p>\n","protected":false},"excerpt":{"rendered":"27.08.2026 \u2013 16:08 Hauptzollamt Aachen Aachen (ots) Besch\u00e4ftigte der Finanzkontrolle Schwarzarbeit (FKS) des Hauptzollamts Aachen pr\u00fcften am 13.,&hellip;\n","protected":false},"author":2,"featured_media":1264274,"comment_status":"","ping_status":"","sticky":false,"template":"","format":"standard","meta":{"footnotes":"","_share_on_mastodon":"0"},"categories":[1853],"tags":[1424,3364,29,548,663,3934,30,13,177,14,15,1209,176,178,180,179,181,12,5719,615],"class_list":["post-1264273","post","type-post","status-publish","format-standard","has-post-thumbnail","category-aachen","tag-aachen","tag-de","tag-deutschland","tag-eu","tag-europa","tag-europe","tag-germany","tag-headlines","tag-kriminalitt","tag-nachrichten","tag-news","tag-nordrhein-westfalen","tag-nrw","tag-presse","tag-pressemeldung","tag-pressemitteilung","tag-pressemitteilungen","tag-schlagzeilen","tag-schwarzarbeit","tag-zoll"],"share_on_mastodon":{"url":"https:\/\/pubeurope.com\/@de\/117168417726525828","error":""},"_links":{"self":[{"href":"https:\/\/www.europesays.com\/de\/wp-json\/wp\/v2\/posts\/1264273","targetHints":{"allow":["GET"]}}],"collection":[{"href":"https:\/\/www.europesays.com\/de\/wp-json\/wp\/v2\/posts"}],"about":[{"href":"https:\/\/www.europesays.com\/de\/wp-json\/wp\/v2\/types\/post"}],"author":[{"embeddable":true,"href":"https:\/\/www.europesays.com\/de\/wp-json\/wp\/v2\/users\/2"}],"replies":[{"embeddable":true,"href":"https:\/\/www.europesays.com\/de\/wp-json\/wp\/v2\/comments?post=1264273"}],"version-history":[{"count":0,"href":"https:\/\/www.europesays.com\/de\/wp-json\/wp\/v2\/posts\/1264273\/revisions"}],"wp:featuredmedia":[{"embeddable":true,"href":"https:\/\/www.europesays.com\/de\/wp-json\/wp\/v2\/media\/1264274"}],"wp:attachment":[{"href":"https:\/\/www.europesays.com\/de\/wp-json\/wp\/v2\/media?parent=1264273"}],"wp:term":[{"taxonomy":"category","embeddable":true,"href":"https:\/\/www.europesays.com\/de\/wp-json\/wp\/v2\/categories?post=1264273"},{"taxonomy":"post_tag","embeddable":true,"href":"https:\/\/www.europesays.com\/de\/wp-json\/wp\/v2\/tags?post=1264273"}],"curies":[{"name":"wp","href":"https:\/\/api.w.org\/{rel}","templated":true}]}}