{"id":1264299,"date":"2026-08-27T16:42:28","date_gmt":"2026-08-27T16:42:28","guid":{"rendered":"https:\/\/www.europesays.com\/de\/1264299\/"},"modified":"2026-08-27T16:42:28","modified_gmt":"2026-08-27T16:42:28","slug":"castello-naechster-pogacar-triumph-bei-der-vuelta","status":"publish","type":"post","link":"https:\/\/www.europesays.com\/de\/1264299\/","title":{"rendered":"Castello | N\u00e4chster Pogacar-Triumph bei der Vuelta"},"content":{"rendered":"<p>Castello (dpa) &#8211; Tadej Pogacar forcierte auf den Schotterpisten des Puerto El Bartolo das Tempo, danach holte sich der slowenische Ausnahmek\u00f6nner bereits seinen dritten Etappensieg bei der 81. Vuelta a Espa\u00f1a. Die Spanien-Rundfahrt wird immer mehr zu einer einzigen Machtdemonstration des Stra\u00dfenrad-Weltmeisters. Pogacar holte sich auf der sechsten Etappe nach 177,4 Kilometern den Sieg im Sprint gegen den Spanier Enric Mas, nachdem er am letzten Berg attackiert hatte.<\/p>\n<p>Auf der gef\u00e4hrlichen Abfahrt des Puerto Bartolo hatte Pogacar einen Schreckmoment zu verarbeiten. 19 Kilometer vor dem Ziel versteuerte sich der Radstar und machte einen kleinen Abstecher neben die Fahrbahn. Pogacar konnte das Malheur aber schnell ausbessern. Zusammen mit Mas ging es dann auf die Zielgerade.<\/p>\n<p>Start-Ziel-Sieg wie Rominger?<\/p>\n<p>Damit baute der f\u00fcnfmalige Tour-de-France-Sieger seinen Vorsprung in der Gesamtwertung auf den nun zweitplatzierten Mas auf 3:34 Minuten aus. Pogacar k\u00f6nnte als erster Radprofi seit Tony Rominger 1994 einen Start-Ziel-Sieg bei der Vuelta feiern.\u00a0<\/p>\n<p>Von den drei Grand Tours fehlt Pogacar noch ein Gesamtsieg bei der Spanien-Rundfahrt. 2019 hatte er als 19-J\u00e4hriger letztmals an der Vuelta teilgenommen und schon damals drei Etappen gewonnen.<\/p>\n<p>Drei Etappensiege hat Pogacar nun auch schon wieder auf dem Konto, nachdem er bereits das Einzelzeitfahren in Monaco und die Bergetappe nach Andorra gewonnen hatte.\u00a0<\/p>\n<p>Pogacar im Sprint schneller<\/p>\n<p>Dabei hatte eine gr\u00f6\u00dfere Ausrei\u00dfergruppe zwischendurch einen komfortablen Vorsprung von mehreren Minuten herausgefahren. Am vorletzten Berg schickte Pogacar aber schon seine Helfer nach vorn, den Rest erledigte der 27-J\u00e4hrige selbst. Zwar konnte Mas wieder zu Pogacar aufschlie\u00dfen, im Sprint war der Spanier aber chancenlos.<\/p>\n<p>Am Freitag k\u00f6nnte Pogacar bereits den n\u00e4chsten Sieg einfahren. Auf der siebten Etappe \u00fcber 149,8 Kilometer von Vall d`Alba nach Aramon Valdelinares wartet am Ende eine Bergankunft der ersten Kategorie.<\/p>\n","protected":false},"excerpt":{"rendered":"Castello (dpa) &#8211; Tadej Pogacar forcierte auf den Schotterpisten des Puerto El Bartolo das Tempo, danach holte sich&hellip;\n","protected":false},"author":2,"featured_media":1264300,"comment_status":"","ping_status":"","sticky":false,"template":"","format":"standard","meta":{"footnotes":"","_share_on_mastodon":"0"},"categories":[1841],"tags":[1605,3364,29,30,1209,9408,44606,4026,261228],"class_list":["post-1264299","post","type-post","status-publish","format-standard","has-post-thumbnail","category-bielefeld","tag-bielefeld","tag-de","tag-deutschland","tag-germany","tag-nordrhein-westfalen","tag-radsport","tag-slowenien","tag-spanien","tag-spanien-rundfahrt"],"share_on_mastodon":{"url":"https:\/\/pubeurope.com\/@de\/117168475135582653","error":""},"_links":{"self":[{"href":"https:\/\/www.europesays.com\/de\/wp-json\/wp\/v2\/posts\/1264299","targetHints":{"allow":["GET"]}}],"collection":[{"href":"https:\/\/www.europesays.com\/de\/wp-json\/wp\/v2\/posts"}],"about":[{"href":"https:\/\/www.europesays.com\/de\/wp-json\/wp\/v2\/types\/post"}],"author":[{"embeddable":true,"href":"https:\/\/www.europesays.com\/de\/wp-json\/wp\/v2\/users\/2"}],"replies":[{"embeddable":true,"href":"https:\/\/www.europesays.com\/de\/wp-json\/wp\/v2\/comments?post=1264299"}],"version-history":[{"count":0,"href":"https:\/\/www.europesays.com\/de\/wp-json\/wp\/v2\/posts\/1264299\/revisions"}],"wp:featuredmedia":[{"embeddable":true,"href":"https:\/\/www.europesays.com\/de\/wp-json\/wp\/v2\/media\/1264300"}],"wp:attachment":[{"href":"https:\/\/www.europesays.com\/de\/wp-json\/wp\/v2\/media?parent=1264299"}],"wp:term":[{"taxonomy":"category","embeddable":true,"href":"https:\/\/www.europesays.com\/de\/wp-json\/wp\/v2\/categories?post=1264299"},{"taxonomy":"post_tag","embeddable":true,"href":"https:\/\/www.europesays.com\/de\/wp-json\/wp\/v2\/tags?post=1264299"}],"curies":[{"name":"wp","href":"https:\/\/api.w.org\/{rel}","templated":true}]}}