{"id":1264357,"date":"2026-08-27T17:24:26","date_gmt":"2026-08-27T17:24:26","guid":{"rendered":"https:\/\/www.europesays.com\/de\/1264357\/"},"modified":"2026-08-27T17:24:26","modified_gmt":"2026-08-27T17:24:26","slug":"auslosung-champions-league-rb-leipzig-in-koenigsklasse-gegen-real-madrid-und-mancity","status":"publish","type":"post","link":"https:\/\/www.europesays.com\/de\/1264357\/","title":{"rendered":"Auslosung Champions League: RB Leipzig in K\u00f6nigsklasse gegen Real Madrid und ManCity"},"content":{"rendered":"<p class=\"paragraph article__item\"><a class=\"rtr-entity\" href=\"https:\/\/www.zeit.de\/thema\/rb-leipzig\" rel=\"nofollow noopener\" target=\"_blank\">RB Leipzig<\/a> trifft in der Champions-League-Gruppenphase zum dritten Mal auf Real Madrid. Somit gibt es bei den K\u00f6niglichen ein schnelles Wiedersehen mit Yan Diomande, der gerade erst zu Real gewechselt ist. Zudem ist wie schon von 2020 bis 2024 erneut Manchester City der Gegner &#8211; diesmal daheim.\u00a0\n<\/p>\n<p>Aktuelles<\/p>\n<p>                <a href=\"https:\/\/www.zeit.de\/sport\/2026-07\/fifa-gianni-infantino-wm-investoren-kritik-sepp-blatter-gxe\" data-ct-label=\"Fu\u00dfball: Sepp Blatter kritisiert WM-Pl\u00e4ne von Fifa-Chef Infantino\" data-uuid=\"cb202145-7aed-4c43-9bc3-1932ad27146c\" rel=\"nofollow noopener\" target=\"_blank\"><\/p>\n<p>                        Fu\u00dfball:<br \/>\n                        Sepp Blatter kritisiert WM-Pl\u00e4ne von Fifa-Chef Infantino<\/p>\n<p>                <\/a><\/p>\n<p>                <a href=\"https:\/\/www.zeit.de\/gesellschaft\/2026-08\/underground-fightclub-rechtsextreme-kampfsport-deutschland-europa-gewalt\" data-ct-label=\"Gef\u00e4hrliche Kampfsportler: Wie Rechtsextreme zu Stars der \u00bbUnderground Fight Clubs\u00ab werden\" data-uuid=\"46ae7a25-f72e-4aed-b090-b24843e4dfd9\" rel=\"nofollow noopener\" target=\"_blank\"><\/p>\n<p>                        Gef\u00e4hrliche Kampfsportler:<br \/>\n                        Wie Rechtsextreme zu Stars der \u00bbUnderground Fight Clubs\u00ab werden<\/p>\n<p>                <\/a><\/p>\n<p>                <a href=\"https:\/\/www.zeit.de\/sport\/2026-08\/dfb-pokal-bayer-leverkusen-sv-wehen-wiesbaden-fc-augsburg-energie-cottbus\" data-ct-label=\"DFB-Pokal, 1. Runde: Leipzig siegt souver\u00e4n in Trier\" data-uuid=\"bec4d1ca-9db8-41be-aa79-459f1d57b97b\" rel=\"nofollow noopener\" target=\"_blank\"><\/p>\n<p>                        DFB-Pokal, 1. Runde:<br \/>\n                        Leipzig siegt souver\u00e4n in Trier<\/p>\n<p>                <\/a><\/p>\n<p class=\"paragraph article__item\">Weitere Kontrahenten sind ausw\u00e4rts im Old Trafford Manchester United, Feyenoord Rotterdam und Deb\u00fctant Como aus Italien um den einst umworbenen Trainer Cesc F\u00e0bregas. Daheim empfangen die Sachsen <a class=\"rtr-entity\" href=\"https:\/\/www.zeit.de\/thema\/psv-eindhoven\" rel=\"nofollow noopener\" target=\"_blank\">PSV Eindhoven<\/a> mit Leihgabe Lutsharel Geertruida, die Ukrainer von Schachtjor Donezk und RC Lens mit Ex-Spieler Amadou Haidara.\u00a0\n<\/p>\n<p class=\"paragraph article__item\">Das ergab die Auslosung in Monaco, die von RB Leipzigs Gesch\u00e4ftsf\u00fchrerin Tatjana Haenni sowie ihren Kollegen Johann Plenge und Ulrich Wolter live verfolgt wurde. Auch der Aufsichtsratsvorsitzende und Red-Bull-Gesch\u00e4ftsf\u00fchrer Oliver Mintzlaff war in Monaco vor Ort, w\u00e4hrend die Profis in <a class=\"rtr-entity\" href=\"https:\/\/www.zeit.de\/thema\/leipzig\" rel=\"nofollow noopener\" target=\"_blank\">Leipzig<\/a> zusammen mit dem Frauen-Bundesliga-Team und den RB-Mitarbeitern die Auslosung in der Gesch\u00e4ftsstelle sahen.\u00a0\n<\/p>\n<p>                        Schwere Aufgaben f\u00fcr Demichelis            <\/p>\n<p class=\"paragraph article__item\">RB hatte sich als Tabellendritter in der Bundesliga nach einem Jahr Abstinenz mit Trainer Ole Werner wieder f\u00fcr die K\u00f6nigsklasse qualifiziert. Nun hat Mart\u00edn Demichelis als Coach \u00fcbernommen und gleich echte Herausforderungen bekommen. Die Leipziger kamen in der Saison 2019\/2020 sogar bis ins Halbfinale, unterlagen dann aber Paris Saint-Germain mit 0:3.\n<\/p>\n<p class=\"paragraph article__item\">Die 36 Teilnehmer wurden nach der UEFA-Club-Rangliste in vier T\u00f6pfe aufgeteilt. Clubs aus demselben Verband konnten nicht gegeneinander gelost werden. Auch konnte kein Team auf mehr als zwei Gegner aus demselben Land treffen. RB Leipzig war im Topf drei. Jedes Team bekam zwei Gegner aus jedem Topf, auch dem eigenen, zugeteilt, mit einem Heim- und einem Ausw\u00e4rtsspiel. Daraus resultierten acht Partien f\u00fcr die Ligaphase.\u00a0\n<\/p>\n<p>\n                                        Newsletter<br \/>\n                                        Was jetzt, im Osten?<\/p>\n<p class=\"newsletter-signup__text\">Anl\u00e4sslich der bevorstehenden Landtagswahlen erhalten Sie ab dem 15. Juli w\u00f6chentlich Nachrichten und Stimmungsbilder zum Wahlkampf sowie zum Alltagsleben und zur Kultur im Osten der Republik.<\/p>\n<p class=\"newsletter-signup__datapolicy\" hidden=\"\">\n            Mit Ihrer Registrierung nehmen Sie die <a href=\"https:\/\/datenschutz.zeit.de\/zon#Newsletter\" target=\"_blank\" rel=\"nofollow noopener\">Datenschutzerkl\u00e4rung<\/a> zur Kenntnis.\n        <\/p>\n<p>    Vielen Dank! Wir haben Ihnen eine E-Mail geschickt.<\/p>\n<p>Pr\u00fcfen Sie Ihr Postfach und best\u00e4tigen Sie das Newsletter-Abonnement.<\/p>\n<p class=\"paragraph article__item\">Zum Abschluss sind die acht besten Teams direkt f\u00fcr das Achtelfinale qualifiziert. Die Mannschaften auf den Pl\u00e4tzen neun bis 24 gehen in die Playoffs. Anschlie\u00dfend geht es im K.o.-Modus weiter.\u00a0\n<\/p>\n<p>            Die Termine und die Gelder            <\/p>\n<p class=\"paragraph article__item\">Fr\u00fchestens am Samstag wird der Spielplan von der UEFA verk\u00fcndet. Der erste Spieltag zieht sich \u00fcber drei Tage vom 8. bis 10. September. Abgeschlossen wird die Ligaphase am 27. Januar. Der n\u00e4chste K\u00f6nigsklassensieger wird am 5. Juni 2027 im Estadio Metropolitano in <a class=\"rtr-entity\" href=\"https:\/\/www.zeit.de\/thema\/madrid\" rel=\"nofollow noopener\" target=\"_blank\">Madrid<\/a> gek\u00fcrt.\u00a0\n<\/p>\n<p class=\"paragraph article__item\">F\u00fcr die Teilnahme an der K\u00f6nigsklasse erhalten die Sachsen 18,62 Millionen Euro Startpr\u00e4mie. In der Gruppenphase gibt es 2,1 Millionen Euro pro Sieg und 700.000 Euro pro Remis. In der K.o.-Phase gibt es Rundenpr\u00e4mien von einer Million Euro f\u00fcr die Playoffs bis zu 63,5 Millionen Euro in Summe f\u00fcr den sp\u00e4teren Sieger.\n<\/p>\n<p class=\"paragraph article__item\">\u00a9 dpa-infocom, dpa:260827-930-592933\/1<\/p>\n","protected":false},"excerpt":{"rendered":"RB Leipzig trifft in der Champions-League-Gruppenphase zum dritten Mal auf Real Madrid. Somit gibt es bei den K\u00f6niglichen&hellip;\n","protected":false},"author":2,"featured_media":1264358,"comment_status":"","ping_status":"","sticky":false,"template":"","format":"standard","meta":{"footnotes":"","_share_on_mastodon":"0"},"categories":[1832],"tags":[261244,30844,3364,29,64783,30,355,71,10277,1409,18531,1222,15,57008,3349,859],"class_list":["post-1264357","post","type-post","status-publish","format-standard","has-post-thumbnail","category-leipzig","tag-auslosung-champions-league","tag-cesc-fabregas","tag-de","tag-deutschland","tag-feyenoord-rotterdam","tag-germany","tag-italien","tag-leipzig","tag-madrid","tag-manchester-city","tag-manchester-united","tag-monaco","tag-news","tag-psv-eindhoven","tag-real-madrid","tag-sachsen"],"share_on_mastodon":{"url":"https:\/\/pubeurope.com\/@de\/117168640307278794","error":""},"_links":{"self":[{"href":"https:\/\/www.europesays.com\/de\/wp-json\/wp\/v2\/posts\/1264357","targetHints":{"allow":["GET"]}}],"collection":[{"href":"https:\/\/www.europesays.com\/de\/wp-json\/wp\/v2\/posts"}],"about":[{"href":"https:\/\/www.europesays.com\/de\/wp-json\/wp\/v2\/types\/post"}],"author":[{"embeddable":true,"href":"https:\/\/www.europesays.com\/de\/wp-json\/wp\/v2\/users\/2"}],"replies":[{"embeddable":true,"href":"https:\/\/www.europesays.com\/de\/wp-json\/wp\/v2\/comments?post=1264357"}],"version-history":[{"count":0,"href":"https:\/\/www.europesays.com\/de\/wp-json\/wp\/v2\/posts\/1264357\/revisions"}],"wp:featuredmedia":[{"embeddable":true,"href":"https:\/\/www.europesays.com\/de\/wp-json\/wp\/v2\/media\/1264358"}],"wp:attachment":[{"href":"https:\/\/www.europesays.com\/de\/wp-json\/wp\/v2\/media?parent=1264357"}],"wp:term":[{"taxonomy":"category","embeddable":true,"href":"https:\/\/www.europesays.com\/de\/wp-json\/wp\/v2\/categories?post=1264357"},{"taxonomy":"post_tag","embeddable":true,"href":"https:\/\/www.europesays.com\/de\/wp-json\/wp\/v2\/tags?post=1264357"}],"curies":[{"name":"wp","href":"https:\/\/api.w.org\/{rel}","templated":true}]}}