{"id":1264365,"date":"2026-08-27T17:29:29","date_gmt":"2026-08-27T17:29:29","guid":{"rendered":"https:\/\/www.europesays.com\/de\/1264365\/"},"modified":"2026-08-27T17:29:29","modified_gmt":"2026-08-27T17:29:29","slug":"fc-bayern-gegen-stuttgart-hoeness-duell-zum-liga-start-in-der-allianz-arena","status":"publish","type":"post","link":"https:\/\/www.europesays.com\/de\/1264365\/","title":{"rendered":"FC Bayern gegen Stuttgart: Hoene\u00df-Duell zum Liga-Start in der Allianz Arena"},"content":{"rendered":"<p>Familienduell zum Liga-Auftakt <\/p>\n<p>Ausgerechnet der Neffe: Dieser Hoene\u00df will Bayern-Start vermiesen<\/p>\n<ul class=\"grid grid-flow-col gap-4\" aria-label=\"Autorenbilder\">\n<li class=\"leading-0\"><img data-tb-author-image=\"\"  loading=\"lazy\" src=\"https:\/\/www.europesays.com\/de\/wp-content\/uploads\/2026\/08\/1787616798_635_image.jpg\" alt=\"\" title=\"\" width=\"40\" height=\"40\" class=\"\" decoding=\"async\"\/><\/li>\n<\/ul>\n<p>27.08.2026 &#8211; 19:19 UhrLesedauer: 3 Min.<\/p>\n<p><a href=\"#focus-0\" class=\"transition-colors block text-current relative\" data-sctrack=\"FocusGalleryImage.Reference\"><img fetchpriority=\"high\" data-testid=\"Opener.Image\"   loading=\"eager\" src=\"https:\/\/www.europesays.com\/de\/wp-content\/uploads\/2026\/08\/uli-hoeness-der-ehrenpraesident-des-fc-bayern-aeussert-sich-seit-jeher-meinungsstark.jpg\" alt=\"Uli Hoene\u00df: Der Ehrenpr\u00e4sident des FC Bayern \u00e4u\u00dfert sich seit jeher meinungsstark.\" title=\"Uli Hoene\u00df: Der Ehrenpr\u00e4sident des FC Bayern \u00e4u\u00dfert sich seit jeher meinungsstark.\" width=\"5568\" height=\"3132\" class=\"bg-[url:var(--lqipURL)] bg-cover bg-center flex h-full w-full max-w-full\" style=\"--lqipURL:url('https:\/\/images.t-online.de\/2026\/08\/YZkEcvAqTDOJ\/0x387:5568x3132\/fit-in\/150x0\/filters:blur(25)\/uli-hoeness-der-ehrenpraesident-des-fc-bayern-aeussert-sich-seit-jeher-meinungsstark.jpg')\" decoding=\"async\"\/><img loading=\"lazy\" src=\"https:\/\/muenchen.t-online.de\/s\/paper\/_next\/static\/media\/zoom-in.f7dae02f.svg\" alt=\"Vergr\u00f6\u00dfern des Bildes\" title=\"Vergr\u00f6\u00dfern des Bildes\" class=\"block h-[calc(var(--height)_\/_16_*_1rem)] w-[calc(var(--width)_\/_16_*_1rem)] max-w-none absolute right-8 bottom-8 rounded-4 bg-snow p-8\" style=\"--width:32;--height:32\" decoding=\"async\"\/><\/a><\/p>\n<p>Ehrenpr\u00e4sident Uli Hoene\u00df im Stadion (Archivbild): Der FC Bayern wird am Freitagabend gegen den VfB Stuttgart antreten. (Quelle: IMAGO\/Frank Hoermann \/ SVEN SIMON\/imago-images-bilder)<\/p>\n<p><img loading=\"lazy\" src=\"https:\/\/muenchen.t-online.de\/s\/paper\/_next\/static\/media\/audio-volume.6689034c.svg\" alt=\"\" title=\"\" class=\"block h-[calc(var(--height)_\/_16_*_1rem)] w-[calc(var(--width)_\/_16_*_1rem)] max-w-none group-hover:brightness-0 group-hover:invert\" style=\"--width:16;--height:16\" decoding=\"async\"\/>Vorlesen<\/p>\n<p>Aktuelle Zeit:0:00Gesamtdauer:0:00<\/p>\n<p>1x<img loading=\"lazy\" src=\"https:\/\/muenchen.t-online.de\/s\/paper\/_next\/static\/media\/font-sizes.32942e33.svg\" alt=\"\" title=\"\" class=\"block h-[calc(var(--height)_\/_16_*_1rem)] w-[calc(var(--width)_\/_16_*_1rem)] max-w-none group-hover:hidden group-aria-expanded:hidden\" style=\"--width:16;--height:16\" decoding=\"async\"\/><img loading=\"lazy\" src=\"https:\/\/muenchen.t-online.de\/s\/paper\/_next\/static\/media\/font-sizes-dark-mode.e382645c.svg\" alt=\"\" title=\"\" class=\"block h-[calc(var(--height)_\/_16_*_1rem)] w-[calc(var(--width)_\/_16_*_1rem)] max-w-none hidden group-hover:block group-aria-expanded:block\" style=\"--width:16;--height:16\" decoding=\"async\"\/><img loading=\"lazy\" src=\"https:\/\/muenchen.t-online.de\/s\/paper\/_next\/static\/media\/sharing-menu-icon.1eb71368.svg\" alt=\"\" title=\"\" class=\"block h-[calc(var(--height)_\/_16_*_1rem)] w-[calc(var(--width)_\/_16_*_1rem)] max-w-none group-hover:brightness-0 group-hover:invert\" style=\"--width:16;--height:16\" decoding=\"async\"\/>Artikel teilen<\/p>\n<p class=\"font-bold text-18 leading-17 user-text-lg:text-22 user-text-xl:text-24\">Beim Bayern-Auftakt gegen Stuttgart bekommt das Duell in der Allianz Arena eine pers\u00f6nliche Note \u2013 denn ein ber\u00fchmter Name steht gewisserma\u00dfen auf beiden Seiten.<\/p>\n<p class=\"text-18 leading-17 user-text-lg:text-22 user-text-xl:text-24\">Endlich wieder Bundesliga. Am Freitagabend f\u00e4llt in der Allianz Arena der Startschuss f\u00fcr die neue Saison 2026\/2027. Der FC Bayern bekommt zum Auftakt gleich einen Gegner, mit dem er erst vor wenigen Monaten um den DFB-Pokal-Titel k\u00e4mpfte: Um 20.30 Uhr empf\u00e4ngt der amtierende Deutsche Meister den VfB Stuttgart.<\/p>\n<p class=\"text-18 leading-17 user-text-lg:text-22 user-text-xl:text-24\">Als w\u00e4re das Auftaktspiel der Bundesliga nicht ohnehin mit gen\u00fcgend Spannung verbunden, steckt diesmal auch noch ein kleines Familienduell darin: Hoene\u00df gegen Hoene\u00df.<\/p>\n<p class=\"text-18 leading-17 user-text-lg:text-22 user-text-xl:text-24\">Auf der einen Seite steht Uli Hoene\u00df, eine der pr\u00e4gendsten Pers\u00f6nlichkeiten in der Geschichte des FC Bayern. Auf der anderen trainiert Sebastian Hoene\u00df den VfB Stuttgart. Und der ist Ulis Neffe.<\/p>\n<p>Ein M\u00fcnchner Hoene\u00df auf der anderen Seite<\/p>\n<p class=\"text-18 leading-17 user-text-lg:text-22 user-text-xl:text-24\">Uli Hoene\u00df und der fr\u00fchere Fu\u00dfballprofi und Manager Dieter Hoene\u00df sind Br\u00fcder. Sebastian Hoene\u00df ist der Sohn von Dieter \u2013 und somit der Neffe von Uli Hoene\u00df.<\/p>\n<p><a href=\"#focus-1\" class=\"transition-colors block text-current relative\" data-sctrack=\"FocusGalleryImage.Reference\"><img   loading=\"lazy\" src=\"https:\/\/www.europesays.com\/de\/wp-content\/uploads\/2026\/08\/21-082026-xtgx-fussball-dfb-pokal-1-runde-fc-hansa-rostock-vfb-stuttgart-v-l-sebastian-hoeness-hoene.jpeg\" alt=\"imago images 1081834600\" title=\"imago images 1081834600\" width=\"4000\" height=\"2250\" class=\"h-full w-full max-w-full rounded-8\" decoding=\"async\"\/><img loading=\"lazy\" src=\"https:\/\/muenchen.t-online.de\/s\/paper\/_next\/static\/media\/zoom-in.f7dae02f.svg\" alt=\"Vergr\u00f6\u00dfern des Bildes\" title=\"Vergr\u00f6\u00dfern des Bildes\" class=\"block h-[calc(var(--height)_\/_16_*_1rem)] w-[calc(var(--width)_\/_16_*_1rem)] max-w-none absolute right-8 bottom-8 rounded-4 bg-snow p-8\" style=\"--width:32;--height:32\" decoding=\"async\"\/>Sebastian Hoene\u00df will seine Stuttgarter zum Sieg coachen (Archivbild): Er selbst ist jedoch geb\u00fcrtiger M\u00fcnchner. (Quelle: IMAGO\/Michael Taeger\/imago)<\/a><\/p>\n<p class=\"text-18 leading-17 user-text-lg:text-22 user-text-xl:text-24\">Dass ausgerechnet Sebastian am Freitag versucht, den Bayern den Saisonstart zu vermiesen, hat noch ein weiteres Geschm\u00e4ckle. Der VfB-Trainer wurde am 12. Mai 1982 in M\u00fcnchen geboren und kennt den FC Bayern auch aus eigener beruflicher Erfahrung bestens. Von 2017 bis 2019 trainierte er die U19 des Rekordmeisters, anschlie\u00dfend \u00fcbernahm er die zweite Mannschaft und f\u00fchrte sie 2020 als Aufsteiger zur Meisterschaft in der 3. Liga.<\/p>\n<p class=\"text-18 leading-17 user-text-lg:text-22 user-text-xl:text-24\">Und selbst innerhalb seiner Familie f\u00fchren die Verbindungen zu beiden Vereinen. Vater Dieter spielte zun\u00e4chst f\u00fcr Stuttgart und anschlie\u00dfend acht Jahre f\u00fcr Bayern; sp\u00e4ter arbeitete er als Manager des VfB. Vor dem Pokalfinale zwischen beiden Klubs im Mai beschrieb Dieter Hoene\u00df seine Situation deshalb selbst als zwiesp\u00e4ltig. Seine Sympathie neige angesichts seines Sohnes zwar etwas zum VfB, sagte er damals dem DFB \u2013 zugleich verbinde ihn viel mit Bayern und nat\u00fcrlich mit seinem Bruder Uli.<\/p>\n<ul class=\"text-18 leading-17 block pl-24 *:pb-16 *:before:inline-block *:before:size-8 *:before:bg-magenta *:before:mt-0 *:before:mr-12 *:before:mb-2 *:before:-ml-[20px]\">\n<li><strong class=\"font-bold\"><a href=\"https:\/\/muenchen.t-online.de\/region\/muenchen\/id_101407786\/bundesliga-preise-allianz-arena-in-muenchen-hat-teuerste-bratwurst.html\" class=\"transition-colors cursor-pointer no-underline md:hover:text-magenta md:focus:text-magenta border-b border-solid border-current text-salemsfur md:hover:border-magenta\" data-tracking=\"{&quot;action&quot;:&quot;click&quot;,&quot;category&quot;:&quot;intextLink&quot;,&quot;label&quot;:&quot;\/region\/muenchen\/id_101407786\/bundesliga-preise-allianz-arena-in-muenchen-hat-teuerste-bratwurst.html&quot;}\" data-sctrack=\"BodyAnchor\" rel=\"nofollow noopener\" target=\"_blank\">Allianz Arena hat teuerste Bratwurst in der ganzen Liga<\/a><\/strong><\/li>\n<\/ul>\n<p>Familie Hoene\u00df: So ist das Verh\u00e4ltnis zwischen Onkel und Neffe<\/p>\n<p class=\"text-18 leading-17 user-text-lg:text-22 user-text-xl:text-24\">Ein angespanntes Verh\u00e4ltnis zwischen Onkel und Neffe ist \u00f6ffentlich nicht bekannt \u2013 im Gegenteil. Uli Hoene\u00df hat die Arbeit Sebastians mehrfach ausdr\u00fccklich gelobt.<\/p>\n<p class=\"text-18 leading-17 user-text-lg:text-22 user-text-xl:text-24\">Als Stuttgart im Herbst 2023 unter seinem Neffen \u00fcberraschend weit oben in der Bundesliga stand, erkl\u00e4rte Hoene\u00df bei RTL, er verfolge die Spiele des VfB &#8222;mit gro\u00dfer Freude&#8220;. Besonders beeindruckt zeigte er sich davon, wie Sebastian die Mannschaft nach dem beinahe erfolgten Abstieg stabilisiert hatte. Selbst als Stuttgart damals zeitweise vor Bayern stand, machte der Onkel deutlich: Sollte der VfB tats\u00e4chlich besser sein, d\u00fcrfe er auch vor den M\u00fcnchnern stehen. Verhindern m\u00fcsse das eben der FC Bayern selbst.<\/p>\n","protected":false},"excerpt":{"rendered":"Familienduell zum Liga-Auftakt Ausgerechnet der Neffe: Dieser Hoene\u00df will Bayern-Start vermiesen 27.08.2026 &#8211; 19:19 UhrLesedauer: 3 Min. Ehrenpr\u00e4sident&hellip;\n","protected":false},"author":2,"featured_media":1264366,"comment_status":"","ping_status":"","sticky":false,"template":"","format":"standard","meta":{"footnotes":"","_share_on_mastodon":"0"},"categories":[1830],"tags":[522,2721,1634,3364,29,481,1264,209236,208660,458,30,1268,3497,1441,2182,2915],"class_list":["post-1264365","post","type-post","status-publish","format-standard","has-post-thumbnail","category-stuttgart","tag-522","tag-allianz-arena","tag-baden-wuerttemberg","tag-de","tag-deutschland","tag-dfb","tag-dfb-pokal","tag-dieter-hoeness","tag-familienduell","tag-fc-bayern-muenchen","tag-germany","tag-muenchen","tag-sebastian-hoeness","tag-stuttgart","tag-uli-hoeness","tag-vfb-stuttgart"],"share_on_mastodon":{"url":"","error":""},"_links":{"self":[{"href":"https:\/\/www.europesays.com\/de\/wp-json\/wp\/v2\/posts\/1264365","targetHints":{"allow":["GET"]}}],"collection":[{"href":"https:\/\/www.europesays.com\/de\/wp-json\/wp\/v2\/posts"}],"about":[{"href":"https:\/\/www.europesays.com\/de\/wp-json\/wp\/v2\/types\/post"}],"author":[{"embeddable":true,"href":"https:\/\/www.europesays.com\/de\/wp-json\/wp\/v2\/users\/2"}],"replies":[{"embeddable":true,"href":"https:\/\/www.europesays.com\/de\/wp-json\/wp\/v2\/comments?post=1264365"}],"version-history":[{"count":0,"href":"https:\/\/www.europesays.com\/de\/wp-json\/wp\/v2\/posts\/1264365\/revisions"}],"wp:featuredmedia":[{"embeddable":true,"href":"https:\/\/www.europesays.com\/de\/wp-json\/wp\/v2\/media\/1264366"}],"wp:attachment":[{"href":"https:\/\/www.europesays.com\/de\/wp-json\/wp\/v2\/media?parent=1264365"}],"wp:term":[{"taxonomy":"category","embeddable":true,"href":"https:\/\/www.europesays.com\/de\/wp-json\/wp\/v2\/categories?post=1264365"},{"taxonomy":"post_tag","embeddable":true,"href":"https:\/\/www.europesays.com\/de\/wp-json\/wp\/v2\/tags?post=1264365"}],"curies":[{"name":"wp","href":"https:\/\/api.w.org\/{rel}","templated":true}]}}