{"id":1264375,"date":"2026-08-27T17:34:17","date_gmt":"2026-08-27T17:34:17","guid":{"rendered":"https:\/\/www.europesays.com\/de\/1264375\/"},"modified":"2026-08-27T17:34:17","modified_gmt":"2026-08-27T17:34:17","slug":"muenchens-weg-zur-klimaneutralitaet-und-was-dieser-kostet","status":"publish","type":"post","link":"https:\/\/www.europesays.com\/de\/1264375\/","title":{"rendered":"M\u00fcnchens Weg zur Klimaneutralit\u00e4t \u2013 und was dieser kostet"},"content":{"rendered":"<p>Bayerische St\u00e4dte arbeiten an ihrer Klimaneutralit\u00e4t: So wollen W\u00fcrzburg und <a href=\"https:\/\/www.br.de\/nachrichten\/bayern\/erste-klimaneutrale-abbrucharbeiten-in-nuernberg-gestartet,VMWOzwF\" rel=\"nofollow noopener\" target=\"_blank\">N\u00fcrnberg bis zum Jahr 2040 klimaneutral<\/a> sein, Augsburg, Regensburg und M\u00fcnchen sogar schon im Jahr 2035. Das kostet Geld, viel Geld.<\/p>\n<p>Beispiel M\u00fcnchen: B\u00e4ume pflanzen ist teuer<\/p>\n<p>In der Landeshauptstadt M\u00fcnchen k\u00f6nnen die Stadtb\u00e4ume im Sommer <a href=\"https:\/\/www.br.de\/nachrichten\/wissen\/gruenflaechen-in-der-stadt-koennen-co2-ausstoss-teils-kompensieren,VDe0NwO\" rel=\"nofollow noopener\" target=\"_blank\">mehr CO2 aufnehmen als \u202fdie \u202fAutos aussto\u00dfen<\/a>. Das zeigt eine <a href=\"https:\/\/www.tum.de\/aktuelles\/alle-meldungen\/pressemitteilungen\/details\/stadtbaeume-koennen-im-sommer-mehr-co2-aufnehmen-als-autos-ausstossen\" rel=\"nofollow noopener\" target=\"_blank\">aktuelle Berechnung der Technischen Universit\u00e4t M\u00fcnchen<\/a> [externer Link]. Au\u00dferdem\u202fsenken\u202fB\u00e4ume die Temperatur um bis zu zehn Grad und\u202fspenden\u202fSchatten.<\/p>\n<p>Doch <a href=\"https:\/\/www.br.de\/nachrichten\/bayern\/wie-viel-ein-baum-in-der-muenchner-fussgaengerzone-kostet,V9Ufxtz\" rel=\"nofollow noopener\" target=\"_blank\">neue B\u00e4ume pflanzen<\/a> kostet.\u202f In vorhandene Gr\u00fcnfl\u00e4chen insgesamt rund 5.000 Euro. Und wenn im Stra\u00dfenraum umfangreiche Bauma\u00dfnahmen notwendig sind, im Durchschnitt sogar 45.000 Euro, erkl\u00e4rt die Landschaftsarchitektin\u202fGudrun\u202fKloos\u202fvom Baureferat M\u00fcnchen.<\/p>\n<p>Aufw\u00e4ndige Baumgruben in der versiegelten Innenstadt <\/p>\n<p>Denn je nach Standort m\u00fcssen\u202fStra\u00dfenbelege entfernt und erneuert sowie etwa unterirdische Leitungen umgelegt oder die Entw\u00e4sserung angepasst werden. Das Wurzelwerk der B\u00e4ume ben\u00f6tigt zudem aufw\u00e4ndige Baumgruben, die bis zu 36 Kubikmeter gro\u00df sein sollen, so die Landschaftsarchitektin des Baureferats. Das entspricht in etwa der Gr\u00f6\u00dfe eines gro\u00dfen Bau-Containers. <\/p>\n<p>Diese Gruben m\u00fcssen dann mit speziellem Substrat bef\u00fcllt und die neuen <a href=\"https:\/\/www.br.de\/nachrichten\/bayern\/gegen-trockenstress-sollten-buerger-baeume-giessen,UquUAIa\" rel=\"nofollow noopener\" target=\"_blank\">B\u00e4ume gegossen<\/a> und gepflegt werden. Allein diese sogenannte Anwuchs- und Entwicklungspflege liege f\u00fcr den Zeitraum von f\u00fcnf Jahren bei rund 5.000 Euro pro Baum.<\/p>\n<p>3.500 neue B\u00e4ume f\u00fcr M\u00fcnchen<\/p>\n<p>In der\u202f <a href=\"https:\/\/www.br.de\/nachrichten\/kultur\/hitze-oder-denkmalschutz-muss-die-ludwigstrasse-gruener-werden,VRPZXDa\" rel=\"nofollow noopener\" target=\"_blank\">stark\u202f versiegelten Innenstadt<\/a> kann ein einzelner Baum bis zu 95.000 Euro kosten,\u202fmeint auch der M\u00fcnchner Oberb\u00fcrgermeister, Dominik Krause. Dort m\u00fcssen die Baumgruben etwa so befestigt werden, dass sie auch von Lkw \u00fcberfahrbar sind.<\/p>\n<blockquote><p>&#8222;Wir geben schon viel Geld f\u00fcr den Klimaschutz aus. Aus meiner Sicht ist \u202fdas \u202faber auch das Gebot der Stunde!&#8220; Dominik Krause, M\u00fcnchens OB<\/p><\/blockquote>\n<p>Man m\u00fcsse in der Energieerzeugung unabh\u00e4ngig sein, wenn \u202fProbleme aufkommen, etwa wenn &#8222;der Gashahn zugedreht wird&#8220;, so der Gr\u00fcnen-Politiker weiter. Das w\u00fcrde\u202f die\u202f Wirtschaft &#8222;ganz massiv belasten&#8220; und viel h\u00f6here Folgesch\u00e4den ausl\u00f6sen.<\/p>\n<p>Die Stadt M\u00fcnchen investiert \u202finsgesamt rund 52 Millionen Euro in 3.500 neue B\u00e4ume. Vor allem <a href=\"https:\/\/www.br.de\/nachrichten\/bayern\/die-stadtbaeume-der-zukunft-ein-kampf-gegen-die-hitze,UqdNns2\" rel=\"nofollow noopener\" target=\"_blank\">Arten, die klimaresilient sind<\/a> und viel Schatten spenden. Rund 2.000 \u202fdavon\u202fwerden laut M\u00fcnchner Baureferat bis\u202fEnde\u202fdieses Jahres gepflanzt sein.<\/p>\n<p>Kritik an neuen B\u00e4umen: Parkpl\u00e4tze fallen weg\u202f<\/p>\n<p>Doch mit diesen Investitionen sind nicht alle zufrieden. Der umweltpolitische Sprecher der CSU-Fraktion im Stadtrat, Sebastian Schall, argumentiert, dass man eher Geld in den Ausbau von Buslinien investieren m\u00fcsse. &#8222;Da sehen wir die M\u00f6glichkeit dadurch, dass wir den teuren Umbau von bestehender Stra\u00dfeninfrastruktur in \u00fcberbreite Radwege sofort stoppen und dieses Geld eins zu eins sofort in den Ausbau des \u00d6PNV stecken.&#8220;<\/p>\n<p>Die CSU-Fraktion im M\u00fcnchner Stadtrat sieht durch neue B\u00e4ume &#8211; beispielsweise\u202fan der Augustenstra\u00dfe\u202fin der Maxvorstadt &#8211; zudem zu viele Parkpl\u00e4tze wegfallen, so Schall.\u202fGrunds\u00e4tzlich sei man f\u00fcr neue B\u00e4ume. Man m\u00fcsse sich jedoch detailliert jeden Ort f\u00fcr einen neuen Baum ansehen und dann entscheiden.<\/p>\n<p>Experte: B\u00e4ume in Zeiten des Klimawandels n\u00f6tig\u202f<\/p>\n<p>Ein neuer Gro\u00dfbaum brauche den Platz von einem oder zwei Parkpl\u00e4tzen,\u202fbest\u00e4tigt Stephan Pauleit, Professor f\u00fcr Strategie und Management der Landschaftsentwicklung an der TU M\u00fcnchen. Das berge Konfliktpotenzial. Doch sieht es der Experte angesichts des Klimawandels nicht als Alternative, keine neuen B\u00e4ume zu pflanzen. <\/p>\n<p>Es gehe nicht darum, dass die Stadt wieder zum Land werde, so Pauleit, sondern gegen\u00fcber der heutigen Situation d\u00fcrfe sich <a href=\"https:\/\/www.br.de\/nachrichten\/bayern\/staedte-als-hitzeinseln-und-was-dauerhaft-abkuehlung-bringt,VKopgtZ\" rel=\"nofollow noopener\" target=\"_blank\">der Hitzestress nicht verschlimmern<\/a>.\u202fM\u00fcnchen drohten\u202fbis zum Jahr 2055 bis zu drei Grad Celsius mehr. In sogenannten Hitzequartieren k\u00f6nnte es also &#8222;unertr\u00e4glich&#8220; werden, warnt\u202fer.<\/p>\n<p>Klimaschutzprojekte\u202fin Millionenh\u00f6he<\/p>\n<p>Auch deshalb\u202finvestiert die Stadt M\u00fcnchen derzeit\u202fim Schnitt \u202fgut 110 Millionen j\u00e4hrlich in explizite Klimaschutzprojekte. Also\u202fin etwa\u202f ein \u202fProzent des j\u00e4hrlichen Gesamthaushaltes der Stadt. Davon wird\u202fbeispielsweise\u202fdie Stra\u00dfenbeleuchtung energiesparend umgestellt und vor allem Eigent\u00fcmer darin unterst\u00fctzt, ihre <a href=\"https:\/\/www.br.de\/nachrichten\/wirtschaft\/klimawandel-veraendert-das-bauen-diese-optionen-gibt-es,UZqhAoJ\" rel=\"nofollow noopener\" target=\"_blank\">Geb\u00e4ude klimaneutral zu gestalten<\/a>. <\/p>\n<p>Dazu kommen \u202fInvestitionen\u202fdurch die Stadtwerke:\u202fin den kommenden Jahren\u202f\u202finsgesamt rund\u202f zehn Milliarden Euro f\u00fcr den Ausbau des Fernw\u00e4rmenetzes mit Geothermie. Und weitere millionenschwere Investitionen\u202fdurch die Stadt\u202fin den \u00d6PNV-Ausbau und die F\u00f6rderung der Kreislaufwirtschaft. Aus Sicht des Oberb\u00fcrgermeisters k\u00f6nne das Ziel der Stadt, 2035 klimaneutral zu sein, so erreicht werden.<\/p>\n","protected":false},"excerpt":{"rendered":"Bayerische St\u00e4dte arbeiten an ihrer Klimaneutralit\u00e4t: So wollen W\u00fcrzburg und N\u00fcrnberg bis zum Jahr 2040 klimaneutral sein, Augsburg,&hellip;\n","protected":false},"author":2,"featured_media":1264376,"comment_status":"","ping_status":"","sticky":false,"template":"","format":"standard","meta":{"footnotes":"","_share_on_mastodon":"0"},"categories":[1827],"tags":[9180,772,29,30,11607,1268,2339,2715,3041],"class_list":["post-1264375","post","type-post","status-publish","format-standard","has-post-thumbnail","category-muenchen","tag-baeume","tag-bayern","tag-deutschland","tag-germany","tag-hitze","tag-muenchen","tag-oberbayern","tag-sommer","tag-stadt"],"share_on_mastodon":{"url":"https:\/\/pubeurope.com\/@de\/117168679971975967","error":""},"_links":{"self":[{"href":"https:\/\/www.europesays.com\/de\/wp-json\/wp\/v2\/posts\/1264375","targetHints":{"allow":["GET"]}}],"collection":[{"href":"https:\/\/www.europesays.com\/de\/wp-json\/wp\/v2\/posts"}],"about":[{"href":"https:\/\/www.europesays.com\/de\/wp-json\/wp\/v2\/types\/post"}],"author":[{"embeddable":true,"href":"https:\/\/www.europesays.com\/de\/wp-json\/wp\/v2\/users\/2"}],"replies":[{"embeddable":true,"href":"https:\/\/www.europesays.com\/de\/wp-json\/wp\/v2\/comments?post=1264375"}],"version-history":[{"count":0,"href":"https:\/\/www.europesays.com\/de\/wp-json\/wp\/v2\/posts\/1264375\/revisions"}],"wp:featuredmedia":[{"embeddable":true,"href":"https:\/\/www.europesays.com\/de\/wp-json\/wp\/v2\/media\/1264376"}],"wp:attachment":[{"href":"https:\/\/www.europesays.com\/de\/wp-json\/wp\/v2\/media?parent=1264375"}],"wp:term":[{"taxonomy":"category","embeddable":true,"href":"https:\/\/www.europesays.com\/de\/wp-json\/wp\/v2\/categories?post=1264375"},{"taxonomy":"post_tag","embeddable":true,"href":"https:\/\/www.europesays.com\/de\/wp-json\/wp\/v2\/tags?post=1264375"}],"curies":[{"name":"wp","href":"https:\/\/api.w.org\/{rel}","templated":true}]}}