{"id":1264401,"date":"2026-08-27T17:53:18","date_gmt":"2026-08-27T17:53:18","guid":{"rendered":"https:\/\/www.europesays.com\/de\/1264401\/"},"modified":"2026-08-27T17:53:18","modified_gmt":"2026-08-27T17:53:18","slug":"saenger-eros-ramazzotti-muss-konzerte-verschieben","status":"publish","type":"post","link":"https:\/\/www.europesays.com\/de\/1264401\/","title":{"rendered":"S\u00e4nger Eros Ramazzotti muss Konzerte verschieben"},"content":{"rendered":"<p>\nGesundheitliche Probleme\n<\/p>\n<p>Aktualisiert am 27.08.2026, 18:26 Uhr\n<\/p>\n<p><a href=\"https:\/\/i0.web.de\/image\/008\/42656008,pd=1.jpg\" data-brain-zone=\".42655898.content.lead.1\" data-component-path=\"content.lead.1\" data-component-name=\"article-image\" rel=\"nofollow noopener\" target=\"_blank\"> <\/p>\n<p><img loading=\"lazy\" decoding=\"async\" src=\"https:\/\/www.europesays.com\/de\/wp-content\/uploads\/2026\/08\/42656008,pd=1,f=responsive169-w950.jpg\" alt=\"\" width=\"950\" height=\"534\"\/><\/p>\n<p><\/a> <\/p>\n<p>\nEros Ramazotti an den Stimmb\u00e4ndern operiert. (Archivbild)<br \/>\n\u00a9\u00a0picture alliance\/Ulrich Stamm\/Geisler-Fotopress\n<\/p>\n<p class=\"content__description\" data-speakable=\"\">Eros Ramazzotti ist an den Stimmb\u00e4ndern operiert worden. Der S\u00e4nger legt deshalb eine Pause ein. Konzerte seiner Tournee. m\u00fcssen verschoben werden.<\/p>\n<p data-speakable=\"\">Der italienische S\u00e4nger <a data-component-name=\"link.semantic\" data-brain-zone=\".42655898.content.textlink_1\" data-component-path=\"content.textlink_1\" href=\"https:\/\/web.de\/magazine\/unterhaltung\/thema\/eros-ramazzotti\" rel=\"nofollow noopener\" target=\"_blank\">Eros Ramazzotti<\/a> (62) muss wegen gesundheitlicher Probleme Konzerte seiner &#8222;Una Storia Importante World Tour&#8220; verschieben. Der 62-J\u00e4hrige legt nach einer Operation an den Stimmb\u00e4ndern eine Pause ein. Der Eingriff sei gut verlaufen, hei\u00dft es in einem Statement, <a target=\"_blank\" data-brain-zone=\".42655898.content.textlink_2\" data-component-path=\"content.textlink_2\" data-component-name=\"link.external\" rel=\"noopener nofollow\" href=\"https:\/\/www.friendsandpartners.it\/news\/eros-ramazzotti-posticipati-al-2027-gli-show-del-tour-usa-latino-america\">das der Konzertveranstalter Friends &amp; Partners ver\u00f6ffentlichte<\/a>.<\/p>\n<p data-speakable=\"\">Darin erkl\u00e4rt der S\u00e4nger: &#8222;Ich danke euch allen f\u00fcr die liebevollen Nachrichten und die Anteilnahme, die ihr mir gesendet habt.&#8220; Allerdings habe ihm sein Arzt ein Rehabilitationsprogramm verordnet. Dadurch sei es ihm nicht m\u00f6glich, rechtzeitig f\u00fcr die Proben und den Start der Konzerte in Nord- und Lateinamerika bereit zu sein. Diese werden auf 2027 verschoben. &#8222;Wir werden uns st\u00e4rker und vereinter als zuvor wiedersehen&#8220;, so der S\u00e4nger, der seine Botschaft mit dem Wort &#8222;Love&#8220; und Herz-Emojis abschloss.<\/p>\n<p>N\u00e4chstes Jahr geht die Tour von Eros Ramazzotti weiter<\/p>\n<p data-speakable=\"\">Eros Ramazzotti hatte vor etwa zwei Monaten die Europa-Etappen seiner Tour abgeschlossen, bei denen er zwischen dem 11. Februar und dem 27. Juni 2026 unter anderem in Paris, Stra\u00dfburg, Br\u00fcssel, M\u00fcnchen, Oslo, Frankfurt, Prag, Barcelona und Madrid sowie etwa in Rom und Mailand auftrat.<\/p>\n<p data-speakable=\"\">Nach vier Monaten Pause h\u00e4tte Ramazzotti dann nach Kanada reisen sollen, um dort den n\u00e4chsten Termin seiner Welttournee zu bestreiten, der urspr\u00fcnglich f\u00fcr den 16. Oktober in Toronto geplant war. Von dort aus h\u00e4tte er zwischen Oktober und November Station in Boston, New York, Chicago, Miami und Los Angeles gemacht und anschlie\u00dfend in Lateinamerika auf den B\u00fchnen gestanden.<\/p>\n<p><strong>Empfehlungen der Redaktion<\/strong><\/p>\n<p data-speakable=\"\">Der K\u00fcnstler wird kommendes Jahr im April in Luxemburg mit seiner Tour zur\u00fcckkehren und diese anschlie\u00dfend in Europa fortsetzen. Nach dem Sommer wird er dann die verschobenen Konzerte nachholen, die vom 24. September 2027 in Toronto bis zum 9. November 2027 in S\u00e3o Paulo, Brasilien, stattfinden werden. (hub\/spot)\u00a0<br \/>\n\u00a9 1&amp;1 Mail &amp; Media\/spot on news<\/p>\n","protected":false},"excerpt":{"rendered":"Gesundheitliche Probleme Aktualisiert am 27.08.2026, 18:26 Uhr Eros Ramazotti an den Stimmb\u00e4ndern operiert. (Archivbild) \u00a9\u00a0picture alliance\/Ulrich Stamm\/Geisler-Fotopress Eros&hellip;\n","protected":false},"author":2,"featured_media":1264402,"comment_status":"","ping_status":"","sticky":false,"template":"","format":"standard","meta":{"footnotes":"","_share_on_mastodon":"0"},"categories":[1772],"tags":[29,214,20016,30,1779,810,105848,2992,215],"class_list":["post-1264401","post","type-post","status-publish","format-standard","has-post-thumbnail","category-musik","tag-deutschland","tag-entertainment","tag-eros-ramazzotti","tag-germany","tag-music","tag-musik","tag-stimmband","tag-tournee","tag-unterhaltung"],"share_on_mastodon":{"url":"https:\/\/pubeurope.com\/@de\/117168754405013635","error":""},"_links":{"self":[{"href":"https:\/\/www.europesays.com\/de\/wp-json\/wp\/v2\/posts\/1264401","targetHints":{"allow":["GET"]}}],"collection":[{"href":"https:\/\/www.europesays.com\/de\/wp-json\/wp\/v2\/posts"}],"about":[{"href":"https:\/\/www.europesays.com\/de\/wp-json\/wp\/v2\/types\/post"}],"author":[{"embeddable":true,"href":"https:\/\/www.europesays.com\/de\/wp-json\/wp\/v2\/users\/2"}],"replies":[{"embeddable":true,"href":"https:\/\/www.europesays.com\/de\/wp-json\/wp\/v2\/comments?post=1264401"}],"version-history":[{"count":0,"href":"https:\/\/www.europesays.com\/de\/wp-json\/wp\/v2\/posts\/1264401\/revisions"}],"wp:featuredmedia":[{"embeddable":true,"href":"https:\/\/www.europesays.com\/de\/wp-json\/wp\/v2\/media\/1264402"}],"wp:attachment":[{"href":"https:\/\/www.europesays.com\/de\/wp-json\/wp\/v2\/media?parent=1264401"}],"wp:term":[{"taxonomy":"category","embeddable":true,"href":"https:\/\/www.europesays.com\/de\/wp-json\/wp\/v2\/categories?post=1264401"},{"taxonomy":"post_tag","embeddable":true,"href":"https:\/\/www.europesays.com\/de\/wp-json\/wp\/v2\/tags?post=1264401"}],"curies":[{"name":"wp","href":"https:\/\/api.w.org\/{rel}","templated":true}]}}