{"id":1264414,"date":"2026-08-27T18:01:31","date_gmt":"2026-08-27T18:01:31","guid":{"rendered":"https:\/\/www.europesays.com\/de\/1264414\/"},"modified":"2026-08-27T18:01:31","modified_gmt":"2026-08-27T18:01:31","slug":"putin-plant-massive-eskalation-in-der-ukraine-brisanter-medienbericht-politik","status":"publish","type":"post","link":"https:\/\/www.europesays.com\/de\/1264414\/","title":{"rendered":"Putin plant massive Eskalation in der Ukraine! Brisanter Medienbericht | Politik"},"content":{"rendered":"<p><a class=\"skip-content skip-content--link\" href=\"#in-content-skip-link-target-v-0-0\">TTS-Player \u00fcberspringen\u21b5<\/a><a id=\"in-content-skip-link-target-v-0-0\" class=\"skip-content--target-link-hidden skip-content skip-content--target-link\" href=\"#in-content-skip-link-target-v-0-0\">Artikel weiterlesen<\/a><\/p>\n<p data-83f060b9=\"0-2150\">Moskau \u2013 <b>Brisante und d\u00fcstere Nachrichten mitten in den Spekulationen um einen russischen Angriff auf das Baltikum: Kreml-Chef Wladimir Putin (73) soll sich auf eine massive Versch\u00e4rfung seiner Angriffe in der Ukraine vorbereiten. Das berichten drei dem Kreml nahestehende Personen der Nachrichtenagentur \u201eBloomberg\u201c. Putin will demnach die Ukraine verst\u00e4rkt mit ballistischen Raketen \u00fcberziehen \u2013 und k\u00f6nnte sogar Atomwaffen einsetzen. <\/b><\/p>\n<p data-83f060b9=\"0-2150\">Konkret soll Russland die Ausweitung schwerer Raketenangriffe vorbereiten. Im Visier stehen laut den Insidern nicht nur milit\u00e4rische Ziele, sondern auch wichtige Infrastruktur in ukrainischen St\u00e4dten. <a href=\"https:\/\/www.bild.de\/politik\/leute\/wladimir-putin\/wladimir-putin-alle-infos-79314364.bild.html\" class=\"text-link\" rel=\"nofollow noopener\" target=\"_blank\">Putin<\/a> deutete zuletzt offen eine h\u00e4rtere Gangart an: Die Ukraine habe mit ihren Angriffen auf russische Infrastruktur eine \u201eB\u00fcchse der Pandora\u201c ge\u00f6ffnet. Auch Kremlsprecher Dmitri Peskow (58) k\u00fcndigte eine \u201eharte Reaktion\u201c auf die ukrainischen Schl\u00e4ge an.<\/p>\n<p>Das k\u00f6nnte hinter den Eskalations-Pl\u00e4nen stecken<\/p>\n<p data-83f060b9=\"0-2150\">Im Kreml w\u00e4chst offenbar die \u00dcberzeugung, dass sich die eigenen Kriegsziele nicht mehr am Verhandlungstisch erreichen lassen. Weder westliche Sanktionen noch die ukrainischen Angriffe auf russische Raffinerien und Logistikzentren h\u00e4tten Putin laut \u201eBloomberg\u201c zum Einlenken bewegt. Stattdessen werden die Attacken aus der Ukraine zunehmend als Angriffe des gesamten westlichen B\u00fcndnisses gesehen, weil NATO-Staaten Kiew mit Waffen und Informationen unterst\u00fctzen.<\/p>\n<p><img decoding=\"async\" width=\"992\" height=\"558\" alt=\"Schon jetzt \u00fcberzieht Russland die Ukraine mit schweren Angriffen: hier auf ein Warenlager in Kiew\" loading=\"lazy\" src=\"https:\/\/www.europesays.com\/de\/wp-content\/uploads\/2026\/08\/fc3df2446e7add0065b40ea44831157c,cf803fc2.jpeg\"   class=\"landscape\"\/><\/p>\n<p class=\"fig__caption__text\">Schon jetzt \u00fcberzieht Russland die Ukraine mit schweren Angriffen: hier auf ein Warenlager in Kiew<\/p>\n<p>Foto: Global Images Ukraine via Getty Images<\/p>\n<p>Nuklearer Angriff h\u00e4tte auch Folgen f\u00fcr Deutschland<\/p>\n<p data-83f060b9=\"0-2150\">Kreml-Insider berichten: Intern wird zunehmend \u00fcber den Einsatz taktischer Atomwaffen diskutiert. Das sind kleinere Nuklearwaffen, die einzelne Ziele zerst\u00f6ren sollen. Trotzdem verursachen sie verheerende Sch\u00e4den und radioaktive Verseuchung, die \u00fcber Winde auch nach Deutschland getragen werden k\u00f6nnte. Von konkreten Vorbereitungen f\u00fcr einen nuklearen Angriff ist aber aktuell nichts bekannt.<\/p>\n<p>Mehr zum Thema<\/p>\n<p data-83f060b9=\"0-2150\">Solange <a href=\"https:\/\/www.bild.de\/politik\/ausland\/russland\/russland-alle-infos-79315672.bild.html\" class=\"text-link\" rel=\"nofollow noopener\" target=\"_blank\">Russland<\/a> mit konventionellen Waffen weiter eskalieren kann, sehen viele Beobachter bisher noch keinen unmittelbaren Grund f\u00fcr einen Atomwaffeneinsatz. Die <a href=\"https:\/\/www.bild.de\/news\/ausland\/ukraine\/thema-ukraine-alle-infos-80028690.bild.html\" class=\"text-link\" rel=\"nofollow noopener\" target=\"_blank\">Ukraine<\/a> konnte zuletzt wieder Gebiete zur\u00fcckerobern und setzt Russland durch Drohnen- und Raketenangriffe unter Druck.<\/p>\n","protected":false},"excerpt":{"rendered":"TTS-Player \u00fcberspringen\u21b5Artikel weiterlesen Moskau \u2013 Brisante und d\u00fcstere Nachrichten mitten in den Spekulationen um einen russischen Angriff auf&hellip;\n","protected":false},"author":2,"featured_media":1264415,"comment_status":"","ping_status":"","sticky":false,"template":"","format":"standard","meta":{"footnotes":"","_share_on_mastodon":"0"},"categories":[3],"tags":[13,3083,14,15,3082,307,12,138370,10,8,9,11,317,3081,103,104],"class_list":["post-1264414","post","type-post","status-publish","format-standard","has-post-thumbnail","category-welt","tag-headlines","tag-krim","tag-nachrichten","tag-news","tag-putin-wladimir","tag-russland","tag-schlagzeilen","tag-team-first","tag-top-news","tag-top-meldungen","tag-topmeldungen","tag-topnews","tag-ukraine","tag-ukraine-konflikt","tag-welt","tag-world"],"share_on_mastodon":{"url":"https:\/\/pubeurope.com\/@de\/117168785652513071","error":""},"_links":{"self":[{"href":"https:\/\/www.europesays.com\/de\/wp-json\/wp\/v2\/posts\/1264414","targetHints":{"allow":["GET"]}}],"collection":[{"href":"https:\/\/www.europesays.com\/de\/wp-json\/wp\/v2\/posts"}],"about":[{"href":"https:\/\/www.europesays.com\/de\/wp-json\/wp\/v2\/types\/post"}],"author":[{"embeddable":true,"href":"https:\/\/www.europesays.com\/de\/wp-json\/wp\/v2\/users\/2"}],"replies":[{"embeddable":true,"href":"https:\/\/www.europesays.com\/de\/wp-json\/wp\/v2\/comments?post=1264414"}],"version-history":[{"count":0,"href":"https:\/\/www.europesays.com\/de\/wp-json\/wp\/v2\/posts\/1264414\/revisions"}],"wp:featuredmedia":[{"embeddable":true,"href":"https:\/\/www.europesays.com\/de\/wp-json\/wp\/v2\/media\/1264415"}],"wp:attachment":[{"href":"https:\/\/www.europesays.com\/de\/wp-json\/wp\/v2\/media?parent=1264414"}],"wp:term":[{"taxonomy":"category","embeddable":true,"href":"https:\/\/www.europesays.com\/de\/wp-json\/wp\/v2\/categories?post=1264414"},{"taxonomy":"post_tag","embeddable":true,"href":"https:\/\/www.europesays.com\/de\/wp-json\/wp\/v2\/tags?post=1264414"}],"curies":[{"name":"wp","href":"https:\/\/api.w.org\/{rel}","templated":true}]}}