{"id":1264486,"date":"2026-08-27T18:44:17","date_gmt":"2026-08-27T18:44:17","guid":{"rendered":"https:\/\/www.europesays.com\/de\/1264486\/"},"modified":"2026-08-27T18:44:17","modified_gmt":"2026-08-27T18:44:17","slug":"neuer-stuermer-fuer-den-glubb-nuernberg-vor-leihe-von-mainzer-boeving","status":"publish","type":"post","link":"https:\/\/www.europesays.com\/de\/1264486\/","title":{"rendered":"Neuer St\u00fcrmer f\u00fcr den Glubb: N\u00fcrnberg vor Leihe von Mainzer B\u00f6ving"},"content":{"rendered":"<p>Mainz-St\u00fcrmer B\u00f6ving vor Leihe in Liga zwei<\/p>\n<p><a href=\"https:\/\/www.fussballdaten.de\/person\/william-boving\/\" target=\"_blank\" rel=\"nofollow noopener\">William B\u00f6ving<\/a> vom <a href=\"https:\/\/www.fussballdaten.de\/vereine\/1-fsv-mainz-05\/\" title=\"Profil von 1. FSV Mainz 05\" rel=\"nofollow noopener\" target=\"_blank\">1. FSV Mainz 05<\/a> steht wohl kurz vor einer Leihe in die 2. Bundesliga. Wie &#8222;Sky&#8220; berichtet, soll der 23-J\u00e4hrige in der kommenden Saison beim <a href=\"https:\/\/www.fussballdaten.de\/vereine\/1-fc-nuernberg\/\" title=\"Profil von 1. FC N\u00fcrnberg\" rel=\"nofollow noopener\" target=\"_blank\">1. FC N\u00fcrnberg<\/a> Spielpraxis sammeln. Der Wechsel befindet sich bereits auf der Zielgeraden. Im Anschluss an die einj\u00e4hrige Leihe hat der Club keine Kaufoption.<\/p>\n<p class=\"mb20 mt30\">B\u00f6ving konnte sich seit seinem Wechsel vom SK <a href=\"https:\/\/www.fussballdaten.de\/vereine\/sturm-graz\/\" title=\"Profil von Sturm Graz\" rel=\"nofollow noopener\" target=\"_blank\">Sturm Graz<\/a> nach Mainz im Sommer 2025 nie durchsetzen. Die h\u00f6here Intensit\u00e4t in der deutschen Bundesliga und sein fehlendes Tempo schienen den D\u00e4nen in seiner ersten Saison zu \u00fcberfordern. Deshalb kam er meist nur zu kurzen Eins\u00e4tzen, konnte seine gute Technik aber aufblitzen lassen. In 19 Eins\u00e4tzen f\u00fcr die &#8222;05er&#8220; erzielte der ehemalige Grazer Torj\u00e4ger nur einen Treffer.<\/p>\n<p>Medizincheck morgen geplant<\/p>\n<p class=\"mb20 mt30\">In N\u00fcrnberg sollen es wieder mehr werden. Mit dem langj\u00e4hrigen WM-Rekordtorsch\u00fctzen <a href=\"https:\/\/www.fussballdaten.de\/person\/miroslav-klose\/\" title=\"Profil von Miroslav Klose\" rel=\"nofollow noopener\" target=\"_blank\">Miroslav Klose<\/a> haben die Franken zudem einen Trainer, der wei\u00df, wo das Tor steht. B\u00f6vings Leihe zum FCN soll zeitnah abgeschlossen werden. Der obligatorische Medizincheck ist f\u00fcr den morgigen Freitag angesetzt.<\/p>\n","protected":false},"excerpt":{"rendered":"Mainz-St\u00fcrmer B\u00f6ving vor Leihe in Liga zwei William B\u00f6ving vom 1. FSV Mainz 05 steht wohl kurz vor&hellip;\n","protected":false},"author":2,"featured_media":1264487,"comment_status":"","ping_status":"","sticky":false,"template":"","format":"standard","meta":{"footnotes":"","_share_on_mastodon":"0"},"categories":[1837],"tags":[783,5854,621,772,299,261269,3364,29,30,25014,3783,261268,261267],"class_list":["post-1264486","post","type-post","status-publish","format-standard","has-post-thumbnail","category-nuernberg","tag-1-fc-nuernberg","tag-1-fsv-mainz-05","tag-2-bundesliga","tag-bayern","tag-bundesliga","tag-bundesliga-news","tag-de","tag-deutschland","tag-germany","tag-mainz-05","tag-nuernberg","tag-william-boeving","tag-william-boving-william-boving-vick"],"share_on_mastodon":{"url":"https:\/\/pubeurope.com\/@de\/117168958827672316","error":""},"_links":{"self":[{"href":"https:\/\/www.europesays.com\/de\/wp-json\/wp\/v2\/posts\/1264486","targetHints":{"allow":["GET"]}}],"collection":[{"href":"https:\/\/www.europesays.com\/de\/wp-json\/wp\/v2\/posts"}],"about":[{"href":"https:\/\/www.europesays.com\/de\/wp-json\/wp\/v2\/types\/post"}],"author":[{"embeddable":true,"href":"https:\/\/www.europesays.com\/de\/wp-json\/wp\/v2\/users\/2"}],"replies":[{"embeddable":true,"href":"https:\/\/www.europesays.com\/de\/wp-json\/wp\/v2\/comments?post=1264486"}],"version-history":[{"count":0,"href":"https:\/\/www.europesays.com\/de\/wp-json\/wp\/v2\/posts\/1264486\/revisions"}],"wp:featuredmedia":[{"embeddable":true,"href":"https:\/\/www.europesays.com\/de\/wp-json\/wp\/v2\/media\/1264487"}],"wp:attachment":[{"href":"https:\/\/www.europesays.com\/de\/wp-json\/wp\/v2\/media?parent=1264486"}],"wp:term":[{"taxonomy":"category","embeddable":true,"href":"https:\/\/www.europesays.com\/de\/wp-json\/wp\/v2\/categories?post=1264486"},{"taxonomy":"post_tag","embeddable":true,"href":"https:\/\/www.europesays.com\/de\/wp-json\/wp\/v2\/tags?post=1264486"}],"curies":[{"name":"wp","href":"https:\/\/api.w.org\/{rel}","templated":true}]}}