{"id":1264498,"date":"2026-08-27T18:51:27","date_gmt":"2026-08-27T18:51:27","guid":{"rendered":"https:\/\/www.europesays.com\/de\/1264498\/"},"modified":"2026-08-27T18:51:27","modified_gmt":"2026-08-27T18:51:27","slug":"feine-sahne-fischfilet-kommt-nach-bremen-konzert-im-februar","status":"publish","type":"post","link":"https:\/\/www.europesays.com\/de\/1264498\/","title":{"rendered":"Feine Sahne Fischfilet kommt nach Bremen \u2013 Konzert im Februar"},"content":{"rendered":"<p>Konzert im Februar <\/p>\n<p>Feine Sahne Fischfilet kommt zur\u00fcck nach Bremen<\/p>\n<p>27.08.2026 &#8211; 19:41 UhrLesedauer: 2 Min.<\/p>\n<p><a href=\"#focus-0\" class=\"transition-colors block text-current relative\" data-sctrack=\"FocusGalleryImage.Reference\"><img fetchpriority=\"high\" data-testid=\"Opener.Image\"   loading=\"eager\" src=\"https:\/\/www.europesays.com\/de\/wp-content\/uploads\/2026\/08\/feine-sahne-fischfilet-archivbild-die-band-supportete-in-bremen-die-toten-hosen.jpg\" alt=\"Feine Sahne Fischfilet (Archivbild): Die Band supportete in Bremen Die Toten Hosen.\" title=\"Feine Sahne Fischfilet (Archivbild): Die Band supportete in Bremen Die Toten Hosen.\" width=\"3965\" height=\"2230\" class=\"bg-[url:var(--lqipURL)] bg-cover bg-center flex h-full w-full max-w-full\" style=\"--lqipURL:url('https:\/\/images.t-online.de\/2026\/08\/IISr8EuHVF7R\/0x207:3965x2230\/fit-in\/150x0\/filters:blur(25)\/feine-sahne-fischfilet-archivbild-die-band-supportete-in-bremen-die-toten-hosen.jpg')\" decoding=\"async\"\/><img loading=\"lazy\" src=\"https:\/\/bremen.t-online.de\/s\/paper\/_next\/static\/media\/zoom-in.f7dae02f.svg\" alt=\"Vergr\u00f6\u00dfern des Bildes\" title=\"Vergr\u00f6\u00dfern des Bildes\" class=\"block h-[calc(var(--height)_\/_16_*_1rem)] w-[calc(var(--width)_\/_16_*_1rem)] max-w-none absolute right-8 bottom-8 rounded-4 bg-snow p-8\" style=\"--width:32;--height:32\" decoding=\"async\"\/><\/a><\/p>\n<p>Feine Sahne Fischfilet (Archivbild): Die Band supportete in Bremen Die Toten Hosen. (Quelle: IMAGO)<\/p>\n<p><img loading=\"lazy\" src=\"https:\/\/bremen.t-online.de\/s\/paper\/_next\/static\/media\/audio-volume.6689034c.svg\" alt=\"\" title=\"\" class=\"block h-[calc(var(--height)_\/_16_*_1rem)] w-[calc(var(--width)_\/_16_*_1rem)] max-w-none group-hover:brightness-0 group-hover:invert\" style=\"--width:16;--height:16\" decoding=\"async\"\/>Vorlesen<\/p>\n<p>Aktuelle Zeit:0:00Gesamtdauer:0:00<\/p>\n<p>1x<img loading=\"lazy\" src=\"https:\/\/bremen.t-online.de\/s\/paper\/_next\/static\/media\/font-sizes.32942e33.svg\" alt=\"\" title=\"\" class=\"block h-[calc(var(--height)_\/_16_*_1rem)] w-[calc(var(--width)_\/_16_*_1rem)] max-w-none group-hover:hidden group-aria-expanded:hidden\" style=\"--width:16;--height:16\" decoding=\"async\"\/><img loading=\"lazy\" src=\"https:\/\/bremen.t-online.de\/s\/paper\/_next\/static\/media\/font-sizes-dark-mode.e382645c.svg\" alt=\"\" title=\"\" class=\"block h-[calc(var(--height)_\/_16_*_1rem)] w-[calc(var(--width)_\/_16_*_1rem)] max-w-none hidden group-hover:block group-aria-expanded:block\" style=\"--width:16;--height:16\" decoding=\"async\"\/><img loading=\"lazy\" src=\"https:\/\/bremen.t-online.de\/s\/paper\/_next\/static\/media\/sharing-menu-icon.1eb71368.svg\" alt=\"\" title=\"\" class=\"block h-[calc(var(--height)_\/_16_*_1rem)] w-[calc(var(--width)_\/_16_*_1rem)] max-w-none group-hover:brightness-0 group-hover:invert\" style=\"--width:16;--height:16\" decoding=\"async\"\/>Artikel teilen<\/p>\n<p class=\"font-bold text-18 leading-17 user-text-lg:text-22 user-text-xl:text-24\">Feine Sahne Fischfilet geht im kommenden Jahr auf Tour. Auch in Bremen steht ein Konzert an.<\/p>\n<p class=\"text-18 leading-17 user-text-lg:text-22 user-text-xl:text-24\">Die Band Feine Sahne Fischfilet aus Rostock geht 2027 wieder auf Tour. Unter dem Titel &#8222;Endlich auf Reisen&#8220; sind vom 18. Februar bis zum 9. M\u00e4rz insgesamt 14 Konzerte in Deutschland und der Schweiz geplant, wie das Management der Band jetzt mitteilte.<\/p>\n<p class=\"text-18 leading-17 user-text-lg:text-22 user-text-xl:text-24\">&#8222;Nach unserem v\u00f6llig verr\u00fcckten 20. Geburtstag in Rostock haben wir gerade mehr Bock denn je. Der Tag hat uns noch einmal richtig Schub gegeben&#8220;, teilte die Band vorab mit. Die Tour wird demnach die letzte gro\u00dfe Runde zum aktuellen Album &#8222;Wir kommen in Frieden&#8220;, mit dem die Band den Sprung auf Platz eins der Charts schaffte. Bei s\u00e4mtlichen Terminen ist den Angaben zufolge die Rostocker Punkband Dritte Wahl als Special Guest dabei.<\/p>\n<p>Sozialtickets zum erm\u00e4\u00dfigten Preis werden angeboten<\/p>\n<p class=\"text-18 leading-17 user-text-lg:text-22 user-text-xl:text-24\">Bei der Auswahl der Tourst\u00e4dte lag der Schwerpunkt vor allem auf Orten, die die Band auf ihrer bisherigen Tour zum aktuellen Album noch nicht besucht hatte \u2013 darunter Ulm, Cottbus, Bremen, Bielefeld, K\u00f6ln, W\u00fcrzburg, Mannheim sowie Z\u00fcrich. In Bremen war Feine Sahne Fischfilet zwar am 14. August erst \u2013 jedoch nicht als Hauptact, sondern als Support von Die Toten Hosen. Das Konzert in der Hansestadt findet am 27. Februar 2027 im Pier 2 statt.<\/p>\n<ul class=\"text-18 leading-17 block pl-24 *:pb-16 *:before:inline-block *:before:size-8 *:before:bg-magenta *:before:mt-0 *:before:mr-12 *:before:mb-2 *:before:-ml-[20px]\">\n<li><strong class=\"font-bold\">&#8222;Die immer lacht&#8220;-Star meldet sich zur\u00fcck:<\/strong> <a href=\"https:\/\/bremen.t-online.de\/region\/bremen\/id_101404066\/-die-immer-lacht-star-kerstin-ott-geht-2028-auf-tour-konzert-in-bremen.html\" class=\"transition-colors cursor-pointer no-underline md:hover:text-magenta md:focus:text-magenta border-b border-solid border-current text-salemsfur md:hover:border-magenta\" data-tracking=\"{&quot;action&quot;:&quot;click&quot;,&quot;category&quot;:&quot;intextLink&quot;,&quot;label&quot;:&quot;\/region\/bremen\/id_101404066\/-die-immer-lacht-star-kerstin-ott-geht-2028-auf-tour-konzert-in-bremen.html&quot;}\" data-sctrack=\"BodyAnchor\" rel=\"nofollow noopener\" target=\"_blank\">Show in Bremen geplant<\/a><\/li>\n<\/ul>\n<p class=\"text-18 leading-17 user-text-lg:text-22 user-text-xl:text-24\">Erstmals bietet die Band f\u00fcr die Tour ein begrenztes Kontingent an Sozialtickets zum erm\u00e4\u00dfigten Preis an. &#8222;Damit sollen auch Menschen die Konzerte besuchen k\u00f6nnen, die sich ein Ticket zum regul\u00e4ren Preis nicht leisten k\u00f6nnen&#8220;, hei\u00dft es in einer Mitteilung. Der Ticket-Vorverkauf f\u00fcr die Tour soll am Freitag starten.<\/p>\n","protected":false},"excerpt":{"rendered":"Konzert im Februar Feine Sahne Fischfilet kommt zur\u00fcck nach Bremen 27.08.2026 &#8211; 19:41 UhrLesedauer: 2 Min. Feine Sahne&hellip;\n","protected":false},"author":2,"featured_media":1264499,"comment_status":"","ping_status":"","sticky":false,"template":"","format":"standard","meta":{"footnotes":"","_share_on_mastodon":"0"},"categories":[1824],"tags":[2420,3364,29,5868,2155,30,583,293,261271],"class_list":["post-1264498","post","type-post","status-publish","format-standard","has-post-thumbnail","category-bremen","tag-bremen","tag-de","tag-deutschland","tag-die-toten-hosen","tag-feine-sahne-fischfilet","tag-germany","tag-rostock","tag-schweiz","tag-supportete"],"share_on_mastodon":{"url":"https:\/\/pubeurope.com\/@de\/117168985830635254","error":""},"_links":{"self":[{"href":"https:\/\/www.europesays.com\/de\/wp-json\/wp\/v2\/posts\/1264498","targetHints":{"allow":["GET"]}}],"collection":[{"href":"https:\/\/www.europesays.com\/de\/wp-json\/wp\/v2\/posts"}],"about":[{"href":"https:\/\/www.europesays.com\/de\/wp-json\/wp\/v2\/types\/post"}],"author":[{"embeddable":true,"href":"https:\/\/www.europesays.com\/de\/wp-json\/wp\/v2\/users\/2"}],"replies":[{"embeddable":true,"href":"https:\/\/www.europesays.com\/de\/wp-json\/wp\/v2\/comments?post=1264498"}],"version-history":[{"count":0,"href":"https:\/\/www.europesays.com\/de\/wp-json\/wp\/v2\/posts\/1264498\/revisions"}],"wp:featuredmedia":[{"embeddable":true,"href":"https:\/\/www.europesays.com\/de\/wp-json\/wp\/v2\/media\/1264499"}],"wp:attachment":[{"href":"https:\/\/www.europesays.com\/de\/wp-json\/wp\/v2\/media?parent=1264498"}],"wp:term":[{"taxonomy":"category","embeddable":true,"href":"https:\/\/www.europesays.com\/de\/wp-json\/wp\/v2\/categories?post=1264498"},{"taxonomy":"post_tag","embeddable":true,"href":"https:\/\/www.europesays.com\/de\/wp-json\/wp\/v2\/tags?post=1264498"}],"curies":[{"name":"wp","href":"https:\/\/api.w.org\/{rel}","templated":true}]}}